{"id":66936,"date":"2024-11-26T04:26:38","date_gmt":"2024-11-26T03:26:38","guid":{"rendered":"https:\/\/www.infokuryr.cz\/n\/?p=66936"},"modified":"2024-11-26T04:26:38","modified_gmt":"2024-11-26T03:26:38","slug":"ondrej-prokop-fialova-inflace-obrala-cechy-o-33-ted-slibuje-nemecke-platy-ods-se-propada","status":"publish","type":"post","link":"https:\/\/www.infokuryr.cz\/n\/2024\/11\/26\/ondrej-prokop-fialova-inflace-obrala-cechy-o-33-ted-slibuje-nemecke-platy-ods-se-propada\/","title":{"rendered":"Ond\u0159ej Prokop: Fialova inflace obrala \u010cechy o 33 %. Te\u010f slibuje n\u011bmeck\u00e9 platy. ODS se propad\u00e1"},"content":{"rendered":"<div id=\"fb-root\"><\/div>\n<p>\u010ce\u0161i zchudli o 33 % d\u00edky Fialov\u011b rekordn\u00ed inflaci a ten m\u00edsto rezignace slibuje platy na \u00farovni N\u011bmecka. Faktem z\u016fst\u00e1v\u00e1, \u017ee pokud jste m\u011bli p\u0159ed Fialou \u00faspory ve v\u00fd\u0161i 100 tis\u00edc K\u010d, po jeho neschopn\u00e9 vl\u00e1d\u011b se v\u00e1m vypa\u0159ily a z\u016fstalo v\u00e1m pouze 67 tis\u00edc (v kupn\u00ed s\u00edle). Politik\u016fm to vadit nemus\u00ed. Ti si nechaj\u00ed slu\u0161n\u011b p\u0159idat na v\u00fdplat\u00e1ch.<\/p>\n<p>\ud83d\udc49 ODS se naprosto propad\u00e1. V\u016fbec poprv\u00e9 ji v pr\u016fzkumech p\u0159edehnali i Starostov\u00e9. A\u010dkoliv ODS z\u00edsk\u00e1v\u00e1 v pr\u016fzkumech kolem 10 %, s\u00e1m Fiala si v\u011b\u0159\u00ed ve volb\u00e1ch na 30 %. Pouze to potvrzuje, jak moc je mimo realitu.<\/p>\n<p>\ud83d\udc49 Barto\u0161ova digitalizace skon\u010dila fiaskem a nav\u00edc za n\u00ed te\u010f vy v\u0161ichni je\u0161t\u011b zaplat\u00edte pokutu milion K\u010d. Pro\u010d? Proto\u017ee Pir\u00e1ti zase machinovali s v\u00fdb\u011brov\u00fdm \u0159\u00edzen\u00edm, kter\u00e9 neprob\u011bhlo podle z\u00e1kona. M\u016f\u017eeme se jen domn\u00edvat, co se za t\u00edm zase skr\u00fdv\u00e1.<\/p>\n<p>\ud83d\udc49 P\u011btikoalice slibovala investice do \u0161kolstv\u00ed. Z pl\u00e1nov\u00fdch des\u00edtek miliard K\u010d ale zbyly jen drobn\u00e9 a \u017e\u00e1dn\u00e9 \u0161koly se tak stav\u011bt nebudou. D\u011bti se nedost\u00e1vaj\u00ed na st\u0159edn\u00ed \u0161koly, proto\u017ee chyb\u00ed kapacity, ale hlavn\u011b, \u017ee vl\u00e1da investuje miliardy do zbran\u00ed.<\/p>\n<p>\ud83d\udc49 \u010cesko nakoup\u00ed tanky za \u010dty\u0159i miliardy. Starat se o obranu st\u00e1tu je samoz\u0159ejm\u011b v po\u0159\u00e1dku, ale ne, pokud se zapom\u00edn\u00e1 na v\u0161e ostatn\u00ed. Policist\u00e9 po\u0159\u00e1dali demonstraci proti Raku\u0161anovi, proto\u017ee ze sv\u00fdch plat\u016f i kv\u016fli inflaci nedok\u00e1\u017e\u00ed \u0159\u00e1dn\u011b u\u017eivit rodiny.<\/p>\n<p>\ud83d\udc49 Ministryn\u011b \u010cernochov\u00e1 (ODS) vyvolala poprask, kdy\u017e na soci\u00e1ln\u00ed s\u00edti Twitter rozd\u00e1vala ur\u00e1\u017eky a v\u0161echny lidi, kte\u0159\u00ed maj\u00ed jin\u00fd n\u00e1zor, ozna\u010dila za &#8222;blbe\u010dky&#8220;. Tohle je, d\u00e1my a p\u00e1nov\u00e9, ta hodnotov\u00e1 politika.<\/p>\n<p>\ud83d\udc49 Policie obvinila mana\u017eery Dopravn\u00edho podniku kv\u016fli \u00faplatk\u016fm a ti odejdou s MILIONOV\u00ddM odstupn\u00fdm! Absurdn\u00ed ale bohu\u017eel pravda. DPP vyplat\u00ed obvin\u011bn\u00fdm kr\u00e1lovsk\u00e9 odstupn\u00e9 jen d\u00edky tomu, \u017ee Zden\u011bk H\u0159ib neud\u011blal, co mu bylo ulo\u017eeno za \u00fakol, a nezm\u011bnil jim smlouvy pot\u00e9, co propukla kauza Dozimetr a n\u011bco podobn\u00e9ho u\u017e se kdysi stalo s Matej\u011bm August\u00ednem.<\/p>\n<p>\ud83d\udc49 V\u00fdb\u011br nov\u00e9ho \u0159editele DPP prov\u00e1z\u00ed dal\u0161\u00ed skand\u00e1l. Zden\u011bk H\u0159ib si kompletn\u011b zprivatizoval v\u00fdb\u011brov\u00e9 \u0159\u00edzen\u00ed, nepustil k n\u011bmu ani opozici a sv\u00e9voln\u011b si vyb\u00edr\u00e1, koho chce, s dv\u011bma dal\u0161\u00edmi poslu\u0161n\u00fdmi koali\u010dn\u00edmi partnery. To je ta &#8222;pir\u00e1tsk\u00e1 transparentnost&#8220;.<\/p>\n<p>\ud83d\udc49 Doprava v Praze pod p\u011btikoalic\u00ed kolabuje, p\u0159izn\u00e1vaj\u00ed u\u017e i provl\u00e1dn\u00ed m\u00e9dia. Z rann\u00edch kolon se staly kolony celodenn\u00ed a je to jen proto, \u017ee nikdo nekoordinuje obrovsk\u00e9 mno\u017estv\u00ed uz\u00e1v\u011brek a stavebn\u00edch prac\u00ed. Ka\u017ed\u00e9 zastupitelstvo s kolegy po\u017eadujeme z\u0159\u00edzen\u00ed speci\u00e1ln\u00edho koordin\u00e1tora, ale p\u011btikoalice n\u00e1m to odm\u00edt\u00e1 p\u0159ipustit by\u0165 jen k diskusi.<\/p>\n<p>To v\u0161e a mnohem v\u00edc se dozv\u00edte v 111. d\u00edlu m\u00e9ho politick\u00e9ho podcastu. D\u011bkuji v\u00e1m p\u0159edem za zhl\u00e9dnut\u00ed a pros\u00edm o dal\u0161\u00ed sd\u00edlen\u00ed, a\u0165 se pravdu dozv\u00ed co nejv\u00edc lid\u00ed! T\u011b\u0161\u00edm se na dotazy i koment\u00e1\u0159e!<\/p>\n<p><iframe loading=\"lazy\" title=\"Fialova inflace obrala \u010cechy o 33 %. Te\u010f slibuje n\u011bmeck\u00e9 platy. ODS se propad\u00e1. | \u010cau Praho #111\" width=\"640\" height=\"360\" src=\"https:\/\/www.youtube.com\/embed\/KXLsWwz8qw8?feature=oembed\" frameborder=\"0\" allow=\"accelerometer; autoplay; clipboard-write; encrypted-media; gyroscope; picture-in-picture; web-share\" referrerpolicy=\"strict-origin-when-cross-origin\" allowfullscreen><\/iframe><\/p>\n<p><span style=\"font-size: 14pt;\"><strong>Ing. Ond\u0159ej Prokop, p\u0159edseda hnut\u00ed ANO v Praze<\/strong><\/span><\/p>\n<p>&nbsp;<\/p>\n","protected":false},"excerpt":{"rendered":"<p>\u010ce\u0161i zchudli o 33 % d\u00edky Fialov\u011b rekordn\u00ed inflaci a ten m\u00edsto rezignace slibuje platy&#8230;<\/p>\n","protected":false},"author":2,"featured_media":66477,"comment_status":"closed","ping_status":"closed","sticky":false,"template":"","format":"standard","meta":[],"categories":[6],"tags":[670,1503,371,535,122,889],"_links":{"self":[{"href":"https:\/\/www.infokuryr.cz\/n\/wp-json\/wp\/v2\/posts\/66936"}],"collection":[{"href":"https:\/\/www.infokuryr.cz\/n\/wp-json\/wp\/v2\/posts"}],"about":[{"href":"https:\/\/www.infokuryr.cz\/n\/wp-json\/wp\/v2\/types\/post"}],"author":[{"embeddable":true,"href":"https:\/\/www.infokuryr.cz\/n\/wp-json\/wp\/v2\/users\/2"}],"replies":[{"embeddable":true,"href":"https:\/\/www.infokuryr.cz\/n\/wp-json\/wp\/v2\/comments?post=66936"}],"version-history":[{"count":0,"href":"https:\/\/www.infokuryr.cz\/n\/wp-json\/wp\/v2\/posts\/66936\/revisions"}],"wp:featuredmedia":[{"embeddable":true,"href":"https:\/\/www.infokuryr.cz\/n\/wp-json\/wp\/v2\/media\/66477"}],"wp:attachment":[{"href":"https:\/\/www.infokuryr.cz\/n\/wp-json\/wp\/v2\/media?parent=66936"}],"wp:term":[{"taxonomy":"category","embeddable":true,"href":"https:\/\/www.infokuryr.cz\/n\/wp-json\/wp\/v2\/categories?post=66936"},{"taxonomy":"post_tag","embeddable":true,"href":"https:\/\/www.infokuryr.cz\/n\/wp-json\/wp\/v2\/tags?post=66936"}],"curies":[{"name":"wp","href":"https:\/\/api.w.org\/{rel}","templated":true}]}}