{"id":66930,"date":"2024-11-26T00:46:30","date_gmt":"2024-11-25T23:46:30","guid":{"rendered":"https:\/\/www.infokuryr.cz\/n\/?p=66930"},"modified":"2024-11-25T17:08:26","modified_gmt":"2024-11-25T16:08:26","slug":"jiri-vyvadil-blizi-se-faze-strategickeho-stretu-mezi-trumpem-a-putinem","status":"publish","type":"post","link":"https:\/\/www.infokuryr.cz\/n\/2024\/11\/26\/jiri-vyvadil-blizi-se-faze-strategickeho-stretu-mezi-trumpem-a-putinem\/","title":{"rendered":"Ji\u0159\u00ed Vyvadil: Bl\u00ed\u017e\u00ed se f\u00e1ze strategick\u00e9ho st\u0159etu mezi Trumpem a Putinem?"},"content":{"rendered":"<div id=\"fb-root\"><\/div>\n<p><strong>Ot\u00e1zka v\u00e1lky s Ruskem je snad nejzjit\u0159en\u011bj\u0161\u00edm st\u0159etem n\u00e1zor\u016f mezi lidmi sleduj\u00edc\u00edmi zahrani\u010dn\u00ed politiku. V\u00e1lka se te\u010f vede nejen z Kremlu, ale logicky i z Washingtonu.<\/strong><\/p>\n<p>Situaci vyost\u0159il na nejvy\u0161\u0161\u00ed m\u00edru Joe Biden, kter\u00fd vystoupil ze z\u00e1hrob\u00ed sv\u00fdm souhlasem k\u00a0odst\u0159elov\u00e1n\u00ed rusk\u00e9ho \u00fazem\u00ed raketami dalek\u00e9ho doletu. To p\u0159irozen\u011b nemohlo z\u016fstat bez odezvy a Rusko p\u0159ekvapilo pou\u017eit\u00edm dosud nepou\u017eit\u00e9 balistick\u00e9 st\u0159ely na m\u011bsto Dn\u011bpr.<\/p>\n<p>To je jedna str\u00e1nka.<\/p>\n<p>Ale jak to vlastn\u011b nyn\u00ed vypad\u00e1 v\u00a0okol\u00ed Trumpa?<\/p>\n<p>A nekonalo se nakonec\u00a0 provokativn\u00ed chov\u00e1n\u00ed Bidena se souhlasem Donalda Trumpa?<\/p>\n<p>V\u00a0\u0159ad\u00e1ch americk\u00fdch republik\u00e1n\u016f je mnoho jest\u0159\u00e1b\u016f. A pr\u00e1v\u011b toto protirusk\u00e9 k\u0159\u00eddlo se nevzd\u00e1v\u00e1.<\/p>\n<p>Mn\u011b dosud nezn\u00e1m\u00fd Trump\u016fv sen\u00e1tor Mike Rounds burcoval v\u010dera na jak\u00e9msi bezpe\u010dnostn\u00edm\u00a0 f\u00f3ru: V\u011b\u0159\u00edte, \u017ee kdy\u017e tomuto tyranovi odevzd\u00e1te kus svobodn\u00e9 zem\u011b, tak toho nech\u00e1?\u201c\u00a0 V t\u00e9to souvislosti se nab\u00edz\u00ed ot\u00e1zka, jak dlouho by vydr\u017eela ukrajinsk\u00e1 neutralita, kterou Rusko po\u017eaduje?<\/p>\n<p>Je\u0161t\u011b z\u00e1va\u017en\u011bji sv\u00fdm vyzn\u011bn\u00edm a kontextem p\u016fsob\u00ed prohl\u00e1\u0161en\u00ed p\u0159edpokl\u00e1dan\u00e9ho budouc\u00edho poradce pro n\u00e1rodn\u00ed bezpe\u010dnost Mika Waltze pro Fox news.<\/p>\n<p>Ten sd\u011blil, \u017ee se v\u00a0ned\u011bli setkal s poradcem prezidenta Joe Bidena pro n\u00e1rodn\u00ed bezpe\u010dnost Jakem Sullivanem \u2013 a \u017ee ob\u011b administrativy spolupracuj\u00ed na ot\u00e1zk\u00e1ch n\u00e1rodn\u00ed bezpe\u010dnosti b\u011bhem p\u0159echodu.<\/p>\n<p>A jedn\u00e1me v\u00a0souladu. &#8222;Pro na\u0161e protivn\u00edky tam venku, kte\u0159\u00ed si mysl\u00ed, \u017ee je to \u010das p\u0159\u00edle\u017eitost\u00ed, \u017ee mohou hr\u00e1t jednu administrativu nad druhou &#8211; se m\u00fdl\u00ed.&#8220; Dodal: \u201eJdeme ruku v ruce. V tomto p\u0159echodu jsme se Spojen\u00fdmi st\u00e1ty jeden t\u00fdm.&#8220;<\/p>\n<p>Waltz se tak\u00e9 v\u011bnoval n\u011bkter\u00fdm ned\u00e1vn\u00fdm zpr\u00e1v\u00e1m o n\u00e1rodn\u00ed bezpe\u010dnosti, v\u010detn\u011b eskalace v\u00e1lky na Ukrajin\u011b. Rozhodnut\u00ed Bidenovy administrativy povolit Ukrajin\u011b pou\u017e\u00edvat protip\u011bchotn\u00ed miny p\u0159irovnal k \u201ez\u00e1kopov\u00e9 v\u00e1lce prvn\u00ed sv\u011btov\u00e9 v\u00e1lky\u201c.<\/p>\n<p>Konstatoval rovn\u011b\u017e, co\u017e vyzn\u00edv\u00e1 velmi p\u0159\u00edzna\u010dn\u011b:<\/p>\n<p>&#8222;Zvolen\u00fd prezident byl velmi znepokojen eskalac\u00ed a t\u00edm, kam to v\u0161echno sm\u011b\u0159uje,&#8220; \u0159ekl Waltz, kdy\u017e byl dot\u00e1z\u00e1n na Trumpovu reakci na ned\u00e1vn\u00fd v\u00fdvoj. \u201ePokud Severn\u00ed Korea ud\u011blala tento krok, ud\u011blali jsme krok i my. Rusko nyn\u00ed odpov\u011bd\u011blo. \u00cdr\u00e1n je zapojen. Ji\u017en\u00ed Korea uva\u017euje o zapojen\u00ed. Na\u0161i spojenci nyn\u00ed tak\u00e9 roz\u0161\u00ed\u0159ili dost\u0159el sv\u00fdch raket.<\/p>\n<p>Dodal: \u201eMus\u00edme to dov\u00e9st do zodpov\u011bdn\u00e9ho konce. Mus\u00edme obnovit odstra\u0161en\u00ed a m\u00edr a p\u0159edch\u00e1zet t\u00e9to eskalaci pozd\u011bji, ne\u017e na ni reagovat.&#8220;<\/p>\n<p>Zjevn\u011b tak pokryl posledn\u00ed aktivity Bidenovy administrativy, tedy i t\u00e9, kterou m\u00edrumilovn\u00e1 \u010d\u00e1st kritizuje, v\u010detn\u011b podporovatel\u016f Donalda Trumpa, Elena Muska i syna Donalda Trumpa jr., kter\u00fd zjevn\u011b nastoupil na d\u0159\u00edv\u011bj\u0161\u00ed m\u00edsto hlavn\u00ed r\u00e1dkyn\u011b dcery Ivanky.<\/p>\n<p>Je dobr\u00e9 si proto uv\u011bdomit, \u017ee n\u011bjak\u00fd sm\u00edr v\u00a0ot\u00e1zce ukrajinsk\u00e9 krize rozhodn\u011b nemus\u00ed p\u0159\u00edj\u00edt \u00a0brzo.<\/p>\n<p>I v\u00a0tomto kontextu se st\u00e1v\u00e1 pochopiteln\u011bj\u0161\u00edm, pro\u010d Vladim\u00edr Putin na rozd\u00edl od Zelensk\u00e9ho, \u017eebraj\u00edc\u00ed o p\u0159\u00edze\u0148 budouc\u00edho p\u00e1nu B\u00edl\u00e9ho domu, je krajn\u011b zdr\u017eenliv\u00fd ke kontaktu s\u00a0Trumpem a pro\u010d nap\u0159\u00edklad odm\u00edtl informaci o telefon\u00e1tu ze strany Trumpa, kter\u00fdm m\u011bl b\u00fdt vyzv\u00e1n k\u00a0okam\u017eit\u00e9mu ukon\u010den\u00ed boj\u016f na Ukrajin\u011b.<\/p>\n<p>Trump i Putin toti\u017e vedou tichou v\u00e1lku o zp\u016fsob ukon\u010den\u00ed tohoto nejv\u011bt\u0161\u00edho geopolitick\u00e9ho konfliktu od roku 1990.<\/p>\n<p>Zat\u00edmco vychlouba\u010dn\u00e9mu \u00a0Trumpovi jde o to presti\u017en\u011b uk\u00e1zat, \u017ee v\u00e1lku ukon\u010d\u00ed v\u00a0co nejbli\u017e\u0161\u00ed dob\u011b, ale zaj\u00edm\u00e1 jej p\u0159irozen\u011b jen pozice image jeho nastupuj\u00edc\u00ed administrativy, Putinovi jde strategicky o mnoho v\u00edc.<\/p>\n<p>Putin zjevn\u011b nep\u0159ipust\u00ed, aby ukon\u010den\u00ed tohoto konfliktu \u00a0bylo na \u00fakor bezpe\u010dnostn\u00edch z\u00e1jm\u016f Ruska, proto\u017ee Ukrajina se stala dlouhodob\u00fdm zdrojem destabilizace Ruska u\u017e od euromajdanu, co\u017e mimochodem velice spr\u00e1vn\u011b ve sv\u00fdch pam\u011btech zd\u016fraznila i Merkelov\u00e1, a proto spr\u00e1vn\u011b s\u00a0jej\u00edm \u010dlenstv\u00edm v\u00a0NATO nesouhlasila.<\/p>\n<p>Merkelov\u00e1 tam nen\u00ed.<\/p>\n<p>A Rusko, \u010dili Putin mus\u00ed ten probl\u00e9m vy\u0159e\u0161it samo a nebo\u00a0 pomysln\u011b zahyne.<\/p>\n<p>Tak\u017ee d\u00fdchejme z\u00a0hluboka, ale nenechme, se un\u00e9st sice kr\u00e1sn\u00fdmi, ale p\u0159ece jenom zat\u00edm vzd\u00e1len\u00fdmi sny o okam\u017eit\u00e9m m\u00edru. Putin se rozhodn\u011b nebude Trumpovi vrhat lacin\u011b do n\u00e1ru\u010de, proto\u017ee tady jde o znovuvybudov\u00e1n\u00ed geopolitick\u00e9 rovnov\u00e1hy sv\u011bta, kter\u00e1 je nezbytn\u00e1 pro m\u00edr v\u00a0Evrop\u011b a kter\u00e1 byla hegemonistickou politikou USA i \u00a0Z\u00e1padu rozru\u0161ena\u2026<\/p>\n<p><a href=\"https:\/\/vasevec.info\/komentare\/blizi-se-faze-strategickeho-stretu-mezi-trumpem-putinem\">Ji\u0159\u00ed Vyvadil<\/a><\/p>\n<p><img decoding=\"async\" loading=\"lazy\" class=\"alignnone size-medium wp-image-16474\" src=\"http:\/\/www.infokuryr.cz\/n\/wp-content\/uploads\/2022\/10\/jiri-vyvadil-300x200.jpg\" alt=\"\" width=\"300\" height=\"200\" srcset=\"https:\/\/www.infokuryr.cz\/n\/wp-content\/uploads\/2022\/10\/jiri-vyvadil-300x200.jpg 300w, https:\/\/www.infokuryr.cz\/n\/wp-content\/uploads\/2022\/10\/jiri-vyvadil-768x512.jpg 768w, https:\/\/www.infokuryr.cz\/n\/wp-content\/uploads\/2022\/10\/jiri-vyvadil.jpg 800w\" sizes=\"(max-width: 300px) 100vw, 300px\" \/><\/p>\n<p>&nbsp;<\/p>\n","protected":false},"excerpt":{"rendered":"<p>Ot\u00e1zka v\u00e1lky s Ruskem je snad nejzjit\u0159en\u011bj\u0161\u00edm st\u0159etem n\u00e1zor\u016f mezi lidmi sleduj\u00edc\u00edmi zahrani\u010dn\u00ed politiku. V\u00e1lka&#8230;<\/p>\n","protected":false},"author":2,"featured_media":65794,"comment_status":"closed","ping_status":"closed","sticky":false,"template":"","format":"standard","meta":[],"categories":[6],"tags":[1503,102,452],"_links":{"self":[{"href":"https:\/\/www.infokuryr.cz\/n\/wp-json\/wp\/v2\/posts\/66930"}],"collection":[{"href":"https:\/\/www.infokuryr.cz\/n\/wp-json\/wp\/v2\/posts"}],"about":[{"href":"https:\/\/www.infokuryr.cz\/n\/wp-json\/wp\/v2\/types\/post"}],"author":[{"embeddable":true,"href":"https:\/\/www.infokuryr.cz\/n\/wp-json\/wp\/v2\/users\/2"}],"replies":[{"embeddable":true,"href":"https:\/\/www.infokuryr.cz\/n\/wp-json\/wp\/v2\/comments?post=66930"}],"version-history":[{"count":0,"href":"https:\/\/www.infokuryr.cz\/n\/wp-json\/wp\/v2\/posts\/66930\/revisions"}],"wp:featuredmedia":[{"embeddable":true,"href":"https:\/\/www.infokuryr.cz\/n\/wp-json\/wp\/v2\/media\/65794"}],"wp:attachment":[{"href":"https:\/\/www.infokuryr.cz\/n\/wp-json\/wp\/v2\/media?parent=66930"}],"wp:term":[{"taxonomy":"category","embeddable":true,"href":"https:\/\/www.infokuryr.cz\/n\/wp-json\/wp\/v2\/categories?post=66930"},{"taxonomy":"post_tag","embeddable":true,"href":"https:\/\/www.infokuryr.cz\/n\/wp-json\/wp\/v2\/tags?post=66930"}],"curies":[{"name":"wp","href":"https:\/\/api.w.org\/{rel}","templated":true}]}}