{"id":66927,"date":"2024-11-26T00:39:23","date_gmt":"2024-11-25T23:39:23","guid":{"rendered":"https:\/\/www.infokuryr.cz\/n\/?p=66927"},"modified":"2024-11-25T17:00:36","modified_gmt":"2024-11-25T16:00:36","slug":"dusevni-stav-fialy-asocialni-porucha-osobnosti-hovori-psychiatr-ivan-david","status":"publish","type":"post","link":"https:\/\/www.infokuryr.cz\/n\/2024\/11\/26\/dusevni-stav-fialy-asocialni-porucha-osobnosti-hovori-psychiatr-ivan-david\/","title":{"rendered":"Du\u0161evn\u00ed stav Fialy: Asoci\u00e1ln\u00ed porucha osobnosti. Hovo\u0159\u00ed psychiatr Ivan David"},"content":{"rendered":"<div id=\"fb-root\"><\/div>\n<p><strong>Koment\u00e1\u0159 europoslance Ivana Davida, psychiatra a\u00a0n\u011bkdej\u0161\u00edho \u0159editele l\u00e9\u010debny v\u00a0Bohnic\u00edch, k\u00a0psychick\u00e9mu stavu premi\u00e9ra Petra Fialy. T\u00e9ma se otev\u0159elo po\u00a0v\u00fdroc\u00edch ministersk\u00e9ho p\u0159edsedy ohledn\u011b plat\u016f jako v\u00a0N\u011bmecku a\u00a0k\u00a0rusk\u00e9mu plynu, kter\u00e9 mnoh\u00fdm p\u0159ipadaly na hran\u011b podiv\u00ednstv\u00ed. Europoslanec hovo\u0159\u00ed o\u00a0asoci\u00e1ln\u00ed poru\u0161e osobnosti.<\/strong><\/p>\n<p>\u201eAsi nen\u00ed n\u00e1hodou, \u017ee jsem st\u00e1le \u010dast\u011bji dotazov\u00e1n, co soud\u00edm o du\u0161evn\u00edm stavu pana premi\u00e9ra Fialy. Jeho projevy jsou st\u00e1le bizarn\u011bj\u0161\u00ed. B\u00fdt na vrcholu obklopen pokrytci a p\u0159itak\u00e1va\u010di, nohsledy a patol\u00edzaly, to nen\u00ed zdrav\u00e9 prost\u0159ed\u00ed. A Petr Fiala selh\u00e1v\u00e1, nebo\u0165 funkce sama nesta\u010d\u00ed dodat mu v\u00e1\u017enosti. Naopak p\u016fsob\u00ed jako tajtrl\u00edk, je ter\u010dem posm\u011b\u0161k\u016f. Ztr\u00e1c\u00ed autoritu.<\/p>\n<p>Copak je nap\u0159\u00edklad mo\u017en\u00e9 se chlubit ztr\u00e1tou z\u00e1vislosti na Rusku p\u0159i\u00a0dosa\u017een\u00ed absolutn\u00ed z\u00e1vislosti na dodavatel\u00edch n\u00e1sobn\u011b zdra\u017een\u00fdch surovin z\u00a0Ruska? Je v\u00e1\u017en\u011b mo\u017en\u00e9 omlouvat nedostate\u010dnou podporou nep\u0159ehl\u00e9dnuteln\u00e9 selh\u00e1n\u00ed vl\u00e1dy s\u00a0pohodln\u011b v\u011bt\u0161inovou koalic\u00ed? Takov\u00e9 \u0159e\u010di ho samoz\u0159ejm\u011b diskvalifikuj\u00ed i\u00a0jako politologa.<\/p>\n<p>Ztratil zbytky sebekriti\u010dnosti, ale nen\u00ed ani schopen kriticky zhodnotit re\u00e1lnou situaci. Zjevn\u011b neum\u00ed odhadnout, co si m\u016f\u017ee dovolit. \u010clov\u011bk ve vrcholn\u00e9 funkci si nem\u016f\u017ee dovolit v\u0161echno, pr\u00e1v\u011b naopak, mus\u00ed db\u00e1t, aby nevybo\u010dil a\u00a0naplnil o\u010dek\u00e1v\u00e1n\u00ed.<\/p>\n<p>Nen\u00ed v\u00a0tom mezi dne\u0161n\u00edmi vrcholov\u00fdmi p\u0159edstaviteli s\u00e1m. Sv\u011bd\u010d\u00ed o\u00a0nep\u0159im\u011b\u0159enosti zast\u00e1van\u00e9 funkce, \u017e\u00e1d\u00e1-li politik apan\u00e1\u017e pro man\u017eelku. Nen\u00ed p\u0159im\u011b\u0159en\u00e9 naz\u00fdvat ob\u010dany svin\u011bmi, atd.<\/p>\n<p>Sou\u010dasn\u011b to ukazuje, do jak\u00e9 krize dosp\u011bla spole\u010dnost, jestli\u017ee vol\u00ed takov\u00e9 lidi, a\u00a0po\u00a0jejich zjevn\u00e9m selh\u00e1n\u00ed je st\u00e1le toleruje, jak je z\u0159ejm\u00e9 z\u00a0v\u00fdkonu nep\u0159im\u011b\u0159en\u011b vysok\u00fdch preferenc\u00ed vl\u00e1dn\u00edch stran. Otev\u0159en\u011b a\u00a0zplna pracuj\u00ed ve prosp\u011bch ciz\u00ed moci a\u00a0\u201edoma\u201c jsou zemsk\u00fdmi \u0161k\u016fdci.<\/p>\n<p>Nen\u00ed divu, \u017ee Petru Fialovi mnoz\u00ed \u017eertem doporu\u010duj\u00ed n\u00e1v\u0161t\u011bvu psychiatra docenta Chocholou\u0161ka, postavy z\u00a0filmu \u201eJ\u00e1chyme, ho\u010f ho do stroje!\u201c<\/p>\n<p>Nejde ov\u0161em o\u00a0du\u0161evn\u00ed nemoc, jde o\u00a0selh\u00e1n\u00ed v\u00a0n\u00e1ro\u010dn\u00fdch podm\u00ednk\u00e1ch, za jejich\u017e zhor\u0161en\u00ed nese s\u00e1m plnou odpov\u011bdnost. Jde o\u00a0mor\u00e1ln\u00ed selh\u00e1n\u00ed, vadu charakteru, asoci\u00e1ln\u00ed poruchu osobnosti, by\u0165 i\u00a0m\u00e1lo podobnou typick\u00e9mu krimin\u00e1ln\u00edmu recidivistovi. Bez toho by nebylo mo\u017en\u00e9 opakovan\u011b bezosty\u0161n\u011b a\u00a0jasn\u011b lh\u00e1t. Prokazuje lhostejnost ke zhor\u0161uj\u00edc\u00edm se podm\u00ednk\u00e1m \u017eivota lid\u00ed v\u00a0zemi, v\u00a0n\u00ed\u017e zast\u00e1v\u00e1 pozici premi\u00e9ra.<\/p>\n<p>Snad se ho brzo zbav\u00edme.<\/p>\n<p><em>MUDr.\u00a0<strong>Ivan David<\/strong>, CSc.,\u00a0<a href=\"https:\/\/www.facebook.com\/MUDrIDavid\/\">Facebook<\/a><\/em><\/p>\n<p><img decoding=\"async\" loading=\"lazy\" class=\"alignnone size-medium wp-image-922\" src=\"http:\/\/www.infokuryr.cz\/n\/wp-content\/uploads\/2021\/04\/Ivan-David-1-222x300.jpg\" alt=\"\" width=\"222\" height=\"300\" srcset=\"https:\/\/www.infokuryr.cz\/n\/wp-content\/uploads\/2021\/04\/Ivan-David-1-222x300.jpg 222w, https:\/\/www.infokuryr.cz\/n\/wp-content\/uploads\/2021\/04\/Ivan-David-1.jpg 466w\" sizes=\"(max-width: 222px) 100vw, 222px\" \/><\/p>\n<p>&nbsp;<\/p>\n","protected":false},"excerpt":{"rendered":"<p>Koment\u00e1\u0159 europoslance Ivana Davida, psychiatra a\u00a0n\u011bkdej\u0161\u00edho \u0159editele l\u00e9\u010debny v\u00a0Bohnic\u00edch, k\u00a0psychick\u00e9mu stavu premi\u00e9ra Petra Fialy. T\u00e9ma&#8230;<\/p>\n","protected":false},"author":2,"featured_media":66928,"comment_status":"closed","ping_status":"closed","sticky":false,"template":"","format":"standard","meta":[],"categories":[6],"tags":[8255,535,3618,1461],"_links":{"self":[{"href":"https:\/\/www.infokuryr.cz\/n\/wp-json\/wp\/v2\/posts\/66927"}],"collection":[{"href":"https:\/\/www.infokuryr.cz\/n\/wp-json\/wp\/v2\/posts"}],"about":[{"href":"https:\/\/www.infokuryr.cz\/n\/wp-json\/wp\/v2\/types\/post"}],"author":[{"embeddable":true,"href":"https:\/\/www.infokuryr.cz\/n\/wp-json\/wp\/v2\/users\/2"}],"replies":[{"embeddable":true,"href":"https:\/\/www.infokuryr.cz\/n\/wp-json\/wp\/v2\/comments?post=66927"}],"version-history":[{"count":0,"href":"https:\/\/www.infokuryr.cz\/n\/wp-json\/wp\/v2\/posts\/66927\/revisions"}],"wp:featuredmedia":[{"embeddable":true,"href":"https:\/\/www.infokuryr.cz\/n\/wp-json\/wp\/v2\/media\/66928"}],"wp:attachment":[{"href":"https:\/\/www.infokuryr.cz\/n\/wp-json\/wp\/v2\/media?parent=66927"}],"wp:term":[{"taxonomy":"category","embeddable":true,"href":"https:\/\/www.infokuryr.cz\/n\/wp-json\/wp\/v2\/categories?post=66927"},{"taxonomy":"post_tag","embeddable":true,"href":"https:\/\/www.infokuryr.cz\/n\/wp-json\/wp\/v2\/tags?post=66927"}],"curies":[{"name":"wp","href":"https:\/\/api.w.org\/{rel}","templated":true}]}}