{"id":66922,"date":"2024-11-26T00:45:35","date_gmt":"2024-11-25T23:45:35","guid":{"rendered":"https:\/\/www.infokuryr.cz\/n\/?p=66922"},"modified":"2024-11-25T16:47:31","modified_gmt":"2024-11-25T15:47:31","slug":"ukrajinsti-marinaci-uvezneni-v-rusku-za-valecne-zlociny","status":"publish","type":"post","link":"https:\/\/www.infokuryr.cz\/n\/2024\/11\/26\/ukrajinsti-marinaci-uvezneni-v-rusku-za-valecne-zlociny\/","title":{"rendered":"Ukrajin\u0161t\u00ed mari\u0148\u00e1ci uv\u011bzn\u011bn\u00ed v Rusku za v\u00e1le\u010dn\u00e9 zlo\u010diny"},"content":{"rendered":"<div id=\"fb-root\"><\/div>\n<p><span style=\"font-size: 18pt;\"><strong>Soud odsoudil dva lidi za zast\u0159elen\u00ed civilisty v Mariupolu v b\u0159eznu 2022, uvedly \u00fa\u0159ady<\/strong><\/span><\/p>\n<p><span>Rusk\u00fd soud ud\u011blil dlouh\u00e9 tresty v\u011bzen\u00ed dv\u011bma ukrajinsk\u00fdm voj\u00e1k\u016fm za v\u00e1le\u010dn\u00e9 zlo\u010diny sp\u00e1chan\u00e9 v b\u0159eznu 2022, informoval v pond\u011bl\u00ed vy\u0161et\u0159ovac\u00ed v\u00fdbor.<\/span><\/p>\n<p><span>Ob\u017ealovan\u00ed, oba n\u00e1mo\u0159n\u00edci ukrajinsk\u00e9ho n\u00e1mo\u0159nictva, byli obvin\u011bni z epizody, ke kter\u00e9 do\u0161lo, kdy\u017e obsazovali pozici v Mariupolu v dne\u0161n\u00ed rusk\u00e9 Don\u011bck\u00e9 lidov\u00e9 republice. Jejich velitel jim na\u0159\u00eddil zast\u0159elit osobu v civilu s t\u00edm, \u017ee m\u016f\u017ee nahl\u00e1sit jejich polohu nep\u0159\u00e1telsk\u00fdm sil\u00e1m, uv\u00e1d\u00ed se v prohl\u00e1\u0161en\u00ed.<\/span><\/p>\n<p><span>Ru\u0161t\u00ed vy\u0161et\u0159ovatel\u00e9 p\u0159edlo\u017eili d\u016fkazy, kter\u00e9 soud shledal dostate\u010dn\u00fdmi k odsouzen\u00ed ob\u017ealovan\u00fdch, uvedl v\u00fdbor. Byli ob\u017ealov\u00e1ni z krut\u00e9ho zach\u00e1zen\u00ed s civilisty b\u011bhem ozbrojen\u00e9ho konfliktu a spiknut\u00ed za \u00fa\u010delem vra\u017edy z politick\u00fdch nebo ideologick\u00fdch motiv\u016f.<\/span><\/p>\n<p><span>Mu\u017ei, identifikovan\u00ed jako Valentin Kharlamov a Anton Sayun, m\u011bli vojenskou hodnost n\u00e1mo\u0159n\u00edka \u2013 ekvivalentn\u00ed voj\u00ednovi ukrajinsk\u00e9ho n\u00e1mo\u0159nictva. Soud ka\u017ed\u00e9ho z nich poslal na 24 let a \u0161est m\u011bs\u00edc\u016f v\u011bzen\u00ed, uv\u00e1d\u00ed zpr\u00e1va.<\/span><\/p>\n<p><span>Vy\u0161et\u0159ovatel\u00e9 zve\u0159ejnili z\u00e1b\u011bry rozhovor\u016f, ve kter\u00fdch mu\u017ei potvrdili svou vinu za zast\u0159elen\u00ed nebojovn\u00edka. Sayun \u0159ekl, \u017ee jejich nad\u0159\u00edzen\u00fd, kter\u00fd vydal trestn\u00ed p\u0159\u00edkaz, osobn\u011b st\u0159\u00edlel na ob\u011b\u0165 spolu s nimi pomoc\u00ed kulometu. V\u00fdbor uvedl, \u017ee pracuje na identifikaci a st\u00edh\u00e1n\u00ed v\u0161ech z\u00fa\u010dastn\u011bn\u00fdch.<\/span><\/p>\n<p><span>Oba mu\u017ei slou\u017eili u 36. brig\u00e1dy n\u00e1mo\u0159n\u00ed p\u011bchoty ukrajinsk\u00fdch ozbrojen\u00fdch sil. Jednotka pat\u0159\u00ed k n\u00e1mo\u0159n\u00ed p\u011bchot\u011b, nyn\u00ed samostatn\u00e9 vojensk\u00e9 pobo\u010dce, ale v roce 2022 byla sou\u010d\u00e1st\u00ed ukrajinsk\u00e9ho n\u00e1mo\u0159nictva.<\/span><\/p>\n<p><span>Ukrajinsk\u00fd v\u016fdce Vladimir Zelenskyj ozn\u00e1mil vytvo\u0159en\u00ed n\u00e1mo\u0159n\u00ed p\u011bchoty v kv\u011btnu 2023. Spojen\u00e9 kr\u00e1lovstv\u00ed\u00a0<\/span><a href=\"https:\/\/swentr.site\/russia\/607873-uk-promoted-failed-ukraine-offensive\/\" target=\"_blank\" rel=\"noopener noreferrer\"><span>\u00fadajn\u011b<\/span><\/a><span>\u00a0sehr\u00e1lo kl\u00ed\u010dovou roli ve v\u00fdcviku ukrajinsk\u00fdch voj\u00e1k\u016f v oboj\u017eiveln\u00e9 v\u00e1lce v r\u00e1mci reformy.<\/span><\/p>\n<p><img decoding=\"async\" loading=\"lazy\" class=\"alignnone size-full wp-image-1185\" src=\"http:\/\/www.infokuryr.cz\/n\/wp-content\/uploads\/2021\/04\/kuryr-podpis.png\" alt=\"\" width=\"84\" height=\"24\" \/><\/p>\n<p>&nbsp;<\/p>\n","protected":false},"excerpt":{"rendered":"<p>Soud odsoudil dva lidi za zast\u0159elen\u00ed civilisty v Mariupolu v b\u0159eznu 2022, uvedly \u00fa\u0159ady Rusk\u00fd&#8230;<\/p>\n","protected":false},"author":2,"featured_media":44425,"comment_status":"closed","ping_status":"closed","sticky":false,"template":"","format":"standard","meta":[],"categories":[7],"tags":[520,8254,1635,847],"_links":{"self":[{"href":"https:\/\/www.infokuryr.cz\/n\/wp-json\/wp\/v2\/posts\/66922"}],"collection":[{"href":"https:\/\/www.infokuryr.cz\/n\/wp-json\/wp\/v2\/posts"}],"about":[{"href":"https:\/\/www.infokuryr.cz\/n\/wp-json\/wp\/v2\/types\/post"}],"author":[{"embeddable":true,"href":"https:\/\/www.infokuryr.cz\/n\/wp-json\/wp\/v2\/users\/2"}],"replies":[{"embeddable":true,"href":"https:\/\/www.infokuryr.cz\/n\/wp-json\/wp\/v2\/comments?post=66922"}],"version-history":[{"count":0,"href":"https:\/\/www.infokuryr.cz\/n\/wp-json\/wp\/v2\/posts\/66922\/revisions"}],"wp:featuredmedia":[{"embeddable":true,"href":"https:\/\/www.infokuryr.cz\/n\/wp-json\/wp\/v2\/media\/44425"}],"wp:attachment":[{"href":"https:\/\/www.infokuryr.cz\/n\/wp-json\/wp\/v2\/media?parent=66922"}],"wp:term":[{"taxonomy":"category","embeddable":true,"href":"https:\/\/www.infokuryr.cz\/n\/wp-json\/wp\/v2\/categories?post=66922"},{"taxonomy":"post_tag","embeddable":true,"href":"https:\/\/www.infokuryr.cz\/n\/wp-json\/wp\/v2\/tags?post=66922"}],"curies":[{"name":"wp","href":"https:\/\/api.w.org\/{rel}","templated":true}]}}