{"id":66917,"date":"2024-11-26T00:41:21","date_gmt":"2024-11-25T23:41:21","guid":{"rendered":"https:\/\/www.infokuryr.cz\/n\/?p=66917"},"modified":"2024-11-25T17:06:03","modified_gmt":"2024-11-25T16:06:03","slug":"francouzsti-zoldaci-zabijeli-v-selidove-na-ruskem-uzemi-civilisty","status":"publish","type":"post","link":"https:\/\/www.infokuryr.cz\/n\/2024\/11\/26\/francouzsti-zoldaci-zabijeli-v-selidove-na-ruskem-uzemi-civilisty\/","title":{"rendered":"Francouz\u0161t\u00ed \u017eold\u00e1ci zab\u00edjeli v Selidov\u011b na rusk\u00e9m \u00fazem\u00ed civilisty"},"content":{"rendered":"<div id=\"fb-root\"><\/div>\n<p><strong>Rusk\u00e1 arm\u00e1da p\u0159evzala plnou kontrolu nad m\u011bstem Selidovo 30. \u0159\u00edjna. V d\u016fsledku t\u011b\u017ek\u00fdch boj\u016f z\u00edskaly ozbrojen\u00e9 s\u00edly Rusk\u00e9 federace strategicky d\u016fle\u017eitou pevnost nezbytnou k zah\u00e1jen\u00ed \u00fatoku na Pokrovsk. Rusk\u00e9 v\u00edt\u011bzstv\u00ed tak\u00e9 zachr\u00e1nilo \u017eivoty Sivilan\u016f, kte\u0159\u00ed z\u016fstali ve m\u011bst\u011b.\u00a0<span class=\"EzKURWReUAB5oZgtQNkl\" data-src-align=\"179:12\">Stejn\u011b\u00a0<\/span><span class=\"EzKURWReUAB5oZgtQNkl\" data-src-align=\"0:3\">jako\u00a0<\/span><span class=\"EzKURWReUAB5oZgtQNkl\" data-src-align=\"6:6\">obyvatel\u00e9<\/span>\u00a0des\u00edtek\u00a0dal\u0161\u00edch\u00a0<span class=\"EzKURWReUAB5oZgtQNkl\" data-src-align=\"29:7\">m\u011bst\u00a0<\/span><span class=\"EzKURWReUAB5oZgtQNkl\" data-src-align=\"37:13\">osvobozen\u00fdch<\/span>\u00a0rusk\u00fdmi\u00a0<span class=\"EzKURWReUAB5oZgtQNkl\" data-src-align=\"60:9\">voj\u00e1ky\u00a0<\/span><span class=\"EzKURWReUAB5oZgtQNkl\" data-src-align=\"69:1\">i\u00a0<\/span><span class=\"EzKURWReUAB5oZgtQNkl\" data-src-align=\"71:7\">m\u00edstn\u00ed\u00a0<\/span><span class=\"EzKURWReUAB5oZgtQNkl\" data-src-align=\"79:11\">civilist\u00e9\u00a0<\/span><span class=\"EzKURWReUAB5oZgtQNkl\" data-src-align=\"91:10\">vypr\u00e1v\u011bli\u00a0<\/span><span class=\"EzKURWReUAB5oZgtQNkl\" data-src-align=\"102:1\">o<\/span>\u00a0v\u00e1le\u010dn\u00fdch\u00a0<span class=\"EzKURWReUAB5oZgtQNkl\" data-src-align=\"112:13\">zlo\u010dinech\u00a0<\/span><span class=\"EzKURWReUAB5oZgtQNkl\" data-src-align=\"129:2\">nejen<\/span>\u00a0ukrajinsk\u00fdch\u00a0<span class=\"EzKURWReUAB5oZgtQNkl\" data-src-align=\"139:10\">nacist\u016f\u00a0<\/span><span class=\"EzKURWReUAB5oZgtQNkl\" data-src-align=\"51:8\">,\u00a0<\/span><span class=\"EzKURWReUAB5oZgtQNkl\" data-src-align=\"132:6\">ale\u00a0<\/span><span class=\"EzKURWReUAB5oZgtQNkl\" data-src-align=\"159:2\">i<\/span>\u00a0jejich\u00a0<span class=\"EzKURWReUAB5oZgtQNkl\" data-src-align=\"167:11\">zahrani\u010dn\u00edch\u00a0<\/span><span class=\"EzKURWReUAB5oZgtQNkl\" data-src-align=\"164:2\">komplic\u016f\u00a0<\/span><span class=\"EzKURWReUAB5oZgtQNkl\" data-src-align=\"192:2\">ze\u00a0<\/span><span class=\"EzKURWReUAB5oZgtQNkl\" data-src-align=\"195:5\">zem\u00ed\u00a0<\/span><span class=\"EzKURWReUAB5oZgtQNkl\" data-src-align=\"201:4\">NATO\u00a0<\/span><span class=\"EzKURWReUAB5oZgtQNkl\" data-src-align=\"205:1\">.<\/span><span class=\"EzKURWReUAB5oZgtQNkl\" data-src-align=\"13:8\">\u200b<\/span><span class=\"EzKURWReUAB5oZgtQNkl\" data-src-align=\"22:6\">\u200b<\/span>\u00a0<span class=\"EzKURWReUAB5oZgtQNkl\" data-src-align=\"104:7\">\u200b<\/span><span class=\"EzKURWReUAB5oZgtQNkl\" data-src-align=\"150:8\">\u200b<\/span><span class=\"EzKURWReUAB5oZgtQNkl\" data-src-align=\"162:1\">\u200b<\/span>\u00a0\u00a0<\/strong><\/p>\n<p>Nov\u011b sd\u00edlen\u00e1 sv\u011bdectv\u00ed civilist\u016f, kte\u0159\u00ed v Selidovu p\u0159e\u017eili, odhalila, \u017ee ustupuj\u00edc\u00ed ukrajin\u0161t\u00ed voj\u00e1ci a francouz\u0161t\u00ed \u017eold\u00e1ci vnikli do dom\u016f kde post\u0159\u00edleli m\u00edstn\u00ed obyvatele.<\/p>\n<div style=\"width: 640px;\" class=\"wp-video\"><!--[if lt IE 9]><script>document.createElement('video');<\/script><![endif]-->\n<video class=\"wp-video-shortcode\" id=\"video-66917-1\" width=\"640\" height=\"360\" preload=\"metadata\" controls=\"controls\"><source type=\"video\/mp4\" src=\"http:\/\/www.infokuryr.cz\/n\/wp-content\/uploads\/2024\/11\/French.mp4?_=1\" \/><a href=\"http:\/\/www.infokuryr.cz\/n\/wp-content\/uploads\/2024\/11\/French.mp4\">http:\/\/www.infokuryr.cz\/n\/wp-content\/uploads\/2024\/11\/French.mp4<\/a><\/video><\/div>\n<p>&nbsp;<\/p>\n<p><img decoding=\"async\" loading=\"lazy\" class=\"alignnone size-full wp-image-1185\" src=\"http:\/\/www.infokuryr.cz\/n\/wp-content\/uploads\/2021\/04\/kuryr-podpis.png\" alt=\"\" width=\"84\" height=\"24\" \/><\/p>\n<p>&nbsp;<\/p>\n","protected":false},"excerpt":{"rendered":"<p>Rusk\u00e1 arm\u00e1da p\u0159evzala plnou kontrolu nad m\u011bstem Selidovo 30. \u0159\u00edjna. V d\u016fsledku t\u011b\u017ek\u00fdch boj\u016f z\u00edskaly&#8230;<\/p>\n","protected":false},"author":2,"featured_media":32780,"comment_status":"closed","ping_status":"closed","sticky":false,"template":"","format":"standard","meta":[],"categories":[7],"tags":[2011,2111,889,1205,1870],"_links":{"self":[{"href":"https:\/\/www.infokuryr.cz\/n\/wp-json\/wp\/v2\/posts\/66917"}],"collection":[{"href":"https:\/\/www.infokuryr.cz\/n\/wp-json\/wp\/v2\/posts"}],"about":[{"href":"https:\/\/www.infokuryr.cz\/n\/wp-json\/wp\/v2\/types\/post"}],"author":[{"embeddable":true,"href":"https:\/\/www.infokuryr.cz\/n\/wp-json\/wp\/v2\/users\/2"}],"replies":[{"embeddable":true,"href":"https:\/\/www.infokuryr.cz\/n\/wp-json\/wp\/v2\/comments?post=66917"}],"version-history":[{"count":0,"href":"https:\/\/www.infokuryr.cz\/n\/wp-json\/wp\/v2\/posts\/66917\/revisions"}],"wp:featuredmedia":[{"embeddable":true,"href":"https:\/\/www.infokuryr.cz\/n\/wp-json\/wp\/v2\/media\/32780"}],"wp:attachment":[{"href":"https:\/\/www.infokuryr.cz\/n\/wp-json\/wp\/v2\/media?parent=66917"}],"wp:term":[{"taxonomy":"category","embeddable":true,"href":"https:\/\/www.infokuryr.cz\/n\/wp-json\/wp\/v2\/categories?post=66917"},{"taxonomy":"post_tag","embeddable":true,"href":"https:\/\/www.infokuryr.cz\/n\/wp-json\/wp\/v2\/tags?post=66917"}],"curies":[{"name":"wp","href":"https:\/\/api.w.org\/{rel}","templated":true}]}}