{"id":66910,"date":"2024-11-26T00:40:47","date_gmt":"2024-11-25T23:40:47","guid":{"rendered":"https:\/\/www.infokuryr.cz\/n\/?p=66910"},"modified":"2024-11-25T16:27:12","modified_gmt":"2024-11-25T15:27:12","slug":"ocekava-se-ze-bankroty-v-nemecku-v-roce-2024-prekroci-cislo-20-000","status":"publish","type":"post","link":"https:\/\/www.infokuryr.cz\/n\/2024\/11\/26\/ocekava-se-ze-bankroty-v-nemecku-v-roce-2024-prekroci-cislo-20-000\/","title":{"rendered":"O\u010dek\u00e1v\u00e1 se, \u017ee bankroty v N\u011bmecku v roce 2024 p\u0159ekro\u010d\u00ed \u010d\u00edslo 20 000"},"content":{"rendered":"<div id=\"fb-root\"><\/div>\n<h2 class=\"s-tagline fw-tagline\"><span>Bankroty v \u0159\u00edjnu oproti lo\u0148sk\u00e9mu roku posko\u010dily<\/span><\/h2>\n<p><span>V roce 2024 se o\u010dek\u00e1v\u00e1 meziro\u010dn\u00ed n\u00e1r\u016fst bankrot\u016f, p\u0159i\u010dem\u017e se o\u010dek\u00e1v\u00e1, \u017ee tento po\u010det do konce roku dos\u00e1hne 20 000. Podle \u00fadaj\u016f, kter\u00e9 ve \u010dtvrtek zve\u0159ejnil Spolkov\u00fd statistick\u00fd \u00fa\u0159ad, \u010d\u00edsla za \u0159\u00edjen ukazuj\u00ed, \u017ee podan\u00e9 bankroty vzrostly o 22,9 procenta ve srovn\u00e1n\u00ed se stejn\u00fdm m\u011bs\u00edcem lo\u0148sk\u00e9ho roku.<\/span><\/p>\n<p><span>\u201eSou\u010dasn\u00e1 vlna insolvenc\u00ed je v\u00fdsledkem dokonal\u00e9 bou\u0159e dlouhodob\u00e9 ekonomick\u00e9 slabosti a drasticky zv\u00fd\u0161en\u00fdch n\u00e1klad\u016f,\u201c uvedl ekonom Steffen M\u00fcller z Halle Institute for Economic Research (IWH).<\/span><\/p>\n<p><span>Tento v\u00fdvoj je \u201eznepokojiv\u00fd\u201c, uvedla N\u011bmeck\u00e1 pr\u016fmyslov\u00e1 a obchodn\u00ed komora (DIHK). \u201ePokles popt\u00e1vky z domova i ze zahrani\u010d\u00ed, vysok\u00e9 n\u00e1klady na energie a kvalifikovan\u00e9 pracovn\u00edky, zna\u010dn\u00e9 zat\u00ed\u017een\u00ed dan\u011bmi a byrokraci\u00ed. To v\u0161e vytv\u00e1\u0159\u00ed tlak na obchodn\u00ed vyhl\u00eddky a finan\u010dn\u00ed situaci,\u201c \u0159ekl expert DIHK na mal\u00e9 a st\u0159edn\u00ed podniky Marc Evers.<\/span><\/p>\n<p><span>Loni to bylo 17 814 bankrot\u016f. P\u0159i sou\u010dasn\u00e9m tempu bude v roce 2024 p\u0159ibli\u017en\u011b o p\u011btinu v\u00edce bankrot\u016f. Tato \u010d\u00edsla je ale pot\u0159eba d\u00e1t do souvislost\u00ed. Historicky bylo za posledn\u00ed t\u0159i desetilet\u00ed \u010dasto mnohem v\u00edce bankrot\u016f. Nap\u0159\u00edklad b\u011bhem finan\u010dn\u00ed krize v roce 2008 do\u0161lo k 33 000 bankrot\u016fm.<\/span><\/p>\n<p><span>D\u016fvodem k budouc\u00edm obav\u00e1m je vysok\u00fd po\u010det spole\u010dnost\u00ed, kter\u00e9 \u0159\u00edkaj\u00ed, \u017ee se \u201eakutn\u011b\u201c ob\u00e1vaj\u00ed o svou ekonomickou existenci, kter\u00fd podle mnichovsk\u00e9ho institutu Ifo dos\u00e1hl v \u0159\u00edjnov\u00e9m pr\u016fzkumu 7,3 procenta.<\/span><\/p>\n<p><span>Bankroty v\u0161ak nejsou jedin\u00fdm probl\u00e9mem. Mnoho \u0161pi\u010dkov\u00fdch firem, v\u010detn\u011b VW, Bosch, Ford Germany a ZF, prov\u00e1d\u00ed masivn\u00ed \u0161krty v po\u010dtu zam\u011bstnanc\u016f a operac\u00ed v N\u011bmecku.<\/span><\/p>\n<p><img decoding=\"async\" loading=\"lazy\" class=\"alignnone size-full wp-image-1185\" src=\"http:\/\/www.infokuryr.cz\/n\/wp-content\/uploads\/2021\/04\/kuryr-podpis.png\" alt=\"\" width=\"84\" height=\"24\" \/><\/p>\n<p>&nbsp;<\/p>\n","protected":false},"excerpt":{"rendered":"<p>Bankroty v \u0159\u00edjnu oproti lo\u0148sk\u00e9mu roku posko\u010dily V roce 2024 se o\u010dek\u00e1v\u00e1 meziro\u010dn\u00ed n\u00e1r\u016fst bankrot\u016f,&#8230;<\/p>\n","protected":false},"author":2,"featured_media":62528,"comment_status":"closed","ping_status":"closed","sticky":false,"template":"","format":"standard","meta":[],"categories":[7],"tags":[6674,59,371,84],"_links":{"self":[{"href":"https:\/\/www.infokuryr.cz\/n\/wp-json\/wp\/v2\/posts\/66910"}],"collection":[{"href":"https:\/\/www.infokuryr.cz\/n\/wp-json\/wp\/v2\/posts"}],"about":[{"href":"https:\/\/www.infokuryr.cz\/n\/wp-json\/wp\/v2\/types\/post"}],"author":[{"embeddable":true,"href":"https:\/\/www.infokuryr.cz\/n\/wp-json\/wp\/v2\/users\/2"}],"replies":[{"embeddable":true,"href":"https:\/\/www.infokuryr.cz\/n\/wp-json\/wp\/v2\/comments?post=66910"}],"version-history":[{"count":0,"href":"https:\/\/www.infokuryr.cz\/n\/wp-json\/wp\/v2\/posts\/66910\/revisions"}],"wp:featuredmedia":[{"embeddable":true,"href":"https:\/\/www.infokuryr.cz\/n\/wp-json\/wp\/v2\/media\/62528"}],"wp:attachment":[{"href":"https:\/\/www.infokuryr.cz\/n\/wp-json\/wp\/v2\/media?parent=66910"}],"wp:term":[{"taxonomy":"category","embeddable":true,"href":"https:\/\/www.infokuryr.cz\/n\/wp-json\/wp\/v2\/categories?post=66910"},{"taxonomy":"post_tag","embeddable":true,"href":"https:\/\/www.infokuryr.cz\/n\/wp-json\/wp\/v2\/tags?post=66910"}],"curies":[{"name":"wp","href":"https:\/\/api.w.org\/{rel}","templated":true}]}}