{"id":66909,"date":"2024-11-26T00:38:42","date_gmt":"2024-11-25T23:38:42","guid":{"rendered":"https:\/\/www.infokuryr.cz\/n\/?p=66909"},"modified":"2024-11-25T17:00:57","modified_gmt":"2024-11-25T16:00:57","slug":"plan-ochrany-bunkru-pro-nemecko-strach-z-nasledku-eskalace","status":"publish","type":"post","link":"https:\/\/www.infokuryr.cz\/n\/2024\/11\/26\/plan-ochrany-bunkru-pro-nemecko-strach-z-nasledku-eskalace\/","title":{"rendered":"Pl\u00e1n ochrany bunkru pro N\u011bmecko \u2013 strach z n\u00e1sledk\u016f eskalace?"},"content":{"rendered":"<div id=\"fb-root\"><\/div>\n<p><strong>Zat\u00edmco politici debatuj\u00ed o dod\u00e1n\u00ed raket Taurus na Ukrajinu k \u00fatok\u016fm na Rusko, Feder\u00e1ln\u00ed \u00fa\u0159ad pro civiln\u00ed ochranu p\u0159ich\u00e1z\u00ed s pl\u00e1nem bunkru. Lid\u00e9 si z\u0159ejm\u011b uv\u011bdomuj\u00ed, jak nebezpe\u010dn\u00e1 m\u016f\u017ee b\u00fdt takov\u00e1 eskalace. Jak napjat\u00e1 je situace?<\/strong><\/p>\n<p>Transatlanticky orientovan\u00e1 m\u00e9dia \u2013 jako\u00a0<a href=\"https:\/\/www.welt.de\/politik\/deutschland\/article254654148\/Verteidigungsfall-Bundesamt-fuer-Bevoelkerungsschutz-erarbeitet-Bunkerplan-fuer-Deutschland.html\">Springer\u016fv list \u201eWelt\u201c<\/a> s odkazem na sestersk\u00fd list \u201eBild\u201c \u2013 ji\u017e varuj\u00ed p\u0159ed \u201ezv\u00fd\u0161en\u00fdm nebezpe\u010d\u00edm \u00fato\u010dn\u00e9 v\u00e1lky\u201c, proto nyn\u00ed Spolkov\u00fd \u00fa\u0159ad pro civiln\u00ed ochranu vyt\u00e1hne vytvo\u0159it pl\u00e1n ochrany bunkru. Jak je u hlavn\u00edho proudu obvykl\u00e9, n\u011bkter\u00e1 z\u00e1sadn\u00ed fakta jsou vynech\u00e1na, aby bylo mo\u017en\u00e9 zprost\u0159edkovat ur\u010dit\u00e9 p\u0159\u00edb\u011bhy. Pokud se Moskva skute\u010dn\u011b rozhodne za\u00fato\u010dit na N\u011bmecko (a dal\u0161\u00ed st\u00e1ty NATO), bude to jen proto, \u017ee rusk\u00e9 \u00fazem\u00ed bylo napadeno z Ukrajiny z\u00e1padn\u00edmi raketami pod veden\u00edm person\u00e1lu NATO.<\/p>\n<p>S ohledem na N\u011bmecko to znamen\u00e1, \u017ee vysl\u00e1n\u00ed raket Taurus na Ukrajinu by p\u0159edstavovalo dal\u0161\u00ed \u00farove\u0148 eskalace. Proto\u017ee tato vojensk\u00e1 za\u0159\u00edzen\u00ed mus\u00ed obsluhovat person\u00e1l Bundeswehru, proto\u017ee Ukrajinci nemaj\u00ed odpov\u00eddaj\u00edc\u00ed v\u00fdcvik. Podobn\u00e1 situace je u st\u0159el britsk\u00e9\/francouzsk\u00e9 a americk\u00e9 produkce. To je p\u0159\u00edm\u00e9 zapojen\u00ed a vlastn\u011b p\u0159\u00edm\u00fd \u00fatok NATO na Rusko. V tomto ohledu by bylo spr\u00e1vn\u011bj\u0161\u00ed mluvit o \u201erusk\u00e9m proti\u00fatoku\u201c a nikoli o \u201erusk\u00e9 \u00fato\u010dn\u00e9 v\u00e1lce\u201c.<\/p>\n<p>Sou\u010dasn\u00e1 informa\u010dn\u00ed v\u00e1lka je ale o \u0161\u00ed\u0159en\u00ed va\u0161ich vlastn\u00edch narativ\u016f. I kdy\u017e by takov\u00e1 prohl\u00e1\u0161en\u00ed (jako u \u201eWelt\u201c a \u201eBild\u201c) m\u011bla b\u00fdt ve skute\u010dnosti pops\u00e1na jako klasick\u00e1 dezinformace. Jsme ale \u2013 ofici\u00e1ln\u011b nevyhl\u00e1\u0161eni \u2013 ve v\u00e1lce s Ruskem, tak\u017ee \u0161\u00ed\u0159en\u00ed propagandy je d\u016fle\u017eit\u011bj\u0161\u00ed ne\u017e fakta a fakta. A i kdy\u017e n\u011bkdo odsoud\u00ed ruskou invazi na Ukrajinu (kter\u00e1 byla nakonec d\u016fsledkem p\u0159evratu na Majdanu podporovan\u00e9ho Z\u00e1padem a \u00fatok\u016f ukrajinsk\u00fdch nacionalist\u016f na ruskou men\u0161inu v Donbasu), je t\u0159eba zm\u00ednit d\u016fle\u017eit\u00e1 fakta.<\/p>\n<p>Dal\u0161\u00edm faktem je, \u017ee Moskva nem\u00e1 na takov\u00e9 v\u00e1lce s NATO z\u00e1jem, proto\u017ee by to definitivn\u011b skon\u010dilo zni\u010duj\u00edc\u00ed jadernou v\u00e1lkou. A uv\u00e1\u017e\u00edme-li, \u017ee v\u00e1lka na Ukrajin\u011b je tak\u00e9 opot\u0159ebovac\u00ed v\u00e1lkou, takov\u00e1 kone\u010dn\u00e1 eskalace by znamenala konec sv\u011bta, jak jsme ho znali. Prezident Putin to dal jasn\u011b najevo ned\u00e1vnou zm\u011bnou jadern\u00e9 doktr\u00edny a pou\u017eit\u00edm st\u0159el st\u0159edn\u00edho doletu Ore\u0161nik proti ukrajinsk\u00fdm c\u00edl\u016fm.<\/p>\n<p>Pl\u00e1n ochrany bunkr\u016f Spolkov\u00e9ho \u00fa\u0159adu pro civiln\u00ed ochranu, na kter\u00e9m se v sou\u010dasn\u00e9 dob\u011b pracuje, je nakonec jen sou\u010d\u00e1st\u00ed informa\u010dn\u00ed v\u00e1lky a m\u00e1 lidi v N\u011bmecku na jedn\u00e9 stran\u011b vyd\u011bsit a na stran\u011b druh\u00e9 impregnovat image \u201ezl\u00fd Ivan\u201c hluboko do du\u0161e lid\u00ed. A transatlanticky orientovan\u00fd mainstream? Cel\u00e9 to p\u0159i\u017eivuje i klasickou dezinformac\u00ed a c\u00edlen\u00fdm v\u00fdb\u011brem slov, kter\u00e1 maj\u00ed tento image pos\u00edlit. Bylo by v z\u00e1jmu n\u00e1s v\u0161ech nal\u00e9zt m\u00edrov\u00e9 \u0159e\u0161en\u00ed tohoto konfliktu a pracovat na spole\u010dn\u00e9 bezpe\u010dnostn\u00ed architektu\u0159e \u2013 transatlantick\u00e9 a euroasijsk\u00e9. Ale nezd\u00e1 se, \u017ee by to bylo politicky \u017e\u00e1douc\u00ed.<\/p>\n<p><img decoding=\"async\" loading=\"lazy\" class=\"alignnone size-full wp-image-1185\" src=\"http:\/\/www.infokuryr.cz\/n\/wp-content\/uploads\/2021\/04\/kuryr-podpis.png\" alt=\"\" width=\"84\" height=\"24\" \/><\/p>\n<p>&nbsp;<\/p>\n","protected":false},"excerpt":{"rendered":"<p>Zat\u00edmco politici debatuj\u00ed o dod\u00e1n\u00ed raket Taurus na Ukrajinu k \u00fatok\u016fm na Rusko, Feder\u00e1ln\u00ed \u00fa\u0159ad&#8230;<\/p>\n","protected":false},"author":2,"featured_media":61548,"comment_status":"closed","ping_status":"closed","sticky":false,"template":"","format":"standard","meta":[],"categories":[7],"tags":[6962,1967,84,22,99],"_links":{"self":[{"href":"https:\/\/www.infokuryr.cz\/n\/wp-json\/wp\/v2\/posts\/66909"}],"collection":[{"href":"https:\/\/www.infokuryr.cz\/n\/wp-json\/wp\/v2\/posts"}],"about":[{"href":"https:\/\/www.infokuryr.cz\/n\/wp-json\/wp\/v2\/types\/post"}],"author":[{"embeddable":true,"href":"https:\/\/www.infokuryr.cz\/n\/wp-json\/wp\/v2\/users\/2"}],"replies":[{"embeddable":true,"href":"https:\/\/www.infokuryr.cz\/n\/wp-json\/wp\/v2\/comments?post=66909"}],"version-history":[{"count":0,"href":"https:\/\/www.infokuryr.cz\/n\/wp-json\/wp\/v2\/posts\/66909\/revisions"}],"wp:featuredmedia":[{"embeddable":true,"href":"https:\/\/www.infokuryr.cz\/n\/wp-json\/wp\/v2\/media\/61548"}],"wp:attachment":[{"href":"https:\/\/www.infokuryr.cz\/n\/wp-json\/wp\/v2\/media?parent=66909"}],"wp:term":[{"taxonomy":"category","embeddable":true,"href":"https:\/\/www.infokuryr.cz\/n\/wp-json\/wp\/v2\/categories?post=66909"},{"taxonomy":"post_tag","embeddable":true,"href":"https:\/\/www.infokuryr.cz\/n\/wp-json\/wp\/v2\/tags?post=66909"}],"curies":[{"name":"wp","href":"https:\/\/api.w.org\/{rel}","templated":true}]}}