{"id":66905,"date":"2024-11-26T00:37:50","date_gmt":"2024-11-25T23:37:50","guid":{"rendered":"https:\/\/www.infokuryr.cz\/n\/?p=66905"},"modified":"2024-11-25T16:12:01","modified_gmt":"2024-11-25T15:12:01","slug":"pepe-escobar-g20-ma-prednost-pred-agendou-g7","status":"publish","type":"post","link":"https:\/\/www.infokuryr.cz\/n\/2024\/11\/26\/pepe-escobar-g20-ma-prednost-pred-agendou-g7\/","title":{"rendered":"Pepe Escobar: G20 m\u00e1 p\u0159ednost p\u0159ed agendou G7"},"content":{"rendered":"<div id=\"fb-root\"><\/div>\n<div class=\"elementor-element elementor-element-1fb4c2c elementor-widget elementor-widget-theme-post-content\" data-id=\"1fb4c2c\" data-element_type=\"widget\" data-widget_type=\"theme-post-content.default\">\n<div class=\"elementor-widget-container\">\n<p><strong><span>Tento summit G20 v Riu byl cel\u00fd o s\u00edle glob\u00e1ln\u00edho Jihu s vym\u00fdcen\u00edm chudoby a skute\u010dn\u00fdm ekonomick\u00fdm pokrokem, kter\u00e9 trumfovaly star\u00e9 agendy G7 \u2013 v\u00e1lky, zisk a vliv.<\/span><\/strong><\/p>\n<p><span>Summit G20 v Riu za\u010d\u00e1tkem tohoto t\u00fddne poskytl pom\u011brn\u011b fascinuj\u00edc\u00ed pod\u00edvanou na hluboce geopoliticky a geoekonomicky rozd\u011blen\u00fd sv\u011bt, kter\u00fd se sna\u017e\u00ed nasadit odv\u00e1\u017enou tv\u00e1\u0159 \u201edovolenou na slunci\u201c.<\/span><\/p>\n<p><span>Bylo tam spousta nadbyte\u010dn\u00fdch v\u011bc\u00ed, kter\u00e9 pobavily pozorn\u00e9 publikum. Francouzsk\u00fd prezident Emmanuel Macron obklopen\u00fd silnou bezpe\u010dnostn\u00ed p\u0159\u00edtomnost\u00ed se kolem p\u016flnoci proch\u00e1zel po pl\u00e1\u017ei Copacabana; p\u0159edsedkyn\u011b Evropsk\u00e9 komise Ursula von der Leyenov\u00e1, bos\u00e1 v p\u00edsku, fascinovan\u00e1 \u0161plouchaj\u00edc\u00edmi vlnami; N\u00e1jemn\u00edk B\u00edl\u00e9ho domu, americk\u00fd prezident Joe Biden &#8211; s datem vypr\u0161en\u00ed platnosti za m\u00e9n\u011b ne\u017e dva m\u011bs\u00edce &#8211; zme\u0161kal rodinnou fotografii G20, proto\u017ee mluvil s palmou.<\/span><\/p>\n<p><span>Kr\u00e1tce p\u0159ed summitem Biden p\u00f3zoval na p\u00f3diu v de\u0161tn\u00e9m pralese, dopln\u011bn\u00fd dv\u011bma ob\u0159\u00edmi telepromptory, a zav\u00e1zal se zachr\u00e1nit Amazonii, stejn\u011b jako jeho manipul\u00e1to\u0159i ve Washingtonu prozradili \u201eopr\u00e1vn\u011bn\u00ed\u201c pro Ukrajinu \u00fato\u010dit na c\u00edle uvnit\u0159 Rusk\u00e9 federace pomoc\u00ed ATACMS; kvalifikovan\u00e1 preambule mo\u017en\u00e9 t\u0159et\u00ed sv\u011btov\u00e9 v\u00e1lky.<\/span><\/p>\n<p><span>Vzhledem k tomu, \u017ee Rio poskytuje ultim\u00e1tn\u00ed kulisu, museli se n\u00e1lady uklidnit alespo\u0148 ve zrekonstruovan\u00e9m Muzeu modern\u00edho um\u011bn\u00ed, v m\u00edst\u011b kon\u00e1n\u00ed G20 s horou Sugarloaf jako kulisou. To dokonce umo\u017enilo kr\u00e1tk\u00e9, napjat\u00e9 pot\u0159esen\u00ed rukou mezi brazilsk\u00fdm prezidentem Luizem In\u00e1ciem Lulou da Silvou, skute\u010dn\u00fdm v\u016fdcem glob\u00e1ln\u00edho Jihu, a argentinsk\u00fdm prezidentem Javierem Milei, americk\u00fdm agentem, kter\u00fd Lulu hluboce nen\u00e1vid\u00ed.<\/span><\/p>\n<p class=\"has-medium-font-size\"><span style=\"font-size: 18pt;\"><strong>\u010c\u00edna krade show<\/strong><\/span><\/p>\n<p><span>Populistick\u00fd brazilsk\u00fd v\u016fdce, jeho\u017e politick\u00fd kapit\u00e1l p\u0159esahuje v\u0161echny meze, byl samoz\u0159ejm\u011b dokonal\u00fdm ceremoni\u00e1\u0159em, ale skute\u010dnou hv\u011bzdou show byl \u010d\u00ednsk\u00fd prezident Si \u0164in-pching \u2013 \u010derstv\u00fd po sv\u00e9m p\u0159edchoz\u00edm triumfu, kdy\u017e promluvil b\u011bhem Asijsko-pacifick\u00e9 hospod\u00e1\u0159sk\u00e9 spolupr\u00e1ce ( Summit APEC) byl v Lim\u011b prakticky korunov\u00e1n peru\u00e1nsk\u00fdm kr\u00e1lem \u2013 otev\u0159en\u00edm p\u0159\u00edstavu Chancay v hodnot\u011b 1,3 miliardy dolar\u016f, nov\u00e9ho jihoamerick\u00e9ho centra Pacifiku. Hedv\u00e1bn\u00e1 stezka.<\/span><\/p>\n<p><span>Vzhledem k tomu, \u017ee \u010c\u00edna je p\u0159edev\u0161\u00edm o koridorech glob\u00e1ln\u00edho propojen\u00ed, Chancay-Shanghai se okam\u017eit\u011b stala nov\u00fdm heslem, kter\u00e9 je sly\u0161et po cel\u00e9m glob\u00e1ln\u00edm Jihu.<\/span><\/p>\n<p><span>Vedouc\u00ed role Pekingu jako motoru a hnac\u00ed s\u00edly spolupr\u00e1ce v asijsko-pacifick\u00e9m regionu se vztahuje tak\u00e9 na v\u011bt\u0161inu \u010dlen\u016f G20. \u010c\u00edna je nejv\u011bt\u0161\u00edm obchodn\u00edm partnerem ze 13 ekonomik APEC a je zodpov\u011bdn\u00e1 za 64,2 procenta hospod\u00e1\u0159sk\u00e9ho r\u016fstu v asijsko-pacifick\u00e9m regionu.<\/span><\/p>\n<p><span>Tato v\u00fdznamn\u00e1 role se vztahuje na \u010d\u00ednsk\u00e9 prot\u011bj\u0161ky BRICS v G20, stejn\u011b jako na zcela nov\u00e9 partnersk\u00e9 zem\u011b BRICS, jako je Indon\u00e9sie a Turecko. Porovnejte to s kontingentem G7\/NATOstan G20, po\u010d\u00ednaje Spojen\u00fdmi st\u00e1ty, jejich\u017e hlavn\u00ed glob\u00e1ln\u00ed nab\u00eddka sah\u00e1 od \u201ev\u011b\u010dn\u00fdch v\u00e1lek\u201c a \u201ebarevn\u00fdch revoluc\u00ed\u201c po instrumentalizaci zpr\u00e1v a kultury, obchodn\u00ed v\u00e1lky, tsunami sankc\u00ed a sekvestrace. \/kr\u00e1de\u017e majetku.<\/span><\/p>\n<p><span>Jak se dalo o\u010dek\u00e1vat, uvnit\u0159 G20 panovalo ur\u010dit\u00e9 nap\u011bt\u00ed, zejm\u00e9na v konfrontaci mezi G7 a strategick\u00fdm partnerstv\u00edm mezi Ruskem a \u010c\u00ednou. Rusk\u00fd prezident Vladimir Putin se ani neobt\u011b\u017eoval osobn\u011b z\u00fa\u010dastnit, m\u00edsto toho vyslal sv\u00e9ho mimo\u0159\u00e1dn\u011b schopn\u00e9ho ministra zahrani\u010d\u00ed Sergeje Lavrova.<\/span><\/p>\n<p><span>Pokud jde o Peking, \u010d\u00ednsk\u00e1 ekonomika po sedmi letech obchodn\u00ed a technologick\u00e9 v\u00e1lky mezi Trumpem a Bidenem nad\u00e1le roste o 5,2 procenta ro\u010dn\u011b. V\u00fdvoz nyn\u00ed tvo\u0159\u00ed pouh\u00fdch 16 procent \u010d\u00ednsk\u00e9ho HDP, d\u00edky \u010demu\u017e je ekonomika mnohem m\u00e9n\u011b zraniteln\u00e1 v\u016f\u010di machinac\u00edm zahrani\u010dn\u00edho obchodu. A pod\u00edl USA na t\u011bchto 16 procentech je pouze 15 procent; To znamen\u00e1, \u017ee obchod s USA tvo\u0159\u00ed pouze 2,4 procenta \u010d\u00ednsk\u00e9ho HDP.<\/span><\/p>\n<p><span>I pod t\u00edm, co by se dalo popsat jako rozs\u00e1hl\u00e9 technologick\u00e9 sankce NATO, rostou \u010d\u00ednsk\u00e9 technologick\u00e9 firmy rychlost\u00ed warpu. V d\u016fsledku toho jsou v\u0161echny z\u00e1padn\u00ed technologick\u00e9 spole\u010dnosti v hlubok\u00fdch probl\u00e9mech: masivn\u00ed \u0161krty, zmen\u0161ov\u00e1n\u00ed tov\u00e1ren a zav\u00edr\u00e1n\u00ed.<\/span><\/p>\n<p><span>Mezit\u00edm obchodn\u00ed p\u0159ebytek \u010c\u00edny se zbytkem sv\u011bta vzrostl na rekordn\u00ed 1 bilion dolar\u016f. To je d\u016fvod, pro\u010d jsou z\u00e1padn\u00ed ekonomov\u00e9 hluboce znepokojeni, kdy\u017e popisuj\u00ed \u010c\u00ednu jako na \u201esr\u00e1\u017ekov\u00e9m kurzu\u201c s n\u011bkter\u00fdmi z nejv\u011bt\u0161\u00edch sv\u011btov\u00fdch \u2013 i kdy\u017e se zmen\u0161uj\u00edc\u00edch \u2013 ekonomik.<\/span><\/p>\n<p class=\"has-medium-font-size\"><span style=\"font-size: 18pt;\"><strong>Snahy o \u201eukrajinizaci\u201c agendy G20<\/strong><\/span><\/p>\n<p><span>Brazilci se museli vyhnout n\u011bkolika p\u0159esn\u00fdm kulk\u00e1m, aby na tomto summitu G20 z\u00edskali n\u011bjak\u00fd \u00fasp\u011bch. V p\u0159edve\u010der summitu zah\u00e1jila americk\u00e1 think-tankov\u00e1 zem\u011b rozs\u00e1hlou propagandistickou kampa\u0148 obvi\u0148uj\u00edc\u00ed zem\u011b BRICS, \u017ee ned\u011blaj\u00ed nic jin\u00e9ho ne\u017e p\u00f3zov\u00e1n\u00ed a st\u011b\u017eov\u00e1n\u00ed si. Na druhou stranu G20 by mohla, proto\u017ee \u201ev\u0161ichni d\u016fle\u017eit\u00ed v\u011b\u0159itel\u00e9 jsou u stolu\u201c, schopna napravit \u201efinan\u010dn\u00ed k\u0159ivdy\u201c a rozvojov\u00e9 deficity.<\/span><\/p>\n<p><span>Brazilci byli dost chyt\u0159\u00ed na to, aby pochopili, \u017ee zadlu\u017een\u00fd blok NATO, kter\u00fd demonstroval m\u00e9n\u011b ne\u017e nulov\u00e9 politick\u00e9 veden\u00ed, neud\u011bl\u00e1 nic pro \u0159e\u0161en\u00ed \u201efinan\u010dn\u00edch nesn\u00e1z\u00ed\u201c v r\u00e1mci G20, nato\u017e aby k nim p\u0159isp\u011bl, by pomohl \u201eosvobodit\u201c n\u00e1rody glob\u00e1ln\u00edho jihu. .<\/span><\/p>\n<p><span>Jedin\u00e1 v\u011bc, o kterou by se finan\u010dn\u00ed elity hegemona na sch\u016fzce G20 zaj\u00edmaly, je \u201eprohlubov\u00e1n\u00ed partnerstv\u00ed\u201c, co\u017e je eufemismus pro dal\u0161\u00ed kooptaci a vazalizaci s ohledem na rok 2026, kdy budou USA hostit G20.<\/span><\/p>\n<p><span>\u010c\u00edna, stejn\u011b jako Braz\u00edlie, m\u011bla jin\u00e9 p\u0159edstavy. Zde vstupuje do hry kampa\u0148 na boj proti hladu a chudob\u011b, kter\u00e1 byla ofici\u00e1ln\u011b zah\u00e1jena v Riu. Global\u00a0<\/span><em><span>Times<\/span><\/em><span>\u00a0zopakovaly, \u017ee \u010c\u00edna \u201evyt\u00e1hla v\u0161ech 800 milion\u016f lid\u00ed z chudoby a p\u0159edstihla c\u00edle Agendy OSN pro udr\u017eiteln\u00fd rozvoj 2030 na sn\u00ed\u017een\u00ed chudoby\u201c.<\/span><\/p>\n<p><span>Xi ve sv\u00e9m projevu ke G20 vyzval v\u0161echny \u010dleny, aby \u201eud\u011blali nov\u00fd za\u010d\u00e1tek z Ria\u201c praktikov\u00e1n\u00edm \u201einkluzivn\u00ed globalizace\u201c a \u201eskute\u010dn\u00e9ho multilateralismu\u201c. NATOstan, jak v\u00ed ka\u017ed\u00e9 zrnko p\u00edsku v Sahelu, prost\u011b nesn\u00e1\u0161\u00ed multilateralismus.<\/span><\/p>\n<p><span>Ofici\u00e1ln\u00edm t\u00e9matem summitu G20 v Riu bylo \u201eBudov\u00e1n\u00ed spravedliv\u00e9ho sv\u011bta a udr\u017eiteln\u00e9 planety\u201c. Vl\u00e1dnouc\u00ed t\u0159\u00eddy hegemona, bez ohledu na to, kdo sed\u00ed v B\u00edl\u00e9m dom\u011b, nemaj\u00ed z\u00e1jem o \u201espravedliv\u00fd sv\u011bt\u201c, ale pouze o zachov\u00e1n\u00ed jednostrann\u00fdch privilegi\u00ed. Pokud jde o \u201eudr\u017eitelnou planetu\u201c, toto je k\u00f3d toho, co davossk\u00fd gang chce: toxick\u00e9 propleten\u00ed z\u00e1jm\u016f OSN, Sv\u011btov\u00e9ho ekonomick\u00e9ho f\u00f3ra (WEF) a NATO.<\/span><\/p>\n<p><span>G7\/NATOstan se sna\u017eily v\u0161emi prost\u0159edky un\u00e9st agendu G20 z Ria, potvrdily diplomatick\u00e9 zdroje. Brazilci v\u0161ak neochv\u011bjn\u011b h\u00e1jili multipolaritu vedenou zem\u011bmi glob\u00e1ln\u00edho Jihu a vyjednali kompromisn\u00ed agendu, kter\u00e1 se prakticky vyh\u00fdbala hlub\u0161\u00edmu pono\u0159en\u00ed se do posledn\u00edch v\u011b\u010dn\u00fdch v\u00e1lek hegemona, Ukrajiny a Gazy.<\/span><\/p>\n<p><span>Vzhledem k tomu, \u017ee NATO jako celek de facto podporoval genocidu v Gaze, mohla by z\u00e1v\u011bre\u010dn\u00e1 deklarace G20 o 85 bodech v nejlep\u0161\u00edm p\u0159\u00edpad\u011b nab\u00eddnout n\u011bkolik konsensu\u00e1ln\u00edch fr\u00e1z\u00ed po\u017eaduj\u00edc\u00edch alespo\u0148 p\u0159\u00edm\u011b\u0159\u00ed v Gaze \u2013 co\u017e bylo okam\u017eit\u011b provedeno ihned po skon\u010den\u00ed summitu G20 v roce Rada bezpe\u010dnosti OSN byla zam\u00edtnuta USA.<\/span><\/p>\n<p><span>Na sv\u00e9 tiskov\u00e9 konferenci G20 Lavrov odhalil n\u011bkter\u00e9 dal\u0161\u00ed informace. \u0158ekl, \u017ee a\u010dkoli se Z\u00e1pad \u201epokou\u0161el ukrajinizovat agendu G20, ostatn\u00ed \u010dlenov\u00e9 trvali na tom, aby do z\u00e1v\u011bre\u010dn\u00e9 deklarace byly zahrnuty i dal\u0161\u00ed konflikty&#8230; Tyto zem\u011b neochotn\u011b souhlasily s roz\u0161\u00ed\u0159en\u00edm bod\u016f z\u00e1v\u011bre\u010dn\u00e9 deklarace G20 o Bl\u00edzk\u00e9m v\u00fdchod\u011b [Z\u00e1padn\u00ed Asii]. diskutovat.&#8220;<\/span><\/p>\n<p class=\"has-medium-font-size\"><span style=\"font-size: 18pt;\"><strong>Indon\u00e9sie, Indie, Braz\u00edlie, Ji\u017en\u00ed Afrika<\/strong><\/span><\/p>\n<p><span>Lul\u016fv osobn\u00ed vliv na G20 p\u0159edstavoval krok glob\u00e1ln\u00edho jihu: vytvo\u0159it alianci proti hladu, chudob\u011b a soci\u00e1ln\u00ed nerovnosti a z\u00e1rove\u0148 zav\u00e9st zvl\u00e1\u0161tn\u00ed da\u0148 pro superbohat\u00e9. \u010e\u00e1bel bude v detailech, i kdy\u017e se ji\u017e zapojilo p\u0159es 80 zem\u00ed, EU a Africk\u00e1 unie (AU), stejn\u011b jako n\u011bkolik finan\u010dn\u00edch instituc\u00ed a \u0159ada nevl\u00e1dn\u00edch organizac\u00ed.<\/span><\/p>\n<p><span>Aliance m\u00e1 do roku 2030 v z\u00e1sad\u011b prosp\u011bt 500 milion\u016fm lid\u00ed, a to i prost\u0159ednictv\u00edm roz\u0161\u00ed\u0159en\u00ed vysoce kvalitn\u00edho \u0161koln\u00edho stravov\u00e1n\u00ed pro v\u00edce ne\u017e 150 milion\u016f d\u011bt\u00ed. Jak to AU zavede v praxi, se teprve uvid\u00ed.<\/span><\/p>\n<p><span>Koneckonc\u016f, Rio G20 bylo do jist\u00e9 m\u00edry dopl\u0148kem summitu BRICS v Kazani a sna\u017eilo se p\u0159ipravit cestu pro inkluzivn\u00ed,\u00a0<\/span><em><span>v\u00edceuzlov\u00fd<\/span><\/em><span>\u00a0sv\u011bt charakterizovan\u00fd soci\u00e1ln\u00ed spravedlnost\u00ed.<\/span><\/p>\n<p><span>Lula jasn\u011b zd\u016fraznil kl\u00ed\u010dov\u00e9 spojen\u00ed mezi ned\u00e1vn\u00fdmi setk\u00e1n\u00edmi G20: glob\u00e1ln\u00ed jih \u2013 od Indon\u00e9sie, Indie a nyn\u00ed Braz\u00edlie a\u017e po Ji\u017en\u00ed Afriku, kter\u00e1 bude p\u0159\u00ed\u0161t\u00ed rok hostit G20, a p\u0159inesl \u201eperspektivy, kter\u00e9 jsou relevantn\u00ed pro drtivou v\u011bt\u0161inu sv\u011btov\u00e9 populace. z\u00e1jmu\u201c. To mimochodem zahrnuje t\u0159i st\u00e1ty BRICS a jednoho partnera BRICS.<\/span><\/p>\n<p><span>Pro m\u011b osobn\u011b bylo velmi zvl\u00e1\u0161tn\u00ed zku\u0161enost\u00ed sledovat samotnou konferenci G20 po s\u00e9rii intenzivn\u00edch dialog\u016f v Ji\u017en\u00ed Africe zam\u011b\u0159en\u00fdch na vytvo\u0159en\u00ed africk\u00e9 jednoty v multipol\u00e1rn\u00edm sv\u011bt\u011b.<\/span><\/p>\n<p><span>Jihoafrick\u00fd prezident Cyril Ramaphosa to zopakoval, kdy\u017e v Riu prohl\u00e1sil, \u017ee p\u0159ed\u00e1n\u00ed \u0161tafety Braz\u00edlie je \u201ekonkr\u00e9tn\u00edm vyj\u00e1d\u0159en\u00edm historick\u00fdch, ekonomick\u00fdch, soci\u00e1ln\u00edch a kulturn\u00edch vazeb, kter\u00e9 spojuj\u00ed Latinskou Ameriku a Afriku\u201c. A doufejme, \u017ee sjednot\u00ed celou glob\u00e1ln\u00ed v\u011bt\u0161inu.<\/span><\/p>\n<p><strong>Pepe Escobar<\/strong><\/p>\n<p><img decoding=\"async\" loading=\"lazy\" class=\"alignnone size-full wp-image-22923\" src=\"http:\/\/www.infokuryr.cz\/n\/wp-content\/uploads\/2023\/02\/pepe-escobar.jpeg\" alt=\"\" width=\"256\" height=\"256\" srcset=\"https:\/\/www.infokuryr.cz\/n\/wp-content\/uploads\/2023\/02\/pepe-escobar.jpeg 256w, https:\/\/www.infokuryr.cz\/n\/wp-content\/uploads\/2023\/02\/pepe-escobar-150x150.jpeg 150w\" sizes=\"(max-width: 256px) 100vw, 256px\" \/><\/p>\n<\/div>\n<\/div>\n<div class=\"elementor-element elementor-element-8c57238 quelle dc-has-condition dc-condition-empty elementor-widget elementor-widget-heading\" data-id=\"8c57238\" data-element_type=\"widget\" data-widget_type=\"heading.default\">\n<div class=\"elementor-widget-container\">\n<h3 class=\"elementor-heading-title elementor-size-default\"><span style=\"font-size: 10pt;\"><a href=\"https:\/\/thecradle.co\/articles\/g20-knocks-out-g7-agendas\" target=\"_blank\" rel=\"nofollow noopener\">Zdroj<\/a><\/span><\/h3>\n<\/div>\n<\/div>\n","protected":false},"excerpt":{"rendered":"<p>Tento summit G20 v Riu byl cel\u00fd o s\u00edle glob\u00e1ln\u00edho Jihu s vym\u00fdcen\u00edm chudoby a&#8230;<\/p>\n","protected":false},"author":2,"featured_media":66906,"comment_status":"closed","ping_status":"closed","sticky":false,"template":"","format":"standard","meta":[],"categories":[7],"tags":[1042,50,323,2181,276],"_links":{"self":[{"href":"https:\/\/www.infokuryr.cz\/n\/wp-json\/wp\/v2\/posts\/66905"}],"collection":[{"href":"https:\/\/www.infokuryr.cz\/n\/wp-json\/wp\/v2\/posts"}],"about":[{"href":"https:\/\/www.infokuryr.cz\/n\/wp-json\/wp\/v2\/types\/post"}],"author":[{"embeddable":true,"href":"https:\/\/www.infokuryr.cz\/n\/wp-json\/wp\/v2\/users\/2"}],"replies":[{"embeddable":true,"href":"https:\/\/www.infokuryr.cz\/n\/wp-json\/wp\/v2\/comments?post=66905"}],"version-history":[{"count":0,"href":"https:\/\/www.infokuryr.cz\/n\/wp-json\/wp\/v2\/posts\/66905\/revisions"}],"wp:featuredmedia":[{"embeddable":true,"href":"https:\/\/www.infokuryr.cz\/n\/wp-json\/wp\/v2\/media\/66906"}],"wp:attachment":[{"href":"https:\/\/www.infokuryr.cz\/n\/wp-json\/wp\/v2\/media?parent=66905"}],"wp:term":[{"taxonomy":"category","embeddable":true,"href":"https:\/\/www.infokuryr.cz\/n\/wp-json\/wp\/v2\/categories?post=66905"},{"taxonomy":"post_tag","embeddable":true,"href":"https:\/\/www.infokuryr.cz\/n\/wp-json\/wp\/v2\/tags?post=66905"}],"curies":[{"name":"wp","href":"https:\/\/api.w.org\/{rel}","templated":true}]}}