{"id":66898,"date":"2024-11-26T00:33:25","date_gmt":"2024-11-25T23:33:25","guid":{"rendered":"https:\/\/www.infokuryr.cz\/n\/?p=66898"},"modified":"2024-11-25T15:53:51","modified_gmt":"2024-11-25T14:53:51","slug":"viktor-orban-jsme-v-nejtemnejsi-hodine","status":"publish","type":"post","link":"https:\/\/www.infokuryr.cz\/n\/2024\/11\/26\/viktor-orban-jsme-v-nejtemnejsi-hodine\/","title":{"rendered":"Viktor Orb\u00e1n: Jsme v nejtemn\u011bj\u0161\u00ed hodin\u011b"},"content":{"rendered":"<div id=\"fb-root\"><\/div>\n<div class=\"elementor-element elementor-element-1fb4c2c elementor-widget elementor-widget-theme-post-content\" data-id=\"1fb4c2c\" data-element_type=\"widget\" data-widget_type=\"theme-post-content.default\">\n<div class=\"elementor-widget-container\">\n<p><span style=\"font-size: 18pt;\"><strong>\u201eMus\u00edme tyto dva m\u011bs\u00edce p\u0159ekonat s chytrou a klidnou politikou,\u201c zd\u016fraznil premi\u00e9r.<\/strong><\/span><\/p>\n<p><span>Viktor Orb\u00e1n poslal Ma\u010far\u016fm d\u016fle\u017eitou zpr\u00e1vu\u00a0na sv\u00e9\u00a0<\/span><a href=\"https:\/\/www.facebook.com\/orbanviktor\/posts\/pfbid02Rv6VE28wJaKsKdc2BmeHDr7KN8DPLr6yAem1RsFRsRYRp2pKY7GjwhUVRkyrCNd1l\" target=\"_blank\" rel=\"noreferrer noopener\"><span>facebookov\u00e9 str\u00e1nce .<\/span><\/a><\/p>\n<p><em><span>&#8222;Ka\u017ed\u00fd, kdo byl voj\u00e1kem a hl\u00eddal, v\u00ed, \u017ee noc je v\u017edy nejtemn\u011bj\u0161\u00ed p\u0159ed \u00fasvitem.&#8220; A tak je to nyn\u00ed.<\/span><\/em><\/p>\n<p><em><span>Toto je nejtemn\u011bj\u0161\u00ed hodina, ve kter\u00e9 se nach\u00e1z\u00edme.<\/span><\/em><\/p>\n<p><em><span>Za pouh\u00e9 dva m\u011bs\u00edce se n\u00e1hle rozb\u0159eskne, ale do t\u00e9 doby budeme \u017e\u00edt v je\u0161t\u011b v\u011bt\u0161\u00ed tm\u011b ne\u017e dosud. &#8222;P\u0159ed n\u00e1mi le\u017e\u00ed dva nejnebezpe\u010dn\u011bj\u0161\u00ed m\u011bs\u00edce v\u00e1lky,&#8220;<\/span><\/em><span>\u00a0napsal\u00a0<\/span><a href=\"https:\/\/mandiner.hu\/belfold\/2024\/11\/a-haboru-ket-legveszelyesebb-honapja-kovetkezik\" target=\"_blank\" rel=\"noreferrer noopener\"><span>premi\u00e9r<\/span><\/a><span>\u00a0.<\/span><\/p>\n<h2 class=\"wp-block-heading\"><span>Nemus\u00edme \u010dekat dlouho<\/span><\/h2>\n<p><span>Pozd\u011bji Orb\u00e1n tak\u00e9 upozornil, \u017ee navzdory v\u00edt\u011bzstv\u00ed Donalda Trumpa v americk\u00fdch prezidentsk\u00fdch volb\u00e1ch maj\u00ed demokrat\u00e9 st\u00e1le kontrolu nad Spojen\u00fdmi st\u00e1ty.\u00a0<\/span><em><span>\u201eS v\u00edt\u011bzstv\u00edm prezidenta Trumpa je m\u00edr na dosah, ale zd\u00e1 se, \u017ee odch\u00e1zej\u00edc\u00ed ameri\u010dt\u00ed demokrat\u00e9 cht\u011bj\u00ed zanechat t\u011b\u017e\u0161\u00ed d\u011bdictv\u00ed, ne\u017e byla situace v dob\u011b jeho v\u00edt\u011bzstv\u00ed.<\/span><\/em><\/p>\n<p><em><span>V tomto v\u00e1le\u010dn\u00e9m konfliktu je p\u0159\u00edmo v s\u00e1zce i n\u00e1\u0161 osud, tak\u017ee budeme jednat rozv\u00e1\u017en\u011b, p\u0159edv\u00eddateln\u011b a klidn\u011b<\/span><\/em><span>\u00a0, \u0159ekl Viktor Orb\u00e1n.<\/span><\/p>\n<h2 class=\"wp-block-heading\"><span>Evropa by se mohla snadno dostat do zraniteln\u00e9 pozice<\/span><\/h2>\n<p><span>Nakonec premi\u00e9r tak\u00e9 upozornil, \u017ee Evropa se m\u016f\u017ee snadno dostat do zraniteln\u00e9 pozice.\u00a0<\/span><em><span>&#8222;Pokud Ameri\u010dan\u00e9 ustoup\u00ed od Ukrajinc\u016f, <\/span><\/em><em>pak Evropa nebude schopna vojensky podpo\u0159it Ukrajinu ani p\u0159i nejmen\u0161\u00ed \u0161anci na \u00fasp\u011bch.<\/em><\/p>\n<p><em><span>To n\u00e1s tak\u00e9 vede k my\u0161lence, \u017ee tyto dva m\u011bs\u00edce je t\u0159eba p\u0159ekonat chytrou, klidnou politikou<\/span><\/em><span>\u00a0,\u201c napsal premi\u00e9r.<\/span><\/p>\n<\/div>\n<\/div>\n<div class=\"elementor-element elementor-element-8c57238 quelle dc-has-condition dc-condition-empty elementor-widget elementor-widget-heading\" data-id=\"8c57238\" data-element_type=\"widget\" data-widget_type=\"heading.default\">\n<div class=\"elementor-widget-container\">\n<h3 class=\"elementor-heading-title elementor-size-default\"><span style=\"font-size: 10pt;\"><a href=\"https:\/\/mandiner.hu\/belfold\/2024\/11\/ilyenkor-kell-esznel-lenni-orban-viktor-szerint-a-legsotetebb-oraban-vagyunk\" target=\"_blank\" rel=\"nofollow noopener\">Zdroj<\/a><\/span><\/h3>\n<p>&nbsp;<\/p>\n<\/div>\n<\/div>\n","protected":false},"excerpt":{"rendered":"<p>\u201eMus\u00edme tyto dva m\u011bs\u00edce p\u0159ekonat s chytrou a klidnou politikou,\u201c zd\u016fraznil premi\u00e9r. Viktor Orb\u00e1n poslal&#8230;<\/p>\n","protected":false},"author":2,"featured_media":56562,"comment_status":"closed","ping_status":"closed","sticky":false,"template":"","format":"standard","meta":[],"categories":[7],"tags":[439,276,1402],"_links":{"self":[{"href":"https:\/\/www.infokuryr.cz\/n\/wp-json\/wp\/v2\/posts\/66898"}],"collection":[{"href":"https:\/\/www.infokuryr.cz\/n\/wp-json\/wp\/v2\/posts"}],"about":[{"href":"https:\/\/www.infokuryr.cz\/n\/wp-json\/wp\/v2\/types\/post"}],"author":[{"embeddable":true,"href":"https:\/\/www.infokuryr.cz\/n\/wp-json\/wp\/v2\/users\/2"}],"replies":[{"embeddable":true,"href":"https:\/\/www.infokuryr.cz\/n\/wp-json\/wp\/v2\/comments?post=66898"}],"version-history":[{"count":0,"href":"https:\/\/www.infokuryr.cz\/n\/wp-json\/wp\/v2\/posts\/66898\/revisions"}],"wp:featuredmedia":[{"embeddable":true,"href":"https:\/\/www.infokuryr.cz\/n\/wp-json\/wp\/v2\/media\/56562"}],"wp:attachment":[{"href":"https:\/\/www.infokuryr.cz\/n\/wp-json\/wp\/v2\/media?parent=66898"}],"wp:term":[{"taxonomy":"category","embeddable":true,"href":"https:\/\/www.infokuryr.cz\/n\/wp-json\/wp\/v2\/categories?post=66898"},{"taxonomy":"post_tag","embeddable":true,"href":"https:\/\/www.infokuryr.cz\/n\/wp-json\/wp\/v2\/tags?post=66898"}],"curies":[{"name":"wp","href":"https:\/\/api.w.org\/{rel}","templated":true}]}}