{"id":66896,"date":"2024-11-26T00:31:56","date_gmt":"2024-11-25T23:31:56","guid":{"rendered":"https:\/\/www.infokuryr.cz\/n\/?p=66896"},"modified":"2024-11-25T15:49:10","modified_gmt":"2024-11-25T14:49:10","slug":"osn-pozaduje-od-narodu-globalni-klimatickou-dan-pred-nastupem-trumpa-do-uradu","status":"publish","type":"post","link":"https:\/\/www.infokuryr.cz\/n\/2024\/11\/26\/osn-pozaduje-od-narodu-globalni-klimatickou-dan-pred-nastupem-trumpa-do-uradu\/","title":{"rendered":"OSN po\u017eaduje od n\u00e1rod\u016f glob\u00e1ln\u00ed \u201eklimatickou da\u0148\u201c p\u0159ed n\u00e1stupem Trumpa do \u00fa\u0159adu"},"content":{"rendered":"<div id=\"fb-root\"><\/div>\n<div class=\"elementor-element elementor-element-1fb4c2c elementor-widget elementor-widget-theme-post-content\" data-id=\"1fb4c2c\" data-element_type=\"widget\" data-widget_type=\"theme-post-content.default\">\n<div class=\"elementor-widget-container\">\n<p><span>Zahrani\u010dn\u00ed byrokrat\u00e9 v nik\u00fdm nevolen\u00e9 Organizaci spojen\u00fdch n\u00e1rod\u016f (OSN) po\u017eaduj\u00ed, aby vl\u00e1dy po cel\u00e9m sv\u011bt\u011b za\u010daly zav\u00e1d\u011bt glob\u00e1ln\u00ed \u201eklimatickou da\u0148\u201c t\u00e9to globalistick\u00e9 organizace d\u0159\u00edve, ne\u017e prezident Donald Trump v lednu slo\u017e\u00ed p\u0159\u00edsahu zp\u011bt do \u00fa\u0159adu.<\/span><\/p>\n<p><span>Pl\u00e1nem OSN je p\u0159esm\u011brovat miliardy dolar\u016f z pen\u011bz da\u0148ov\u00fdch poplatn\u00edk\u016f z \u010dlensk\u00fdch st\u00e1t\u016f, v\u010detn\u011b Spojen\u00fdch st\u00e1t\u016f, do zem\u00ed t\u0159et\u00edho sv\u011bta.<\/span><\/p>\n<p><span>Podle pl\u00e1nu by pen\u00edze da\u0148ov\u00fdch poplatn\u00edk\u016f byly \u00fadajn\u011b pou\u017eity na \u201eboj proti zm\u011bn\u011b klimatu\u201c v rozvojov\u00fdch zem\u00edch.<\/span><\/p>\n<p><span>Odborn\u00edci ale varuj\u00ed, \u017ee do zem\u00ed t\u0159et\u00edho sv\u011bta by se ve skute\u010dnosti dostalo jen velmi m\u00e1lo, pokud v\u016fbec n\u011bjak\u00e9.<\/span><\/p>\n<p><span>Podle Financial Times globalist\u00e9 tla\u010dili na to, aby se pl\u00e1n rozjel d\u0159\u00edve, ne\u017e se Trump vr\u00e1t\u00ed do B\u00edl\u00e9ho domu.<\/span><\/p>\n<p><span>Zahrani\u010dn\u00ed p\u0159edstavitel\u00e9 \u00fa\u010dastn\u00edc\u00ed se klimatick\u00e9ho summitu OSN\u00a0<\/span><a href=\"https:\/\/slaynews.com\/news\/al-gore-melts-down-angry-global-warming-rant-un-climate-change-conference\/\" target=\"_blank\" rel=\"noreferrer noopener\"><span>COP29<\/span><\/a><span>\u00a0zva\u017eovali, jak urychlit zaveden\u00ed de facto glob\u00e1ln\u00edch klimatick\u00fdch dan\u00ed na financov\u00e1n\u00ed rozvoje zelen\u00e9 energie.<\/span><\/p>\n<p><span>Ob\u00e1vaj\u00ed se ale, \u017ee Trump syst\u00e9m vypne, jakmile bude zp\u011bt v Ov\u00e1ln\u00e9 pracovn\u011b.<\/span><\/p>\n<p><span>\u00da\u0159edn\u00edci ze zem\u00ed jako Francie, \u0160pan\u011blsko a Ke\u0148a prosazuj\u00ed pl\u00e1nov\u00e1n\u00ed takzvan\u00fdch \u201esolid\u00e1rn\u00edch odvod\u016f\u201c.<\/span><\/p>\n<p><span>C\u00edlem je dohodnout se na pl\u00e1nu, kter\u00fd by ro\u010dn\u011b z\u00edskal 100 miliard dolar\u016f nebo v\u00edce na financov\u00e1n\u00ed \u201e\u00fasil\u00ed souvisej\u00edc\u00edch s klimatem\u201c v zem\u00edch t\u0159et\u00edho sv\u011bta, uv\u00e1d\u00ed FT.<\/span><\/p>\n<p><span>Aby OSN z\u00edskala finan\u010dn\u00ed prost\u0159edky, \u017e\u00e1d\u00e1 zem\u011b, aby de facto zv\u00fd\u0161ily dan\u011b.<\/span><\/p>\n<p><span>V minulosti v\u0161ak byly diskuse o poskytov\u00e1n\u00ed pen\u011bz na klima chud\u00fdm zem\u00edm velmi napjat\u00e9.<\/span><\/p>\n<p><span>Trump obecn\u011b odm\u00edt\u00e1 pos\u00edlat pen\u00edze do jin\u00fdch zem\u00ed ve jm\u00e9nu \u201ezm\u011bny klimatu\u201c.<\/span><\/p>\n<p><span>B\u011bhem sv\u00e9ho prvn\u00edho funk\u010dn\u00edho obdob\u00ed Trump vypov\u011bd\u011bl USA z Pa\u0159\u00ed\u017esk\u00e9 klimatick\u00e9 dohody OSN.<\/span><\/p>\n<p><span>Je tak\u00e9\u00a0<\/span><a href=\"https:\/\/www.politico.com\/news\/2024\/11\/10\/trump-withdrawal-paris-agreement-different-00188002\" target=\"_blank\" rel=\"noreferrer noopener\"><span>p\u0159ipraven<\/span><\/a><span>\u00a0tak u\u010dinit znovu pot\u00e9, co se prezident Joe Biden p\u0159ipoj\u00ed ke globaliza\u010dn\u00edmu paktu.<\/span><\/p>\n<p><span>Podle FT byli \u00fa\u010dastn\u00edci leto\u0161n\u00edho klimatick\u00e9ho summitu OSN kreativn\u00ed p\u0159i hled\u00e1n\u00ed zdroj\u016f financov\u00e1n\u00ed.<\/span><\/p>\n<p><span>K financov\u00e1n\u00ed syst\u00e9mu \u201esolid\u00e1rn\u00ed dan\u011b\u201c vyz\u00fdv\u00e1 OSN zem\u011b, aby zv\u00fd\u0161ily dan\u011b v r\u016fzn\u00fdch odv\u011btv\u00edch, v\u010detn\u011b lodn\u00edho a leteck\u00e9ho pr\u016fmyslu, obchodov\u00e1n\u00ed s kryptom\u011bnami, v\u00fdroby fosiln\u00edch paliv, v\u00fdrobc\u016f plast\u016f, miliard\u00e1\u0159\u016f a finan\u010dn\u00edch transakc\u00ed.<\/span><\/p>\n<p><span>Nen\u00ed ani jasn\u00e9, zda by prost\u0159edky z \u201esolid\u00e1rn\u00edch dan\u00ed\u201c skute\u010dn\u011b proudily p\u0159\u00edmo do chud\u00fdch zem\u00ed.<\/span><\/p>\n<p><span>\u00da\u0159edn\u00edci z n\u011bkter\u00fdch zem\u00ed navrhli, aby pen\u00edze \u0161ly do lodn\u00edho pr\u016fmyslu, aby mu pomohly v jeho \u201edekarboniza\u010dn\u00edm\u201c tlaku, uv\u00e1d\u00ed FT.<\/span><\/p>\n<p><span>Z\u00e1vazek lodn\u00edho pr\u016fmyslu sn\u00ed\u017eit emise zvy\u0161uje tlak na leteck\u00fd pr\u016fmysl, kter\u00fd zase hled\u00ed na ropn\u00fd a plyn\u00e1rensk\u00fd pr\u016fmysl, aby poskytl v\u00edce pen\u011bz.<\/span><\/p>\n<p><span>Mnoho velk\u00fdch leteck\u00fdch spole\u010dnost\u00ed je ji\u017e \u010dlenem glob\u00e1ln\u00edho paktu o ochran\u011b klimatu uzav\u0159en\u00e9ho v roce 2016.<\/span><\/p>\n<p><span>Tento syst\u00e9m v\u0161ak nem\u00e1 podle FT generovat p\u0159\u00edjmy, kter\u00e9 lze n\u00e1sledn\u011b znovu pou\u017e\u00edt.<\/span><\/p>\n<p><span>Pracovn\u00ed skupina zab\u00fdvaj\u00edc\u00ed se konceptem \u201esolid\u00e1rn\u00edch odvod\u016f\u201c zkoum\u00e1 zp\u016fsoby, jak nav\u00e1zat na odvody z letenek, kter\u00e9 ji\u017e existuj\u00ed ve 21 zem\u00edch.<\/span><\/p>\n<p><span>OSN v\u011b\u0159\u00ed, \u017ee zv\u00fd\u0161en\u00ed dan\u00ed pro cestuj\u00edc\u00ed leteckou dopravou by mohlo ro\u010dn\u011b z\u00edskat a\u017e 164 miliard dolar\u016f.<\/span><\/p>\n<p><span>Studie\u00a0<\/span><a href=\"https:\/\/www.nature.com\/articles\/s43247-024-01775-z\" target=\"_blank\" rel=\"noreferrer noopener\"><span>zve\u0159ejn\u011bn\u00e1 t\u011bsn\u011b p\u0159ed za\u010d\u00e1tkem leto\u0161n\u00edho COP29 zjistila, \u017ee hojn\u011b nav\u0161t\u011bvovan\u00e9 elitn\u00ed konference, jako je klimatick\u00fd summit OSN, filmov\u00fd festival v Cannes a Sv\u011btov\u00e9 ekonomick\u00e9 f\u00f3rum, produkuj\u00ed velk\u00e9 mno\u017estv\u00ed emis\u00ed sklen\u00edkov\u00fdch plyn\u016f.<\/span><\/a><\/p>\n<p><span>Tyto emise jsou zp\u016fsobeny mno\u017estv\u00edm \u00fa\u010dastn\u00edk\u016f, kte\u0159\u00ed p\u0159il\u00e9taj\u00ed a odl\u00e9taj\u00ed soukrom\u00fdmi tryskami.<\/span><\/p>\n<p><strong><em>Frank Bergman<\/em><\/strong><\/p>\n<\/div>\n<\/div>\n<div class=\"elementor-element elementor-element-8c57238 quelle dc-has-condition dc-condition-empty elementor-widget elementor-widget-heading\" data-id=\"8c57238\" data-element_type=\"widget\" data-widget_type=\"heading.default\">\n<div class=\"elementor-widget-container\">\n<h3 class=\"elementor-heading-title elementor-size-default\"><span style=\"font-size: 10pt;\"><a href=\"https:\/\/slaynews.com\/news\/un-demands-nations-roll-out-global-climate-tax-before-trump-takes-office\/\" target=\"_blank\" rel=\"nofollow noopener\">Zdroj<\/a><\/span><\/h3>\n<\/div>\n<\/div>\n","protected":false},"excerpt":{"rendered":"<p>Zahrani\u010dn\u00ed byrokrat\u00e9 v nik\u00fdm nevolen\u00e9 Organizaci spojen\u00fdch n\u00e1rod\u016f (OSN) po\u017eaduj\u00ed, aby vl\u00e1dy po cel\u00e9m sv\u011bt\u011b&#8230;<\/p>\n","protected":false},"author":2,"featured_media":38746,"comment_status":"closed","ping_status":"closed","sticky":false,"template":"","format":"standard","meta":[],"categories":[7],"tags":[8252,873,186,276],"_links":{"self":[{"href":"https:\/\/www.infokuryr.cz\/n\/wp-json\/wp\/v2\/posts\/66896"}],"collection":[{"href":"https:\/\/www.infokuryr.cz\/n\/wp-json\/wp\/v2\/posts"}],"about":[{"href":"https:\/\/www.infokuryr.cz\/n\/wp-json\/wp\/v2\/types\/post"}],"author":[{"embeddable":true,"href":"https:\/\/www.infokuryr.cz\/n\/wp-json\/wp\/v2\/users\/2"}],"replies":[{"embeddable":true,"href":"https:\/\/www.infokuryr.cz\/n\/wp-json\/wp\/v2\/comments?post=66896"}],"version-history":[{"count":0,"href":"https:\/\/www.infokuryr.cz\/n\/wp-json\/wp\/v2\/posts\/66896\/revisions"}],"wp:featuredmedia":[{"embeddable":true,"href":"https:\/\/www.infokuryr.cz\/n\/wp-json\/wp\/v2\/media\/38746"}],"wp:attachment":[{"href":"https:\/\/www.infokuryr.cz\/n\/wp-json\/wp\/v2\/media?parent=66896"}],"wp:term":[{"taxonomy":"category","embeddable":true,"href":"https:\/\/www.infokuryr.cz\/n\/wp-json\/wp\/v2\/categories?post=66896"},{"taxonomy":"post_tag","embeddable":true,"href":"https:\/\/www.infokuryr.cz\/n\/wp-json\/wp\/v2\/tags?post=66896"}],"curies":[{"name":"wp","href":"https:\/\/api.w.org\/{rel}","templated":true}]}}