{"id":66893,"date":"2024-11-25T05:49:44","date_gmt":"2024-11-25T04:49:44","guid":{"rendered":"https:\/\/www.infokuryr.cz\/n\/?p=66893"},"modified":"2024-11-25T05:49:44","modified_gmt":"2024-11-25T04:49:44","slug":"u-pobrezi-madagaskaru-se-utopilo-24-lidi","status":"publish","type":"post","link":"https:\/\/www.infokuryr.cz\/n\/2024\/11\/25\/u-pobrezi-madagaskaru-se-utopilo-24-lidi\/","title":{"rendered":"U pob\u0159e\u017e\u00ed Madagaskaru se utopilo 24 lid\u00ed"},"content":{"rendered":"<div id=\"fb-root\"><\/div>\n<p class=\"lead\"><strong>Dva \u010dluny s ob\u010dany Som\u00e1lska se p\u0159evrhly u pob\u0159e\u017e\u00ed Madagaskaru a zahynulo 24 lid\u00ed, uv\u00e1d\u00ed agentura Associated Press s odvol\u00e1n\u00edm na ned\u011bln\u00ed prohl\u00e1\u0161en\u00ed som\u00e1lsk\u00e9 vl\u00e1dy.<\/strong><\/p>\n<p><em>&#8222;Dvacet \u010dty\u0159i lid\u00ed zem\u0159elo pot\u00e9, co se dv\u011b lod\u011b p\u0159evrhly u pob\u0159e\u017e\u00ed Madagaskaru v Indick\u00e9m oce\u00e1nu,&#8220;<span class=\"after-quote\">\u00a0\u2014 p\u00ed\u0161e agentura s odkazem na som\u00e1lskou vl\u00e1du.<\/span><\/em><\/p>\n<p><span>AP s odvol\u00e1n\u00edm na som\u00e1lsk\u00e9ho ministra zahrani\u010d\u00ed\u00a0<\/span><strong><span>Ahmeda Moalima Fiqiho<\/span><\/strong><span>\u00a0uv\u00e1d\u00ed , \u017ee b\u011bhem z\u00e1chrann\u00e9 operace v oblasti incidentu bylo zachr\u00e1n\u011bno 46 lid\u00ed. Agentura dod\u00e1v\u00e1, \u017ee v\u011bt\u0161ina cestuj\u00edc\u00edch byli mlad\u00ed Som\u00e1lci a jejich c\u00edlov\u00e1 destinace nen\u00ed zn\u00e1ma.<\/span><\/p>\n<p><span>Podle agentury AP m\u00e1 v pond\u011bl\u00ed na Madagaskar odcestovat delegace veden\u00e1 som\u00e1lsk\u00fdm velvyslancem v Etiopii, aby vy\u0161et\u0159ila trag\u00e9dii.<\/span><\/p>\n<p><img decoding=\"async\" loading=\"lazy\" class=\"alignnone size-full wp-image-1185\" src=\"http:\/\/www.infokuryr.cz\/n\/wp-content\/uploads\/2021\/04\/kuryr-podpis.png\" alt=\"\" width=\"84\" height=\"24\" \/><\/p>\n<p>&nbsp;<\/p>\n","protected":false},"excerpt":{"rendered":"<p>Dva \u010dluny s ob\u010dany Som\u00e1lska se p\u0159evrhly u pob\u0159e\u017e\u00ed Madagaskaru a zahynulo 24 lid\u00ed, uv\u00e1d\u00ed&#8230;<\/p>\n","protected":false},"author":2,"featured_media":66894,"comment_status":"closed","ping_status":"closed","sticky":false,"template":"","format":"standard","meta":[],"categories":[7],"tags":[6583,1198,438],"_links":{"self":[{"href":"https:\/\/www.infokuryr.cz\/n\/wp-json\/wp\/v2\/posts\/66893"}],"collection":[{"href":"https:\/\/www.infokuryr.cz\/n\/wp-json\/wp\/v2\/posts"}],"about":[{"href":"https:\/\/www.infokuryr.cz\/n\/wp-json\/wp\/v2\/types\/post"}],"author":[{"embeddable":true,"href":"https:\/\/www.infokuryr.cz\/n\/wp-json\/wp\/v2\/users\/2"}],"replies":[{"embeddable":true,"href":"https:\/\/www.infokuryr.cz\/n\/wp-json\/wp\/v2\/comments?post=66893"}],"version-history":[{"count":0,"href":"https:\/\/www.infokuryr.cz\/n\/wp-json\/wp\/v2\/posts\/66893\/revisions"}],"wp:featuredmedia":[{"embeddable":true,"href":"https:\/\/www.infokuryr.cz\/n\/wp-json\/wp\/v2\/media\/66894"}],"wp:attachment":[{"href":"https:\/\/www.infokuryr.cz\/n\/wp-json\/wp\/v2\/media?parent=66893"}],"wp:term":[{"taxonomy":"category","embeddable":true,"href":"https:\/\/www.infokuryr.cz\/n\/wp-json\/wp\/v2\/categories?post=66893"},{"taxonomy":"post_tag","embeddable":true,"href":"https:\/\/www.infokuryr.cz\/n\/wp-json\/wp\/v2\/tags?post=66893"}],"curies":[{"name":"wp","href":"https:\/\/api.w.org\/{rel}","templated":true}]}}