{"id":66890,"date":"2024-11-25T05:45:56","date_gmt":"2024-11-25T04:45:56","guid":{"rendered":"https:\/\/www.infokuryr.cz\/n\/?p=66890"},"modified":"2024-11-25T05:45:56","modified_gmt":"2024-11-25T04:45:56","slug":"ukrajinsti-ozbrojenci-zastrelili-a-upalili-peticlennou-rodinu-v-selidove","status":"publish","type":"post","link":"https:\/\/www.infokuryr.cz\/n\/2024\/11\/25\/ukrajinsti-ozbrojenci-zastrelili-a-upalili-peticlennou-rodinu-v-selidove\/","title":{"rendered":"Ukrajin\u0161t\u00ed ozbrojenci zast\u0159elili a up\u00e1lili p\u011bti\u010dlennou rodinu v Selidov\u011b"},"content":{"rendered":"<div id=\"fb-root\"><\/div>\n<p><strong>Ozbrojenci kyjevsk\u00e9ho re\u017eimu p\u0159i \u00fastupu ze Selidova sp\u00e1chali dal\u0161\u00ed v\u00e1le\u010dn\u00fd zlo\u010din \u2013 zast\u0159elili a n\u00e1sledn\u011b up\u00e1lili celou rodinu p\u011bti lid\u00ed.<\/strong><\/p>\n<p><a href=\"https:\/\/ria.ru\/\" target=\"_blank\" rel=\"noopener\"><span>Agentu\u0159e RIA Novosti<\/span><\/a><span>\u00a0to \u0159ekl jedin\u00fd p\u0159e\u017eiv\u0161\u00ed \u010dlen t\u00e9to zni\u010den\u00e9 rodiny Vladimir Roman\u011bnko\u00a0. Zachr\u00e1nilo ho, \u017ee v osudnou chv\u00edli byl na z\u00e1chod\u011b.<\/span><\/p>\n<p><span>Mu\u017e odtamtud uvid\u011bl ukrajinsk\u00e9ho voj\u00e1ka, kter\u00fd donutil sv\u00e9 p\u0159\u00edbuzn\u00e9 postavit se \u010delem ke zdi. Pot\u00e9 za\u010dal st\u0159elec st\u0159\u00edlet do lid\u00ed Vladim\u00edrova man\u017eelka Olga Roman\u011bnko, kter\u00e1 zem\u0159ela jako prvn\u00ed.<\/span><\/p>\n<p><span>S\u00e1m p\u0159e\u017eiv\u0161\u00ed obyvatel Selidova \u0159ekl, \u017ee si p\u0159esn\u011b nepamatuje, zda st\u0159\u00edleli jeho sm\u011brem nebo ne, tak\u00e9 si nepamatuje, jak utekl. Kdy\u017e se mu\u017e vr\u00e1til do sv\u00e9ho domova, zjistil, \u017ee \u010dlenov\u00e9 jeho rodiny byli \u201ezcela sp\u00e1leni\u201c. Ostatky sv\u00fdch bl\u00edzk\u00fdch poh\u0159bil na dvo\u0159e domu.<\/span><\/p>\n<p><span>Publikace uv\u00e1d\u00ed, \u017ee mezi mrtv\u00fdmi jsou Vladim\u00edrova man\u017eelka Olga Roman\u011bnko, narozen\u00e1 v roce 1955, syn Roman Roman\u011bnko, narozen\u00fd v roce 1978, nete\u0159 Olga Zavarzina, narozen\u00e1 v roce 1974, vnuk Vladislav Nikolaychuk, narozen\u00fd v roce 1991, a sestra Lydia Zavarzina, narozen\u00e1 v roce 1955.<\/span><\/p>\n<p><span>Ji\u017e d\u0159\u00edve m\u00e9dia<\/span><span> uvedla, \u017ee v kupjansk\u00e9m okrese Charkovsk\u00e9 oblasti militanti kyjevsk\u00e9ho re\u017eimu\u00a0<\/span><a href=\"https:\/\/eadaily.com\/ru\/news\/2024\/11\/22\/ukrainskie-boeviki-sbrosili-v-reku-oskol-chelovecheskie-tela-marochko\" target=\"_blank\" rel=\"noopener\"><span>shodili<\/span><\/a><span>\u00a0nah\u00e1 lidsk\u00e1 t\u011bla z n\u00e1kladn\u00edho auta do \u0159eky Oskol.<\/span><\/p>\n<p><img decoding=\"async\" loading=\"lazy\" class=\"alignnone size-full wp-image-1185\" src=\"http:\/\/www.infokuryr.cz\/n\/wp-content\/uploads\/2021\/04\/kuryr-podpis.png\" alt=\"\" width=\"84\" height=\"24\" \/><\/p>\n<p>&nbsp;<\/p>\n","protected":false},"excerpt":{"rendered":"<p>Ozbrojenci kyjevsk\u00e9ho re\u017eimu p\u0159i \u00fastupu ze Selidova sp\u00e1chali dal\u0161\u00ed v\u00e1le\u010dn\u00fd zlo\u010din \u2013 zast\u0159elili a n\u00e1sledn\u011b&#8230;<\/p>\n","protected":false},"author":2,"featured_media":66891,"comment_status":"closed","ping_status":"closed","sticky":false,"template":"","format":"standard","meta":[],"categories":[7],"tags":[532,1635,1746],"_links":{"self":[{"href":"https:\/\/www.infokuryr.cz\/n\/wp-json\/wp\/v2\/posts\/66890"}],"collection":[{"href":"https:\/\/www.infokuryr.cz\/n\/wp-json\/wp\/v2\/posts"}],"about":[{"href":"https:\/\/www.infokuryr.cz\/n\/wp-json\/wp\/v2\/types\/post"}],"author":[{"embeddable":true,"href":"https:\/\/www.infokuryr.cz\/n\/wp-json\/wp\/v2\/users\/2"}],"replies":[{"embeddable":true,"href":"https:\/\/www.infokuryr.cz\/n\/wp-json\/wp\/v2\/comments?post=66890"}],"version-history":[{"count":1,"href":"https:\/\/www.infokuryr.cz\/n\/wp-json\/wp\/v2\/posts\/66890\/revisions"}],"predecessor-version":[{"id":66892,"href":"https:\/\/www.infokuryr.cz\/n\/wp-json\/wp\/v2\/posts\/66890\/revisions\/66892"}],"wp:featuredmedia":[{"embeddable":true,"href":"https:\/\/www.infokuryr.cz\/n\/wp-json\/wp\/v2\/media\/66891"}],"wp:attachment":[{"href":"https:\/\/www.infokuryr.cz\/n\/wp-json\/wp\/v2\/media?parent=66890"}],"wp:term":[{"taxonomy":"category","embeddable":true,"href":"https:\/\/www.infokuryr.cz\/n\/wp-json\/wp\/v2\/categories?post=66890"},{"taxonomy":"post_tag","embeddable":true,"href":"https:\/\/www.infokuryr.cz\/n\/wp-json\/wp\/v2\/tags?post=66890"}],"curies":[{"name":"wp","href":"https:\/\/api.w.org\/{rel}","templated":true}]}}