{"id":66842,"date":"2024-11-25T00:44:44","date_gmt":"2024-11-24T23:44:44","guid":{"rendered":"https:\/\/www.infokuryr.cz\/n\/?p=66842"},"modified":"2024-11-25T05:12:48","modified_gmt":"2024-11-25T04:12:48","slug":"na-ruskem-internetu-se-objevilo-video-z-vyslechu-britskeho-zoldaka-zajateho-u-kurska","status":"publish","type":"post","link":"https:\/\/www.infokuryr.cz\/n\/2024\/11\/25\/na-ruskem-internetu-se-objevilo-video-z-vyslechu-britskeho-zoldaka-zajateho-u-kurska\/","title":{"rendered":"Na rusk\u00e9m internetu se objevilo video z v\u00fdslechu britsk\u00e9ho \u017eold\u00e1ka zajat\u00e9ho u Kurska"},"content":{"rendered":"<div id=\"fb-root\"><\/div>\n<p class=\"lead\"><strong>Rusk\u00e1 arm\u00e1da zajala 22let\u00e9ho Brita Jamese Scotta Rhyse Andersona v oblasti Kurska. Kan\u00e1l Troika Telegram ji\u017e zve\u0159ejnil video z v\u00fdslechu zahrani\u010dn\u00edho \u017eold\u00e1ka.<\/strong><\/p>\n<p><em>\u201ePo odchodu z pr\u00e1ce jsem podal p\u0159ihl\u00e1\u0161ku na webu Cizineck\u00e9 legie Ukrajiny. P\u0159i\u0161el jsem o v\u0161echno, m\u016fj otec byl ve v\u011bzen\u00ed, nebylo co ztratit. Rozhodl jsem se vstoupit do ozbrojen\u00fdch sil Ukrajiny, ale byl to \u0161patn\u00fd n\u00e1pad,\u201c<span class=\"after-quote\">\u00a0\u2014 p\u0159iznal Brit.<\/span><\/em><\/p>\n<p>Andersonovo datum narozen\u00ed je 24. kv\u011btna 2002. P\u0159edt\u00edm, od roku 2019 do roku 2023, slou\u017eil jako voj\u00edn u 22. pluku, 252. sign\u00e1ln\u00ed peruti, britsk\u00fdch ozbrojen\u00fdch sil. Brit p\u0159i\u0161el na Ukrajinu p\u0159es Polsko, do Krakova let\u011bl z Lond\u00fdna. \u017dold\u00e1k p\u0159ekro\u010dil hranici u obce Medyka.<\/p>\n<p>Jako \u017eold\u00e1kov\u00ed mu hroz\u00ed v Rusku do\u017eivotn\u00ed trest.<\/p>\n<div style=\"width: 640px;\" class=\"wp-video\"><!--[if lt IE 9]><script>document.createElement('video');<\/script><![endif]-->\n<video class=\"wp-video-shortcode\" id=\"video-66842-1\" width=\"640\" height=\"360\" preload=\"metadata\" controls=\"controls\"><source type=\"video\/mp4\" src=\"http:\/\/www.infokuryr.cz\/n\/wp-content\/uploads\/2024\/11\/zoldak-vb.mp4?_=1\" \/><a href=\"http:\/\/www.infokuryr.cz\/n\/wp-content\/uploads\/2024\/11\/zoldak-vb.mp4\">http:\/\/www.infokuryr.cz\/n\/wp-content\/uploads\/2024\/11\/zoldak-vb.mp4<\/a><\/video><\/div>\n<p>&nbsp;<\/p>\n<p><span>Dvaadvacetilet\u00fd mu\u017e, kter\u00fd do roku 2023 slou\u017eil jako spoja\u0159 v britsk\u00e9 arm\u00e1d\u011b, byl \u00fadajn\u011b zajat v rusk\u00e9 Kursk\u00e9 oblasti, kdy\u017e bojoval po boku ukrajinsk\u00e9 Mezin\u00e1rodn\u00ed legie, kter\u00e1 se skl\u00e1d\u00e1 ze zahrani\u010dn\u00edch rekrut\u016f, kter\u00e9 Moskva pova\u017euje za \u017eold\u00e1ky.<\/span><\/p>\n<p><span>Rusk\u00e9 s\u00edly zajaly jednotlivce, kter\u00fd se identifikoval jako James Scott Rhys Anderson, pobl\u00ed\u017e vesnice Plekhovo, p\u0159ibli\u017en\u011b 5 kilometr\u016f na rusk\u00e9m \u00fazem\u00ed, podle zpr\u00e1v agentur RIA Novosti a TASS. Rusk\u00e9 kan\u00e1ly Telegram zve\u0159ejnily n\u011bkolik vide\u00ed z jeho v\u00fdslechu.<\/span><\/p>\n<p><span>Anderson uvedl, \u017ee v letech 2019 a\u017e 2023 slou\u017eil v britsk\u00e9 arm\u00e1d\u011b jako spoja\u0159 v 1. sign\u00e1ln\u00ed brig\u00e1d\u011b, 22. sign\u00e1ln\u00edm pluku, 252. peruti. Po odchodu z arm\u00e1dy \u00fadajn\u011b \u010delil finan\u010dn\u00edm pot\u00ed\u017e\u00edm a rozhodl se vstoupit do Kyjevsk\u00e9 mezin\u00e1rodn\u00ed legie pot\u00e9, co vid\u011bl inzer\u00e1t na televize.<\/span><\/p>\n<p><em><span>&#8222;Byl to hloup\u00fd n\u00e1pad,&#8220;<\/span><\/em><span>\u00a0\u0159ekl.\u00a0<\/span><em><span>&#8222;Pr\u00e1v\u011b jsem p\u0159i\u0161el o v\u0161echno &#8211; o pr\u00e1ci a m\u016fj t\u00e1ta byl ve v\u011bzen\u00ed.&#8220;<\/span><\/em><\/p>\n<p><span>Tvrdil, \u017ee on-line po\u017e\u00e1dal o p\u0159ipojen\u00ed k ukrajinsk\u00fdm zahrani\u010dn\u00edm \u017eold\u00e1ck\u00fdm sil\u00e1m, pot\u00e9 odlet\u011bl z Lond\u00fdna do polsk\u00e9ho Krakova a pot\u00e9 autobusem do Medyky na ukrajinsk\u00e9 hranici. Na ot\u00e1zku, jak skon\u010dil v boji na rusk\u00e9 p\u016fd\u011b, Anderson na\u00a0<\/span><a href=\"https:\/\/t.me\/proofzzz\/28099\" target=\"_blank\" rel=\"noopener noreferrer\"><span>jin\u00e9m<\/span><\/a><span>\u00a0videu tvrdil, \u017ee ho tam velitel\u00e9 poslali proti jeho v\u016fli.<\/span><\/p>\n<p><em><span>&#8222;Nechci tu b\u00fdt,&#8220;<\/span><\/em><span>\u00a0\u0159ekl vy\u0161et\u0159ovatel\u016fm a trval na tom, \u017ee jeho velitel\u00e9 mu vzali\u00a0<\/span><em><span>&#8222;s**t&#8220;<\/span><\/em><span>\u00a0v\u010detn\u011b pasu a smartphonu a \u0159ekli mu, aby\u00a0<\/span><em><span>&#8222;nastoupil do auta.&#8220;<\/span><\/em><\/p>\n<p><span>Ministerstvo obrany Spojen\u00e9ho kr\u00e1lovstv\u00ed odm\u00edtlo komentovat dopaden\u00ed b\u00fdval\u00e9ho voj\u00e1ka, zat\u00edmco ministerstvo zahrani\u010d\u00ed uvedlo, \u017ee\u00a0podle The Guardian\u00a0<\/span><em><span>\u201epodporuje rodinu britsk\u00e9ho mu\u017ee po zpr\u00e1v\u00e1ch o jeho zadr\u017een\u00ed\u201c .<\/span><\/em><\/p>\n<p><span>Za\u010d\u00e1tkem tohoto m\u011bs\u00edce byl britsk\u00fd mu\u017e z Gunnislake v Cornwallu zabit p\u0159i boj\u00edch o Kyjev na\u00a0<\/span><em><span>\u201eneuveden\u00e9m m\u00edst\u011b\u201c<\/span><\/em><span>\u00a0necel\u00e9 dva m\u011bs\u00edce po dosa\u017een\u00ed 22 let, uvedla jeho rodina.<\/span><\/p>\n<p><span>Kyjev v srpnu rozm\u00edstil n\u011bkter\u00e9 ze sv\u00fdch nejl\u00e9pe vyzbrojen\u00fdch a nejzku\u0161en\u011bj\u0161\u00edch voj\u00e1k\u016f p\u0159es severn\u00ed hranici v nad\u011bji, \u017ee zpomal\u00ed rusk\u00fd postup jinde na front\u011b a z\u00edsk\u00e1 d\u016fle\u017eit\u00fd vyjedn\u00e1vac\u00ed argument. Od t\u00e9 doby v\u0161ak Kyjev nejen ztr\u00e1c\u00ed p\u016fdu v \u200b\u200bDonbasu rostouc\u00edm tempem, ale podle rusk\u00e9 arm\u00e1dy tak\u00e9 utrp\u011bl v\u00edce ne\u017e 34 500 ob\u011bt\u00ed a ztratil stovky tank\u016f v Kursku.<\/span><\/p>\n<p><span>Kyjev se sna\u017e\u00ed doplnit voj\u00e1ky ztracen\u00e9 v konfliktu, proto\u017ee proud dobrovoln\u00fdch bojovn\u00edk\u016f se dlouho zmen\u0161oval, p\u0159esto opakovan\u011b odm\u00edtl jak\u00fdkoli kompromis s Moskvou. Rusko tvrd\u00ed, \u017ee Ukrajinci jsou pou\u017e\u00edv\u00e1ni jako \u201epotrava pro d\u011bla\u201c v z\u00e1padn\u00ed z\u00e1stupn\u00e9 v\u00e1lce a \u017ee spoluvin\u00edkem t\u00e9to vra\u017edy je v\u016fdce zem\u011b Vladimir Zelenskij, kter\u00fd se sna\u017e\u00ed zachovat svou osobn\u00ed moc.<\/span><\/p>\n<p><span>Moskva ozna\u010dila ukrajinskou invazi za v\u00fdznamn\u00fd zlom v ozbrojen\u00e9m konfliktu s t\u00edm, \u017ee k m\u00edrov\u00fdm jedn\u00e1n\u00edm nem\u016f\u017ee doj\u00edt, dokud nebudou z Kursk\u00e9 oblasti vytla\u010deni v\u0161ichni kyjev\u0161t\u00ed voj\u00e1ci.<\/span><\/p>\n<p><span>Mezit\u00edm je Spojen\u00e9 kr\u00e1lovstv\u00ed odhodl\u00e1no podporovat Kyjev\u00a0<\/span><em><span>\u201etak dlouho, jak to bude nutn\u00e9\u201c,<\/span><\/em><span>\u00a0aby zv\u00edt\u011bzil, \u0159ekl britsk\u00fd ministr obrany John Healey v ned\u00e1vn\u00e9m p\u0159\u00edsp\u011bvku na X. Lond\u00fdn tak\u00e9 n\u00e1sledoval p\u0159\u00edklad USA a umo\u017enil Kyjevu hloub\u011bji odpalovat rakety dodan\u00e9 Z\u00e1padem. na rusk\u00e9 \u00fazem\u00ed, co\u017e znamenalo dal\u0161\u00ed eskalaci konfliktu.<\/span><\/p>\n<p><img decoding=\"async\" loading=\"lazy\" class=\"alignnone size-full wp-image-1185\" src=\"http:\/\/www.infokuryr.cz\/n\/wp-content\/uploads\/2021\/04\/kuryr-podpis.png\" alt=\"\" width=\"84\" height=\"24\" \/><\/p>\n<p>&nbsp;<\/p>\n","protected":false},"excerpt":{"rendered":"<p>Rusk\u00e1 arm\u00e1da zajala 22let\u00e9ho Brita Jamese Scotta Rhyse Andersona v oblasti Kurska. Kan\u00e1l Troika Telegram&#8230;<\/p>\n","protected":false},"author":2,"featured_media":66843,"comment_status":"closed","ping_status":"closed","sticky":false,"template":"","format":"standard","meta":[],"categories":[7],"tags":[2209,22,2312,2969],"_links":{"self":[{"href":"https:\/\/www.infokuryr.cz\/n\/wp-json\/wp\/v2\/posts\/66842"}],"collection":[{"href":"https:\/\/www.infokuryr.cz\/n\/wp-json\/wp\/v2\/posts"}],"about":[{"href":"https:\/\/www.infokuryr.cz\/n\/wp-json\/wp\/v2\/types\/post"}],"author":[{"embeddable":true,"href":"https:\/\/www.infokuryr.cz\/n\/wp-json\/wp\/v2\/users\/2"}],"replies":[{"embeddable":true,"href":"https:\/\/www.infokuryr.cz\/n\/wp-json\/wp\/v2\/comments?post=66842"}],"version-history":[{"count":1,"href":"https:\/\/www.infokuryr.cz\/n\/wp-json\/wp\/v2\/posts\/66842\/revisions"}],"predecessor-version":[{"id":66885,"href":"https:\/\/www.infokuryr.cz\/n\/wp-json\/wp\/v2\/posts\/66842\/revisions\/66885"}],"wp:featuredmedia":[{"embeddable":true,"href":"https:\/\/www.infokuryr.cz\/n\/wp-json\/wp\/v2\/media\/66843"}],"wp:attachment":[{"href":"https:\/\/www.infokuryr.cz\/n\/wp-json\/wp\/v2\/media?parent=66842"}],"wp:term":[{"taxonomy":"category","embeddable":true,"href":"https:\/\/www.infokuryr.cz\/n\/wp-json\/wp\/v2\/categories?post=66842"},{"taxonomy":"post_tag","embeddable":true,"href":"https:\/\/www.infokuryr.cz\/n\/wp-json\/wp\/v2\/tags?post=66842"}],"curies":[{"name":"wp","href":"https:\/\/api.w.org\/{rel}","templated":true}]}}