{"id":66831,"date":"2024-11-25T00:38:26","date_gmt":"2024-11-24T23:38:26","guid":{"rendered":"https:\/\/www.infokuryr.cz\/n\/?p=66831"},"modified":"2024-11-24T15:15:36","modified_gmt":"2024-11-24T14:15:36","slug":"irak-vyzyva-k-mezinarodnimu-tlaku-na-izrael-aby-zastavil-pripadne-stavky","status":"publish","type":"post","link":"https:\/\/www.infokuryr.cz\/n\/2024\/11\/25\/irak-vyzyva-k-mezinarodnimu-tlaku-na-izrael-aby-zastavil-pripadne-stavky\/","title":{"rendered":"Ir\u00e1k vyz\u00fdv\u00e1 k mezin\u00e1rodn\u00edmu tlaku na Izrael, aby zastavil p\u0159\u00edpadn\u00e9 st\u00e1vky"},"content":{"rendered":"<div id=\"fb-root\"><\/div>\n<p><strong>Ir\u00e1k vyzval mezin\u00e1rodn\u00ed spole\u010denstv\u00ed k podpo\u0159e, aby vyzval Izrael, aby zastavil pl\u00e1novan\u00e9 \u00fadery proti ir\u00e1ck\u00fdm \u00fazem\u00edm.<\/strong><\/p>\n<p>Od vypuknut\u00ed v\u00e1lky v Gaze v \u0159\u00edjnu lo\u0148sk\u00e9ho roku \u010delil Izrael stovk\u00e1m dron\u016f a raketov\u00fdch \u00fatok\u016f z Ir\u00e1ku, p\u0159i\u010dem\u017e k v\u011bt\u0161in\u011b z t\u011bchto \u00fatok\u016f se p\u0159ihl\u00e1sil Isl\u00e1msk\u00fd odpor v Ir\u00e1ku (IRI), zast\u0159e\u0161uj\u00edc\u00ed skupina \u00cdr\u00e1nem podporovan\u00e1 ozbrojen\u00e9 frakce.<\/p>\n<p>V reakci na to vyzval izraelsk\u00fd ministr zahrani\u010d\u00ed Gideon Sa&#8217;ar 18. listopadu Radu bezpe\u010dnosti OSN, aby tla\u010dila na Bagd\u00e1d, aby ukon\u010dil \u00fatoky \u00cdr\u00e1nem podporovan\u00fdch frakc\u00ed, a varoval, \u017ee Izrael m\u00e1 pr\u00e1vo se br\u00e1nit podle Charty OSN.<\/p>\n<p>Ir\u00e1ck\u00fd premi\u00e9r Mohammed Shia al-Sudani \u0159ekl 19. listopadu, \u017ee Sa&#8217;arova hrozba byla pro Izrael z\u00e1minkou k \u00fatoku na Ir\u00e1k a roz\u0161\u00ed\u0159en\u00ed v\u00e1lky v regionu.<\/p>\n<p>Pozd\u011bji arabsk\u00e1 m\u00e9dia uvedla, \u017ee Spojen\u00e9 st\u00e1ty informovaly Bagd\u00e1d, \u017ee izraelsk\u00e9 \u00fadery proti Ir\u00e1ku jsou \u201ebezprost\u0159edn\u00ed\u201c, pokud se vl\u00e1dn\u00edm sil\u00e1m nepoda\u0159\u00ed zabr\u00e1nit frakc\u00edm podporovan\u00fdm \u00cdr\u00e1nem zah\u00e1jit \u00fatoky proti Izraeli.<\/p>\n<p>Ir\u00e1k bral izraelskou hrozbu v\u00e1\u017en\u011b. Ir\u00e1ck\u00fd ministr zahrani\u010d\u00ed Fuad Hussein 22. listopadu potvrdil, \u017ee al-Sudani na\u0159\u00eddil ozbrojen\u00fdm sil\u00e1m, aby p\u0159ijaly p\u0159\u00edsn\u00e1 opat\u0159en\u00ed proti jak\u00fdmkoli frakc\u00edm vyu\u017e\u00edvaj\u00edc\u00edm ir\u00e1ck\u00e9 \u00fazem\u00ed k zah\u00e1jen\u00ed \u00fatok\u016f. Od t\u00e9 doby IRI neozn\u00e1mila \u017e\u00e1dn\u00fd \u00fatok proti Izraeli.<\/p>\n<p>Ir\u00e1ck\u00e9 ministerstvo zahrani\u010d\u00ed p\u0159esto 23. listopadu ozn\u00e1milo, \u017ee zaslalo dopisy Rad\u011b bezpe\u010dnosti OSN, gener\u00e1ln\u00edmu tajemn\u00edkovi OSN, Arabsk\u00e9 lize a Organizaci isl\u00e1msk\u00e9 spolupr\u00e1ce s \u017e\u00e1dost\u00ed o pomoc p\u0159i n\u00e1tlaku na Izrael, aby zastavil jak\u00e9koli pl\u00e1novan\u00e9 \u00fadery.<\/p>\n<p>Ministerstvo zahrani\u010d\u00ed ve sv\u00e9m prohl\u00e1\u0161en\u00ed uvedlo, \u017ee \u201eIr\u00e1k je pil\u00ed\u0159em stability ve sv\u00e9m region\u00e1ln\u00edm a mezin\u00e1rodn\u00edm prost\u0159ed\u00ed a pat\u0159\u00ed mezi zem\u011b, kter\u00e9 se nejv\u00edce zav\u00e1zaly dodr\u017eovat z\u00e1sady Charty OSN.<\/p>\n<p><em>\u201eIr\u00e1ck\u00e9 dopisy nazna\u010dovaly, \u017ee dopis izraelsk\u00e9 entity Rad\u011b bezpe\u010dnosti je sou\u010d\u00e1st\u00ed systematick\u00e9 politiky k vytvo\u0159en\u00ed obvin\u011bn\u00ed a z\u00e1minek k roz\u0161\u00ed\u0159en\u00ed rozsahu konfliktu v regionu,\u201c stoj\u00ed v prohl\u00e1\u0161en\u00ed.<\/em><\/p>\n<p>Zat\u00edmco se Izrael chov\u00e1 jako ob\u011b\u0165, m\u00e1 se za to, \u017ee zem\u011b naru\u0161ila ir\u00e1ck\u00fd vzdu\u0161n\u00fd prostor nejm\u00e9n\u011b dvakr\u00e1t, kdy\u017e v dubnu a \u0159\u00edjnu zah\u00e1jila \u00fadery proti \u00cdr\u00e1nu.<\/p>\n<p>Zat\u00edm nen\u00ed jasn\u00e9, zda IRI zcela zastavila \u00fatoky proti Izraeli, nebo si skupina ud\u011blala jen do\u010dasnou pauzu. V obou p\u0159\u00edpadech Izrael pravd\u011bpodobn\u011b nezah\u00e1j\u00ed \u00fadery proti Ir\u00e1ku, pokud nebudou hl\u00e1\u0161eny \u017e\u00e1dn\u00e9 dal\u0161\u00ed \u00fatoky. USA, kter\u00e9 udr\u017euj\u00ed v Ir\u00e1ku v\u00edce ne\u017e 2500 voj\u00e1k\u016f, rozhodn\u011b ne\u010dekaj\u00ed eskalaci mezi ob\u011bma zem\u011bmi.<\/p>\n<p><img decoding=\"async\" loading=\"lazy\" class=\"alignnone size-full wp-image-1185\" src=\"http:\/\/www.infokuryr.cz\/n\/wp-content\/uploads\/2021\/04\/kuryr-podpis.png\" alt=\"\" width=\"84\" height=\"24\" \/><\/p>\n<p>&nbsp;<\/p>\n","protected":false},"excerpt":{"rendered":"<p>Ir\u00e1k vyzval mezin\u00e1rodn\u00ed spole\u010denstv\u00ed k podpo\u0159e, aby vyzval Izrael, aby zastavil pl\u00e1novan\u00e9 \u00fadery proti ir\u00e1ck\u00fdm&#8230;<\/p>\n","protected":false},"author":2,"featured_media":66832,"comment_status":"closed","ping_status":"closed","sticky":false,"template":"","format":"standard","meta":[],"categories":[7],"tags":[267,107,8246],"_links":{"self":[{"href":"https:\/\/www.infokuryr.cz\/n\/wp-json\/wp\/v2\/posts\/66831"}],"collection":[{"href":"https:\/\/www.infokuryr.cz\/n\/wp-json\/wp\/v2\/posts"}],"about":[{"href":"https:\/\/www.infokuryr.cz\/n\/wp-json\/wp\/v2\/types\/post"}],"author":[{"embeddable":true,"href":"https:\/\/www.infokuryr.cz\/n\/wp-json\/wp\/v2\/users\/2"}],"replies":[{"embeddable":true,"href":"https:\/\/www.infokuryr.cz\/n\/wp-json\/wp\/v2\/comments?post=66831"}],"version-history":[{"count":0,"href":"https:\/\/www.infokuryr.cz\/n\/wp-json\/wp\/v2\/posts\/66831\/revisions"}],"wp:featuredmedia":[{"embeddable":true,"href":"https:\/\/www.infokuryr.cz\/n\/wp-json\/wp\/v2\/media\/66832"}],"wp:attachment":[{"href":"https:\/\/www.infokuryr.cz\/n\/wp-json\/wp\/v2\/media?parent=66831"}],"wp:term":[{"taxonomy":"category","embeddable":true,"href":"https:\/\/www.infokuryr.cz\/n\/wp-json\/wp\/v2\/categories?post=66831"},{"taxonomy":"post_tag","embeddable":true,"href":"https:\/\/www.infokuryr.cz\/n\/wp-json\/wp\/v2\/tags?post=66831"}],"curies":[{"name":"wp","href":"https:\/\/api.w.org\/{rel}","templated":true}]}}