{"id":66828,"date":"2024-11-25T00:37:58","date_gmt":"2024-11-24T23:37:58","guid":{"rendered":"https:\/\/www.infokuryr.cz\/n\/?p=66828"},"modified":"2024-11-24T14:27:09","modified_gmt":"2024-11-24T13:27:09","slug":"ve-spojenych-arabskych-emiratech-zmizel-izraelsky-rabin","status":"publish","type":"post","link":"https:\/\/www.infokuryr.cz\/n\/2024\/11\/25\/ve-spojenych-arabskych-emiratech-zmizel-izraelsky-rabin\/","title":{"rendered":"Ve Spojen\u00fdch arabsk\u00fdch emir\u00e1tech zmizel izraelsk\u00fd rab\u00edn"},"content":{"rendered":"<div id=\"fb-root\"><\/div>\n<p><strong><span>Izraelsk\u00fd rab\u00edn Zvi Kogan, kter\u00fd pracuje jako vyslanec kapituly Chabad v hlavn\u00edm m\u011bst\u011b Spojen\u00fdch arabsk\u00fdch emir\u00e1t\u016f Ab\u00fa Zab\u00ed, je \u00fadajn\u011b nezv\u011bstn\u00fd od 21. listopadu.<\/span><\/strong><\/p>\n<p><span>\u00da\u0159ad izraelsk\u00e9ho premi\u00e9ra vydal 23. listopadu prohl\u00e1\u0161en\u00ed potvrzuj\u00edc\u00ed Koganovo zmizen\u00ed a uvedl, \u017ee \u00fa\u0159ady incident zpracov\u00e1vaj\u00ed jako podez\u0159en\u00ed z teroristick\u00e9ho \u010dinu.<\/span><\/p>\n<p><span>Zpravodajsk\u00e1 agentura Mossad zah\u00e1jila \u201erozs\u00e1hl\u00e9\u201c vy\u0161et\u0159ov\u00e1n\u00ed incidentu spole\u010dn\u011b s emir\u00e1tsk\u00fdmi \u00fa\u0159ady, dodal \u00fa\u0159ad.<\/span><\/p>\n<p><span>Mezit\u00edm prohl\u00e1\u0161en\u00ed ministerstva vnitra Spojen\u00fdch arabsk\u00fdch emir\u00e1t\u016f uvedlo, \u017ee Ab\u00fa Zab\u00ed \u201ezav\u00e1d\u00ed rozs\u00e1hl\u00e1 opat\u0159en\u00ed p\u0159i hled\u00e1n\u00ed\u201c rab\u00edna Kogana, ani\u017e by zm\u00ednilo jeho izraelsk\u00e9 ob\u010danstv\u00ed.<\/span><\/p>\n<p><a href=\"https:\/\/www.ynetnews.com\/article\/skotkxem1l\"><span>Ynet<\/span><\/a><span>\u00a0citoval izraelsk\u00e9 bezpe\u010dnostn\u00ed \u00fa\u0159edn\u00edky, kte\u0159\u00ed uvedli, \u017ee roste podez\u0159en\u00ed, \u017ee Kogan byl zavra\u017ed\u011bn. Izraelsk\u00fd zpravodajsk\u00fd web uvedl, \u017ee Koganovo auto bylo nalezeno opu\u0161t\u011bn\u00e9 v Al Ain, asi 150 kilometr\u016f od Abu Dhabi, kde Kogan s\u00eddl\u00ed.<\/span><\/p>\n<p><span>Webov\u00e9 str\u00e1nky dodaly, ani\u017e by uvedly zdroje, \u017ee \u00fa\u0159edn\u00edci podez\u0159\u00edvaj\u00ed \u0159adu uzbeck\u00fdch ob\u010dan\u016f pod veden\u00edm \u00cdr\u00e1nu, \u017ee napadli rab\u00edna a pozd\u011bji uprchli do Turecka.<\/span><\/p>\n<p><span>Kogan, dvoj\u00ed izraelsko-moldavsk\u00e9 ob\u010danstv\u00ed, slou\u017eil v brig\u00e1d\u011b Givati \u200b\u200bizraelsk\u00fdch obrann\u00fdch sil. Je bl\u00edzk\u00fdm spolupracovn\u00edkem rab\u00edna Leviho Duchmana, hlavn\u00edho rab\u00edna \u017eidovsk\u00e9 komunity ve Spojen\u00fdch arabsk\u00fdch emir\u00e1tech a \u0159\u00eddil ko\u0161er obchod s potravinami Rimon v Dubaji, kde byl nato\u010den jen n\u011bkolik dn\u00ed p\u0159edt\u00edm, ne\u017e byl naposledy vid\u011bn.<\/span><\/p>\n<p><span>Spojen\u00e9 arabsk\u00e9 emir\u00e1ty se za 30 let staly nejv\u00fdznamn\u011bj\u0161\u00edm arabsk\u00fdm st\u00e1tem, kter\u00fd nav\u00e1zal form\u00e1ln\u00ed vztahy s Izraelem na z\u00e1klad\u011b dohody zprost\u0159edkovan\u00e9 Spojen\u00fdmi st\u00e1ty v roce 2020, naz\u00fdvan\u00e9 Abraham Accords.<\/span><\/p>\n<p><span>Izraelsk\u00e1 v\u00e1lka v p\u00e1smu Gazy, kter\u00e1 si dosud vy\u017e\u00e1dala \u017eivoty v\u00edce ne\u017e 44 000 Palestinc\u016f, vztah mezi ob\u011bma zem\u011bmi neovlivnila. Izrael v\u0161ak varoval sv\u00e9 ob\u010dany p\u0159ed cestov\u00e1n\u00edm do SAE uprost\u0159ed zpr\u00e1v o \u00edr\u00e1nsk\u00fdch snah\u00e1ch zam\u011b\u0159it se na Izraelce a \u017didy po cel\u00e9m sv\u011bt\u011b.<\/span><\/p>\n<p><strong><span>Aktualizace:<\/span><\/strong><span>\u00a0T\u011blo Zvi Kogana bylo nalezeno emir\u00e1tsk\u00fdmi \u00fa\u0159ady.<\/span><\/p>\n<p><img decoding=\"async\" loading=\"lazy\" class=\"alignnone size-full wp-image-1185\" src=\"http:\/\/www.infokuryr.cz\/n\/wp-content\/uploads\/2021\/04\/kuryr-podpis.png\" alt=\"\" width=\"84\" height=\"24\" \/><\/p>\n<p>&nbsp;<\/p>\n","protected":false},"excerpt":{"rendered":"<p>Izraelsk\u00fd rab\u00edn Zvi Kogan, kter\u00fd pracuje jako vyslanec kapituly Chabad v hlavn\u00edm m\u011bst\u011b Spojen\u00fdch arabsk\u00fdch&#8230;<\/p>\n","protected":false},"author":2,"featured_media":66829,"comment_status":"closed","ping_status":"closed","sticky":false,"template":"","format":"standard","meta":[],"categories":[7],"tags":[1199,5884,7188],"_links":{"self":[{"href":"https:\/\/www.infokuryr.cz\/n\/wp-json\/wp\/v2\/posts\/66828"}],"collection":[{"href":"https:\/\/www.infokuryr.cz\/n\/wp-json\/wp\/v2\/posts"}],"about":[{"href":"https:\/\/www.infokuryr.cz\/n\/wp-json\/wp\/v2\/types\/post"}],"author":[{"embeddable":true,"href":"https:\/\/www.infokuryr.cz\/n\/wp-json\/wp\/v2\/users\/2"}],"replies":[{"embeddable":true,"href":"https:\/\/www.infokuryr.cz\/n\/wp-json\/wp\/v2\/comments?post=66828"}],"version-history":[{"count":0,"href":"https:\/\/www.infokuryr.cz\/n\/wp-json\/wp\/v2\/posts\/66828\/revisions"}],"wp:featuredmedia":[{"embeddable":true,"href":"https:\/\/www.infokuryr.cz\/n\/wp-json\/wp\/v2\/media\/66829"}],"wp:attachment":[{"href":"https:\/\/www.infokuryr.cz\/n\/wp-json\/wp\/v2\/media?parent=66828"}],"wp:term":[{"taxonomy":"category","embeddable":true,"href":"https:\/\/www.infokuryr.cz\/n\/wp-json\/wp\/v2\/categories?post=66828"},{"taxonomy":"post_tag","embeddable":true,"href":"https:\/\/www.infokuryr.cz\/n\/wp-json\/wp\/v2\/tags?post=66828"}],"curies":[{"name":"wp","href":"https:\/\/api.w.org\/{rel}","templated":true}]}}