{"id":66826,"date":"2024-11-25T00:36:05","date_gmt":"2024-11-24T23:36:05","guid":{"rendered":"https:\/\/www.infokuryr.cz\/n\/?p=66826"},"modified":"2024-11-24T14:24:34","modified_gmt":"2024-11-24T13:24:34","slug":"strelec-zahajil-palbu-pobliz-izraelske-ambasady-v-jordansku","status":"publish","type":"post","link":"https:\/\/www.infokuryr.cz\/n\/2024\/11\/25\/strelec-zahajil-palbu-pobliz-izraelske-ambasady-v-jordansku\/","title":{"rendered":"St\u0159elec zah\u00e1jil palbu pobl\u00ed\u017e izraelsk\u00e9 ambas\u00e1dy v Jord\u00e1nsku"},"content":{"rendered":"<div id=\"fb-root\"><\/div>\n<p><strong><span>St\u0159elec zah\u00e1jil palbu pobl\u00ed\u017e izraelsk\u00e9 ambas\u00e1dy v jord\u00e1nsk\u00e9m hlavn\u00edm m\u011bst\u011b Amm\u00e1nu po\u010d\u00e1tkem 24. listopadu, ne\u017e byl zast\u0159elen.<\/span><\/strong><\/p>\n<p><span>Ofici\u00e1ln\u00ed tiskov\u00e1 agentura Petra s odvol\u00e1n\u00edm na Ve\u0159ejnou bezpe\u010dnost uvedla, \u017ee policie zast\u0159elila st\u0159elce, kter\u00fd st\u0159\u00edlel na policejn\u00ed hl\u00eddku ve \u010dtvrti Rabiah v Amm\u00e1nu. Dodalo, \u017ee bylo zah\u00e1jeno vy\u0161et\u0159ov\u00e1n\u00ed bezpe\u010dnostn\u00edho incidentu.<\/span><\/p>\n<p><span>Jord\u00e1nsk\u00e1 policie ji\u017e d\u0159\u00edve uzav\u0159ela oblast pobl\u00ed\u017e p\u0159\u00edsn\u011b st\u0159e\u017een\u00e9 ambas\u00e1dy pot\u00e9, co byly sly\u0161et v\u00fdst\u0159ely. Policejn\u00ed vozy a sanitky byly tak\u00e9 vid\u011bt, jak sp\u011bchaj\u00ed do Rabiah. Obyvatel\u016fm v sousedstv\u00ed bylo na\u0159\u00edzeno z\u016fstat ve sv\u00fdch domovech.<\/span><\/p>\n<p><span>Pozd\u011bji Ve\u0159ejn\u00e1 bezpe\u010dnost ozn\u00e1mila, \u017ee t\u0159i jej\u00ed zam\u011bstnanci utrp\u011bli zran\u011bn\u00ed p\u0159i p\u0159est\u0159elce se zabit\u00fdm st\u0159elcem.<\/span><\/p>\n<p><iframe loading=\"lazy\" src=\"https:\/\/s5.cdnstatic.space\/wp-content\/uploads\/2024\/11\/twitsave.com_JKHMvCONTNmbf5rO.mp4\" width=\"600\" height=\"338\" data-mce-fragment=\"1\"><\/iframe><\/p>\n<p><iframe loading=\"lazy\" src=\"https:\/\/s5.cdnstatic.space\/wp-content\/uploads\/2024\/11\/twitsave.com_m8M4527RaKQK-ST0.mp4\" width=\"600\" height=\"338\" data-mce-fragment=\"1\"><\/iframe><\/p>\n<p><span>Rabiah byl sv\u011bdkem n\u011bkolika velk\u00fdch protest\u016f proti Izraeli po vypuknut\u00ed v\u00e1lky v p\u00e1smu Gazy, kter\u00e1 si dosud vy\u017e\u00e1dala \u017eivoty v\u00edce ne\u017e 44 000 Palestinc\u016f.<\/span><\/p>\n<p><span>Izraelsk\u00fd velvyslanec Amir Weissbrod je v Izraeli od odjezdu z bezpe\u010dnostn\u00edch d\u016fvod\u016f po za\u010d\u00e1tku v\u00e1lky v \u0159\u00edjnu lo\u0148sk\u00e9ho roku.<\/span><\/p>\n<p><span>V\u00e1lka v Gaze zp\u016fsobila ur\u010dit\u00e9 nap\u011bt\u00ed mezi Izraelem a Jord\u00e1nskem, kter\u00e9 host\u00ed asi dva miliony palestinsk\u00fdch uprchl\u00edk\u016f. Ob\u011b strany v\u0161ak nad\u00e1le spolupracuj\u00ed ve vojensk\u00fdch a bezpe\u010dnostn\u00edch ot\u00e1zk\u00e1ch. Ob\u011b zem\u011b zv\u00fd\u0161ily bezpe\u010dnost na sv\u00fdch spole\u010dn\u00fdch hranic\u00edch po dvou samostatn\u00fdch \u00fatoc\u00edch jord\u00e1nsk\u00fdch ozbrojenc\u016f na izraelskou stranu loni v z\u00e1\u0159\u00ed a \u0159\u00edjnu.<\/span><\/p>\n<p><img decoding=\"async\" loading=\"lazy\" class=\"alignnone size-full wp-image-1185\" src=\"http:\/\/www.infokuryr.cz\/n\/wp-content\/uploads\/2021\/04\/kuryr-podpis.png\" alt=\"\" width=\"84\" height=\"24\" \/><\/p>\n<p>&nbsp;<\/p>\n","protected":false},"excerpt":{"rendered":"<p>St\u0159elec zah\u00e1jil palbu pobl\u00ed\u017e izraelsk\u00e9 ambas\u00e1dy v jord\u00e1nsk\u00e9m hlavn\u00edm m\u011bst\u011b Amm\u00e1nu po\u010d\u00e1tkem 24. listopadu, ne\u017e&#8230;<\/p>\n","protected":false},"author":2,"featured_media":66827,"comment_status":"closed","ping_status":"closed","sticky":false,"template":"","format":"standard","meta":[],"categories":[7],"tags":[6118,6163,5135],"_links":{"self":[{"href":"https:\/\/www.infokuryr.cz\/n\/wp-json\/wp\/v2\/posts\/66826"}],"collection":[{"href":"https:\/\/www.infokuryr.cz\/n\/wp-json\/wp\/v2\/posts"}],"about":[{"href":"https:\/\/www.infokuryr.cz\/n\/wp-json\/wp\/v2\/types\/post"}],"author":[{"embeddable":true,"href":"https:\/\/www.infokuryr.cz\/n\/wp-json\/wp\/v2\/users\/2"}],"replies":[{"embeddable":true,"href":"https:\/\/www.infokuryr.cz\/n\/wp-json\/wp\/v2\/comments?post=66826"}],"version-history":[{"count":0,"href":"https:\/\/www.infokuryr.cz\/n\/wp-json\/wp\/v2\/posts\/66826\/revisions"}],"wp:featuredmedia":[{"embeddable":true,"href":"https:\/\/www.infokuryr.cz\/n\/wp-json\/wp\/v2\/media\/66827"}],"wp:attachment":[{"href":"https:\/\/www.infokuryr.cz\/n\/wp-json\/wp\/v2\/media?parent=66826"}],"wp:term":[{"taxonomy":"category","embeddable":true,"href":"https:\/\/www.infokuryr.cz\/n\/wp-json\/wp\/v2\/categories?post=66826"},{"taxonomy":"post_tag","embeddable":true,"href":"https:\/\/www.infokuryr.cz\/n\/wp-json\/wp\/v2\/tags?post=66826"}],"curies":[{"name":"wp","href":"https:\/\/api.w.org\/{rel}","templated":true}]}}