{"id":6679,"date":"2021-12-07T02:52:52","date_gmt":"2021-12-07T01:52:52","guid":{"rendered":"http:\/\/www.infokuryr.cz\/n\/?p=6679"},"modified":"2021-12-07T02:52:52","modified_gmt":"2021-12-07T01:52:52","slug":"chapadla-bruselske-chobotnice-na-likvidaci-nepohodlnych-politiku","status":"publish","type":"post","link":"https:\/\/www.infokuryr.cz\/n\/2021\/12\/07\/chapadla-bruselske-chobotnice-na-likvidaci-nepohodlnych-politiku\/","title":{"rendered":"Chapadla bruselsk\u00e9 chobotnice na likvidaci nepohodln\u00fdch politik\u016f"},"content":{"rendered":"<div id=\"fb-root\"><\/div>\n<p>Rakousk\u00fd den\u00edk Exxpres zve\u0159ejnil zaj\u00edmav\u00fd rozhovor s europoslancem za FP\u00d6 a b\u00fdval\u00fdm vicekancl\u00e9\u0159em Heinzem-Christianem Strachem. V roce 2017 spolu s dnes u\u017e rovn\u011b\u017e b\u00fdval\u00fdm kancl\u00e9\u0159em Sebastianem Kurzem (\u00d6VP) sestavili prvn\u00ed protimigra\u010dn\u00ed vl\u00e1du v z\u00e1padn\u00ed Evrop\u011b. Na hranice Rakouska poslali speci\u00e1ln\u00ed policejn\u00ed jednotky a voj\u00e1ky, aby zastavili proudy migrant\u016f val\u00edc\u00ed se do zem\u011b z v\u00fdchodu a z jihu. K ut\u011bsn\u011bn\u00ed horsk\u00fdch p\u0159echod\u016f v Alp\u00e1ch dokonce nasadili obrn\u011bn\u00e9 transport\u00e9ry.<\/p>\n<p>Vz\u00e1p\u011bt\u00ed se na \u00farovni EU postavili po bok notorick\u00fdch unijn\u00edch pot\u00ed\u017eist\u016f ma\u010farsk\u00e9ho premi\u00e9ra Viktora Orb\u00e1na (FIDESZ) a tehdej\u0161\u00ed polsk\u00e9 premi\u00e9rky Beaty Szidlov\u00e9 (PiS) a jej\u00edho n\u00e1stupce Mateusze Morawieck\u00e9ho (PiS) a spole\u010dn\u011b v Evropsk\u00e9 rad\u011b shodili ze stolu n\u00e1vrh reformy unijn\u00edho azylov\u00e9ho pr\u00e1va, kter\u00fd m\u011bl d\u00e1t ka\u017ed\u00e9mu, kdo p\u0159\u00edjde, pr\u00e1vo na neomezen\u00fd pobyt v EU. Pot\u00e9 donutili Komisi vz\u00edt zp\u011bt i n\u00e1vrh na\u0159\u00edzen\u00ed o povinn\u00e9m p\u0159erozd\u011blov\u00e1n\u00ed migrant\u016f. Pol\u00e1ci a Ma\u010fa\u0159i proti n\u011bmu state\u010dn\u011b bojovali od migra\u010dn\u00ed tsunami z roku 2015. N\u00e1vrh spadl zp\u011bt do \u0161upl\u00edku eurokrat\u016f teprve pot\u00e9, kdy jasn\u00e9 \u201eNE\u201c \u0159ekli Raku\u0161an\u00e9 \u2013 z\u00e1stupci vl\u00e1dy zem\u011b, kter\u00e1 je \u010dist\u00fdm pl\u00e1tcem do rozpo\u010dtu EU.<\/p>\n<p>P\u0159\u00edklady t\u00e1hnou. N\u011bkolik m\u011bs\u00edc\u016f pot\u00e9 v roce 2018 vyhr\u00e1la v It\u00e1lii parlamentn\u00ed volby strana Lega a jej\u00ed p\u0159edseda Matteo Salvini se stal ministrem vnitra. S pomoc\u00ed intenzivn\u00edho nasazen\u00ed v\u0161ech italsk\u00fdch represivn\u00edch slo\u017eek a vojensk\u00e9ho n\u00e1mo\u0159nictva se mu poda\u0159ilo zastavit proud migrant\u016f sm\u011b\u0159uj\u00edc\u00edch do It\u00e1lie z Afriky. Pot\u00e9 ale vstoupilo v \u00fa\u010dinnost na\u0159\u00edzen\u00ed 2017\/1939, kter\u00fdm se prov\u00e1d\u00ed pos\u00edlen\u00e1 spolupr\u00e1ce za \u00fa\u010delem z\u0159\u00edzen\u00ed \u00da\u0159adu evropsk\u00e9ho ve\u0159ejn\u00e9ho \u017ealobce. Bruselsk\u00e1 chobotnice rozt\u00e1hla z Lucemburku sv\u00e1 chapadla t\u00e9m\u011b\u0159 po cel\u00e9 EU. Na z\u00e1klad\u011b na\u0159\u00edzen\u00ed z roku 2017 byla z\u0159\u00edzena s\u00ed\u0165 sest\u00e1vaj\u00edc\u00ed z \u00fast\u0159ed\u00ed \u201efeder\u00e1ln\u00ed\u201c unijn\u00ed prokuratury a skupiny unijn\u00edch prokur\u00e1tor\u016f v \u010dlensk\u00fdch st\u00e1tech. Do s\u00edt\u011b byli za\u0159azeni st\u00e1vaj\u00edc\u00ed prokur\u00e1to\u0159i v\u011bt\u0161inou z m\u00edst nach\u00e1zej\u00edc\u00edch se t\u011bsn\u011b pod vrcholkem cel\u00e9 st\u00e1tn\u00ed soustavy \u017ealobc\u016f.<\/p>\n<p>U n\u00e1s tuto funkci pln\u00ed vrchn\u00ed st\u00e1tn\u00ed z\u00e1stupci z Prahy a Brna. Tedy parta v USA a v Bruselu vy\u0161kolen\u00fdch prokur\u00e1tor\u016f, kte\u0159\u00ed v roce 2013 nechali pro \u00fadajn\u00e9 podez\u0159en\u00ed ze zneu\u017eit\u00ed vojensk\u00e9 rozv\u011bdky obsadit policejn\u00edmi t\u011b\u017ekood\u011bnci \u00da\u0159ad vl\u00e1dy. Af\u00e9ra, po n\u00ed\u017e padla vl\u00e1da Petra Ne\u010dase (ODS) dodnes nen\u00ed pravomocn\u011b soudn\u011b skon\u010dena. B\u00fdval\u00e9 \u0161\u00e9fce kabinetu p\u0159edsedy vl\u00e1dy se v\u0161ak poda\u0159ilo prok\u00e1zat pouze p\u0159ijet\u00ed n\u011bkolika kabelek, kter\u00e9 nezdanila. Kv\u016fli af\u00e9\u0159e v\u0161ak byl zastaven tender na dostavbu Jadern\u00e9 elektr\u00e1rny Temel\u00edn. V\u00fdstavba nov\u00e9ho jadern\u00e9ho zdroje tak u n\u00e1s uv\u00edzla na mrtv\u00e9m bod\u011b, co\u017e nesm\u00edrn\u011b vyhovuje Bruselu, kter\u00fd v r\u00e1mci Zelen\u00e9ho \u00fad\u011blu prosazuje fotovoltaiky a v\u011btrn\u00e9 elektr\u00e1rny. Mimochodem oba vrchn\u00ed st\u00e1tn\u00ed z\u00e1stupci usilovn\u011b prosazuj\u00ed novelu z\u00e1kona, kter\u00e1 by jim dala stejn\u00e9 postaven\u00ed jako rakousk\u00e9 WKStA.<\/p>\n<p>Unijn\u00edm prokur\u00e1tor\u016fm byly p\u016fvodn\u011b vyhrazeny ke st\u00edh\u00e1n\u00ed jen trestn\u00e9 \u010diny t\u00fdkaj\u00edc\u00ed se rozkr\u00e1d\u00e1n\u00ed dotac\u00ed z rozpo\u010dtu EU. Pozd\u011bji se Komisi poda\u0159ilo prosadit roz\u0161\u00ed\u0159en\u00ed jejich p\u016fsobnosti na ve\u0161kerou trestnou \u010dinnost proti z\u00e1jm\u016fm EU. Nyn\u00ed dokonce eurokomisa\u0159ka pro evropsk\u00e9 hodnoty V\u011bra Jourov\u00e1 (ANO) navrhuje, aby \u201efeder\u00e1ln\u00edm\u201c prokur\u00e1tor\u016fm bylo sv\u011b\u0159eno st\u00edh\u00e1n\u00ed verb\u00e1ln\u00edch trestn\u00fdch \u010din\u016f tzv. \u201e\u0161\u00ed\u0159en\u00ed nen\u00e1visti\u201c.<\/p>\n<p>Na\u0159\u00edzen\u00ed o \u00da\u0159adu evropsk\u00e9ho ve\u0159ejn\u00e9ho \u017ealobce se neorganicky vlomilo do trestn\u00edch \u0159\u00e1d\u016f \u010dlensk\u00fdch st\u00e1t\u016f. Prokur\u00e1tor jednaj\u00edc\u00ed v trestn\u00ed v\u011bci jako evropsk\u00fd ve\u0159ejn\u00fd \u017ealobce p\u0159est\u00e1v\u00e1 v toto konkr\u00e9tn\u00edm p\u0159\u00edpad\u011b b\u00fdt sou\u010d\u00e1st\u00ed n\u00e1rodn\u00ed soustavy st\u00e1tn\u00edch z\u00e1stupc\u016f. Nen\u00ed v\u00e1z\u00e1n pokyny nad\u0159\u00edzen\u00e9ho st\u00e1tn\u00edho \u017ealobce ani nejvy\u0161\u0161\u00edho st\u00e1tn\u00edho z\u00e1stupce sv\u00e9 zem\u011b. Proti jeho rozhodnut\u00ed nen\u00ed mo\u017en\u00e9 si podat opravn\u00fd prost\u0159edek u nad\u0159\u00edzen\u00e9ho st\u00e1tn\u00edho z\u00e1stupce ani u m\u00edst\u011b p\u0159\u00edslu\u0161n\u00e9ho soudu, jako je tomu u b\u011b\u017en\u00fdch p\u0159\u00edpad\u016f. Odvol\u00e1n\u00ed proti procesn\u00edmu \u00fakonu proveden\u00e9mu v\u016f\u010di podez\u0159el\u00e9mu nebo obvin\u011bn\u00e9mu mus\u00ed b\u00fdt pod\u00e1no centr\u00e1le unijn\u00ed feder\u00e1ln\u00ed prokuratury v Lucembruku.<\/p>\n<p>N\u011bkolik zem\u00ed prohl\u00e1silo toto na\u0159\u00edzen\u00ed za neslu\u010diteln\u00e9 s jejich \u00fastavn\u00edm syst\u00e9mem. D\u00e1nsko a Irsko si u\u017e v okam\u017eiku schv\u00e1len\u00ed na\u0159\u00edzen\u00ed vyjednali v\u00fdjimku a syst\u00e9mu se ne\u00fa\u010dastn\u00ed. Ma\u010farsko, Polsko, \u0160v\u00e9dsko a Slovinsko odm\u00edtli na\u0159\u00edzen\u00ed prov\u00e9st a zablokovali na sv\u00e9m \u00fazem\u00ed jmenov\u00e1n\u00ed unijn\u00edch prokur\u00e1tor\u016f. Slovinsko nyn\u00ed p\u0159edsed\u00e1 Evropsk\u00e9 rad\u011b a t\u011bsn\u011b po p\u0159evzet\u00ed p\u0159edsednictv\u00ed spole\u010dn\u011b s dal\u0161\u00edmi 4 rebelsk\u00fdmi zem\u011bmi zablokovali \u00fapln\u00e9 zprovozn\u011bn\u00ed \u00da\u0159adu evropsk\u00e9ho ve\u0159ejn\u00e9ho \u017ealobce t\u00edm, \u017ee odm\u00edtli vyslat do centr\u00e1ly feder\u00e1ln\u00ed prokuratury sv\u00e9 z\u00e1stupce. Francie vz\u00e1p\u011bt\u00ed odm\u00edtla uznat autoritu francouzsk\u00e9ho prokur\u00e1tora, kter\u00e9ho do centr\u00e1ly povolala rumunsk\u00e1 \u0161\u00e9fka \u00fa\u0159adu Laura Cordula K\u00f6vesi (na obr\u00e1zku), proto\u017ee jde o jinou osobu, ne\u017e kter\u00e1 ve Francii vyhr\u00e1la v\u00fdb\u011brov\u00e9 \u0159\u00edzen\u00ed na obsazen\u00ed funkce francouzsk\u00e9ho z\u00e1stupce.<\/p>\n<p>Gener\u00e1ln\u00ed unijn\u00ed prokur\u00e1torka jmenov\u00e1n\u00ed provedla v rozporu s na\u0159\u00edzen\u00edm, kter\u00e9 stanov\u00ed, \u017ee z\u00e1stupce zem\u011b je vyb\u00edr\u00e1n pr\u00e1v\u011b ve v\u00fdb\u011brov\u00e9m \u0159\u00edzen\u00ed z n\u00e1rodn\u00edch prokur\u00e1tor\u016f. \u00da\u0159ad tak v podstat\u011b nem\u016f\u017ee plnohodnotn\u011b vykon\u00e1vat svoji \u010dinnost. Probl\u00e9m je nap\u0159\u00edklad pr\u00e1v\u011b s rozhodov\u00e1n\u00edm o st\u00ed\u017enostech proti rozhodnut\u00ed unijn\u00edch prokur\u00e1tor\u016f v \u010dlensk\u00fdch st\u00e1tech. To v\u0161ak prokur\u00e1tor\u016fm zapojen\u00fdm do s\u00edt\u011b nebr\u00e1n\u00ed, aby v \u010dlensk\u00fdch st\u00e1tech p\u016fsobili jako \u201eunijn\u00ed politick\u00e1 tajn\u00e1 slu\u017eba\u201c &#8211; n\u011bco jako \u201ebruselsk\u00e1 KGB \u201c.<\/p>\n<p>Politicky zlikvidovat se jim poda\u0159ilo ji\u017e n\u011bkolik p\u0159edn\u00edch odp\u016frc\u016f politiky prosazovan\u00e9 Bruselem. Jako prvn\u00ed byl speci\u00e1ln\u00edm prokur\u00e1torem obvin\u011bn italsk\u00fd ministr vnitra Matteo Salvini. Italsk\u00fd prokur\u00e1tor zapojen\u00fd do s\u00edt\u011b Evropsk\u00e9ho ve\u0159ejn\u00e9ho \u017ealobce jej za p\u0159\u00edkaz, kter\u00fd jako ministr vnitra vydal policist\u016fm a pob\u0159e\u017en\u00ed str\u00e1\u017e\u00ed, aby nevpou\u0161t\u011bli do italsk\u00fdch p\u0159\u00edstav\u016f a pob\u0159e\u017en\u00edch vod lod\u011b s migranty, obvinil z trestn\u00e9ho \u010dinu nab\u00e1d\u00e1n\u00ed k vra\u017ed\u011b migrant\u016f a z vyd\u00edr\u00e1n\u00ed org\u00e1n\u016f EU. Salvini byl obvin\u011bn v srpnu 2018. Prokur\u00e1tor pro n\u011bj po\u017eadoval trest 15 a\u017e 30 let v\u011bzen\u00ed. Salvini dok\u00e1zal rok vzdorovat. Do srpna 2019 sv\u00e1d\u011bl se sv\u00fdmi pr\u00e1vn\u00edky procedur\u00e1ln\u00ed bitvy s prokur\u00e1torem. Kdy\u017e byl jeho p\u0159\u00edpad p\u0159ed\u00e1n soudu, tehdej\u0161\u00ed premi\u00e9r Giuseppe Conte jej z vl\u00e1dy odvolal a n\u00e1sledn\u011b sestavil novou vl\u00e1du bez hnut\u00ed Lega.<\/p>\n<p>Po 2 letech soudn\u00edch tahanic byl Salvini 21. 10. 2021 pravomocn\u011b zpro\u0161t\u011bn obvin\u011bn\u00ed. Soudce v Palermu v rozsudku konstatoval, \u017ee \u201ese ministr Salvini nedopustil \u017e\u00e1dn\u00e9ho poru\u0161en\u00ed z\u00e1kona, n\u00fdbr\u017e \u017ee jen h\u00e1jil &#8222;n\u00e1rodn\u00ed z\u00e1jmy&#8220;. Jen\u017ee mezi t\u00edm ji\u017e 2 roky do It\u00e1lie proud\u00ed tis\u00edce ileg\u00e1ln\u00edch migrant\u016f, proto\u017ee jeho n\u00e1stupkyn\u011b na vnitru Luciana Lamorgeseov\u00e1 st\u0159edomo\u0159skou migra\u010dn\u00ed trasu obnovila.<\/p>\n<p>A proto\u017ee p\u0159\u00edklady t\u00e1hnou, byl v kv\u011btnu 2019 sp\u00e1ch\u00e1n \u00fasp\u011b\u0161n\u00fd politick\u00fd atent\u00e1t i na rakousk\u00e9ho vicekancl\u00e9\u0159e Heinze-Christiana Stracheho. N\u011bmeck\u00fd den\u00edk Der Spiegel spolu s n\u011bmeckou ve\u0159ejnopr\u00e1vn\u00ed televiz\u00ed ZDF zve\u0159ejnili video ze zinscenovan\u00e9ho setk\u00e1n\u00ed rakousk\u00e9ho m\u00edstop\u0159edsedy vl\u00e1dy a p\u0159edsedy strany FP\u00d6 s \u00fadajnou dcerou rusk\u00e9ho oligarchy, kde m\u011bl slibovat pomoc se z\u00edsk\u00e1n\u00edm ve\u0159ejn\u00fdch zak\u00e1zek v\u00fdm\u011bnou za \u00faplatky pro Svobodn\u00e9. Strache byl 18. 5. 2019 donucen k rezignaci na funkci ve vl\u00e1d\u011b i na funkci \u0161\u00e9fa FP\u00d6. Vl\u00e1dn\u00ed krize, kterou af\u00e9ra vyvolala, nakonec vedla a\u017e k rozpadu prvn\u00ed vl\u00e1dy kancl\u00e9\u0159e Sebastina Kurze. Po p\u00e1du Kurzovy prvn\u00ed vl\u00e1dy rakousk\u00fd prezident Alexander Van der Bellen (Zelen\u00ed) jmenoval \u00fa\u0159ednickou vl\u00e1du kancl\u00e9\u0159ky Brigitte Bierleinov\u00e9. Lidovci j\u00ed v\u0161ak nedali \u010das na razantn\u00ed zm\u011bnu rakousk\u00e9 politiky. Spole\u010dn\u011b s dal\u0161\u00edmi stranami hlasov\u00e1n\u00edm v doln\u00ed komo\u0159e parlamentu N\u00e1rodn\u00ed rad\u011b vyvolali p\u0159ed\u010dasn\u00e9 parlamentn\u00ed volby. \u00d6VP je drtiv\u011b vyhr\u00e1la s 37% hlas\u016f a Sebastian Kurz se v z\u00e1\u0159\u00ed stal znovu spolkov\u00fdm kancl\u00e9\u0159em.<\/p>\n<p>T\u011b\u017ece zkou\u0161en\u00fd Strache byl v t\u00e9 dob\u011b v mimo\u0159\u00e1dn\u011b slo\u017eit\u00e9 osobn\u00ed situaci postaven a\u017e na posledn\u00ed m\u00edsto kandid\u00e1tky do Evropsk\u00e9ho parlamentu. B\u011bhem volebn\u00ed kampan\u011b Speci\u00e1ln\u00ed protikorup\u010dn\u00ed st\u00e1tn\u00ed zastupitelstv\u00ed (WKStA) ve V\u00eddni, kter\u00e9 je rovn\u011b\u017e sou\u010d\u00e1st\u00ed s\u00edt\u011b \u00da\u0159adu evropsk\u00e9ho ve\u0159ejn\u00e9ho \u017ealobce, b\u00fdval\u00e9ho \u010dlena vl\u00e1dy pomoc\u00ed sp\u0159\u00e1telen\u00fdch m\u00e9di\u00ed denn\u011b \u0161pinilo v m\u00e9di\u00edch. Novin\u00e1\u0159\u016fm byly ka\u017ed\u00fd den p\u0159ed\u00e1v\u00e1ny \u00fatr\u017eky informac\u00ed z trestn\u00edho spisu. V t\u00e9to atmosf\u00e9\u0159e v\u0161eobecn\u00e9 \u0161tvanice proti Svobodn\u00fdm z\u00edskala FP\u00d6 ve volb\u00e1ch do europarlamentu 3 poslaneck\u00e9 mand\u00e1ty. Strache d\u00edky v\u00edce ne\u017e 45 tis\u00edc\u016fm preferen\u010dn\u00edch hlas\u016f vysko\u010dil z m\u00edsta posledn\u00edho n\u00e1hradn\u00edka a\u017e na prvn\u00edho rakousk\u00e9ho europoslance za Svobodn\u00e9. Po \u017e\u00e1dosti o zbaven\u00ed imunity, kter\u00e9 pl\u00e9num EP vyhov\u011blo, byl Strache 13. srpna 2019 speci\u00e1ln\u00edm prokur\u00e1torem obvin\u011bn ze 4 trestn\u00fdch \u010din\u016f.<\/p>\n<p>Po 2 letech soudn\u00edch tahanic byl ve v\u0161ech 4 p\u0159\u00edpadech soudem pravomocn\u011b zpro\u0161t\u011bn viny. Jeden n\u00e1vrh ob\u017ealoby byl prokuratu\u0159e vr\u00e1cen ihned po jej\u00edm pod\u00e1n\u00ed soudu pro zmate\u010dnost. Nepravomocn\u011b byl Strache odsouzen 27. 8. 2021 k 15 m\u011bs\u00edc\u016fm v\u011bzen\u00ed za \u00fadajnou korupci. Ne\u0161lo v\u0161ak o p\u0159\u00edpad souvisej\u00edc\u00ed s af\u00e9rou Ibiza. Strache byl odsouzen za to, \u017ee jako vedouc\u00ed stranick\u00fd funkcion\u00e1\u0159 nesl odpov\u011bdnost za p\u0159ijet\u00ed sponzorsk\u00e9ho daru 12 tis\u00edc eur od sv\u00e9ho p\u0159\u00edtele Waltera Grubm\u00fcllera. Spolumajitel kliniky, z jej\u00edch\u017e \u00fa\u010dt\u016f dar poch\u00e1zel, o zasl\u00e1n\u00ed p\u0159\u00edsp\u011bvku \u00fadajn\u011b nev\u011bd\u011bl a nesouhlasil s n\u00edm. Strache m\u011bl podle ob\u017ealoby klinice sl\u00edbit zv\u00fd\u0161en\u00ed limitu \u00fahrad zdravotn\u00ed p\u00e9\u010de ze zdravotn\u00edho poji\u0161t\u011bn\u00ed, i kdy\u017e u\u017e v dob\u011b \u00fadajn\u00e9ho sp\u00e1ch\u00e1n\u00ed tohoto \u010dinu nebyl \u010dlenem vl\u00e1dy ani p\u0159edsedou strany. Zv\u00fd\u0161en\u00ed tr\u017eeb kliniky se nepoda\u0159ilo dolo\u017eit. Proti tomuto absurdn\u00edmu rozsudku se Strache na m\u00edst\u011b odvolal. Odvolac\u00ed \u0159\u00edzen\u00ed je\u0161t\u011b nen\u00ed skon\u010deno.<br \/>\nNesmysln\u00e1 \u017ealoba na n\u011bj byla pod\u00e1na pot\u00e9, kdy soudy postupn\u011b zam\u00edtly v\u0161echny \u017ealoby podan\u00e9 v r\u00e1mci af\u00e9ry Ibiza.<\/p>\n<p>V podstat\u011b na odveden\u00ed pozornosti od blam\u00e1\u017ee, kterou speci\u00e1ln\u00ed prokur\u00e1to\u0159i utrp\u011bli. V roce 2020 se toti\u017e rakousk\u00e9mu den\u00edku Krone Zeitung poda\u0159ilo z\u00edskat cel\u00fd nesest\u0159\u00edhan\u00fd z\u00e1znam Stracheho sch\u016fzky s \u00fadajnou dcerou rusk\u00e9ho oligarchy, k n\u00ed\u017e do\u0161lo ve \u0161pan\u011blsk\u00e9m letovisku. Z\u00e1znam byl k odvys\u00edl\u00e1n\u00ed v televizi upraven tak, \u017ee ze n\u011bj byly vyst\u0159i\u017eeny v\u0161echny pas\u00e1\u017ee, v nich\u017e Strache zd\u016fraz\u0148uje, \u017ee odm\u00edt\u00e1 prov\u00e1d\u011bt cokoli neleg\u00e1ln\u00edho, a \u017ee ani nebude zak\u00e1zkami nijak manipulovat.<\/p>\n<p>Den\u00edku Exxpres poskytl rozhovor po 27 m\u011bs\u00edc\u00edch nep\u0159etr\u017eit\u00e9ho trestn\u00edho st\u00edh\u00e1n\u00ed speci\u00e1ln\u00edmi prokur\u00e1tory. Kr\u00e1tce pot\u00e9, kdy soud pravomocn\u011b zastavil jeho trestn\u00ed st\u00edh\u00e1n\u00ed ve sdru\u017een\u00fdch p\u0159\u00edpadech z\u00edsk\u00e1v\u00e1n\u00ed sponzorsk\u00fdch dar\u016f pro FP\u00d6. Toto jeho st\u00edh\u00e1n\u00ed bylo speci\u00e1ln\u00edmi prokur\u00e1tory napojen\u00fdmi na \u201eunijn\u00ed feder\u00e1ln\u00ed prokuraturu\u201c zah\u00e1jeno tak\u00e9 a\u017e pot\u00e9, kdy se uk\u00e1zalo, \u017ee v r\u00e1mci af\u00e9ry Ibiza \u017ealobci nemaj\u00ed v ruce nic, co by mohlo poslou\u017eit jako d\u016fkaz k odsouzen\u00ed. Prost\u011b \u00fa\u010delov\u00e1 \u0161ikana nepohodln\u00e9ho politika.<\/p>\n<p>Strache v rozhovoru popisuje, jak jej prokur\u00e1torsk\u00fd teror p\u0159ipravil t\u00e9m\u011b\u0159 o v\u0161e. Kv\u016fli obrovsk\u00e9mu tlaku se mu rozpadla rodina. Na obhajobu padly ve\u0161ker\u00e9 jeho \u00faspory. \u201eKa\u017ed\u00fd m\u011bs\u00edc m\u011b n\u00e1klady na advok\u00e1ty stoj\u00ed n\u011bkolik tis\u00edc eur. Kdybych nebyl europoslancem, u\u017e bych d\u00e1vno skon\u010dil na ulici.\u201c, \u0159\u00edk\u00e1 v rozhovoru b\u00fdval\u00fd vicekancl\u00e9\u0159. Den\u00edk Exxpres zve\u0159ejnil i videoz\u00e1znam rozhovoru. Sou\u010dasn\u00fd europoslanec na n\u011bm p\u016fsob\u00ed zni\u010den\u00fdm dojmem. Z kdysi usm\u011bvav\u00e9ho a vesel\u00e9ho politika je p\u0159ed\u010dasn\u011b zest\u00e1rl\u00fd mu\u017e s podlomen\u00fdm zdrav\u00edm. V sou\u010dasn\u00e9 dob\u011b m\u00e1 ruku fixovanou v dlaze s \u00fanavovou zlomeninou. K t\u011bmto stav\u016fm doch\u00e1z\u00ed, kdy\u017e je t\u011blo dlouhodob\u011b vystaveno nadm\u011brn\u00e9mu stresu a za\u010dne vyplavovat z organismu v\u00e1pn\u00edk. I p\u0159i nijak riskantn\u00ed \u010dinnosti pak m\u016f\u017ee doj\u00edt ke zlomenin\u011b. Tyto \u00farazy jsou typick\u00fdm p\u0159\u00edznakem psychick\u00e9ho t\u00fdr\u00e1n\u00ed, kter\u00e9 je zak\u00e1z\u00e1no mezin\u00e1rodn\u00edmi smlouvami proti mu\u010den\u00ed.<\/p>\n<p>Strache v rozhovoru popisuje, jak byl opakovan\u011b po\u0159\u00e1d dokola speci\u00e1ln\u00edmi prokur\u00e1tory p\u0159edvol\u00e1v\u00e1n a obvi\u0148ov\u00e1n i v p\u0159\u00edpadech, u nich\u017e bylo u\u017e od za\u010d\u00e1tku jasn\u00e9, \u017ee nejde o trestn\u00e9 \u010diny. Jedn\u00e1n\u00ed prokur\u00e1tor\u016f, kdy\u017e v\u017edy znovu zji\u0161\u0165ovali, \u017ee proti n\u011bmu nemaj\u00ed nic v ruce, popsal slovy \u201ehysterick\u00e9, fanatick\u00e9 a zb\u011bsil\u00e9\u201c. V rozhovoru uvedl, \u017ee u\u017e nedouf\u00e1, \u017ee by se mu n\u011bkdy poda\u0159ilo vr\u00e1tit do vrcholn\u00e9 rakousk\u00e9 politiky. \u201e\u017diju ze dne na den \u2013 jen to mus\u00edm n\u011bjak p\u0159e\u017e\u00edt. A chci bojovat d\u00e1l.&#8220;, \u0159ekl Strache. V z\u00e1v\u011bru rozhovoru popisuje sv\u016fj n\u00e1zor na d\u011bn\u00ed v FP\u00d6 po af\u00e9\u0159e Ibiza. Jeho n\u00e1stupce ve funkci p\u0159edsedy Norbert Hofer po p\u0159ed\u010dasn\u00fdch parlamentn\u00edch volb\u00e1ch odm\u00edtl nab\u00eddku kancl\u00e9\u0159e Sebastiana Kurze na dal\u0161\u00ed \u00fa\u010dast Svobodn\u00fdch ve vl\u00e1d\u011b. Kurz sestavil vl\u00e1du se Zelen\u00fdmi. Poda\u0159ilo se mu v\u0161ak i v nov\u00e9m kabinetu udr\u017eet protimigra\u010dn\u00ed sm\u011b\u0159ov\u00e1n\u00ed zem\u011b.<\/p>\n<p>Strache popsal, jak jej na po\u010d\u00e1tku v\u0161ichni uji\u0161\u0165ovali, \u017ee jej podr\u017e\u00ed. Ve vl\u00e1d\u011b i ve veden\u00ed strany. A jak od n\u011bj postupn\u011b dali ruce pry\u010d. Sd\u011blil, \u017ee m\u011bl informace o tom, \u017ee jeho kriminalizace byla p\u0159ipravov\u00e1na dlouho dop\u0159edu. N\u011bkolika pokus\u016fm \u2013 mimo jin\u00e9 s nastra\u017een\u00fdmi drogami v aut\u011b, kter\u00e9 m\u011bla prohledat policie, se mu poda\u0159ilo vyhnout. T\u00edm \u017ee se o nich v\u010das dozv\u011bd\u011bl a nechal auto vym\u011bnit. Pasti na Ibize v\u0161ak neunikl. Po n\u011bm byl speci\u00e1ln\u00ed prokuraturou \u201epoliticky popraven\u201c i kancl\u00e9\u0159 Sebastian Kurz. Op\u011bt zcela vykonstruovanou af\u00e9rou. \u201eMysl\u00edm si, \u017ee kdyby Kurz m\u011bl tehdy dne\u0161n\u00ed zku\u0161enost, \u017ee by vl\u00e1du nepolo\u017eil.\u201c, \u0159ekl Strache v rozhovoru pro Exxpres.<\/p>\n<p>V z\u00e1v\u011bru pov\u00edd\u00e1n\u00ed s redaktory Exxpresu uvedl, \u017ee jej mrz\u00ed sm\u011br, kter\u00fdm se dnes FP\u00d6 ub\u00edr\u00e1 pot\u00e9, kdy jeho n\u00e1stupce v \u010dele strany Norberta Hofera nahradil na postu p\u0159edsedy Herbert Kickl. Strana se radikalizuje proti lidovc\u016fm, kter\u00fd jsou ale podle Stracheho jedin\u00fdm mo\u017en\u00fdm partnerem FP\u00d6. Ve\u0161ker\u00e1 \u010dinnost je soust\u0159ed\u011bna na boj antikoronavirov\u00fdm opat\u0159en\u00edm a proti o\u010dkov\u00e1n\u00ed. To Svobodn\u00fdm fakticky zav\u00edr\u00e1 mo\u017enost \u00fa\u010dasti na vl\u00e1d\u011b pokud se dle o\u010dek\u00e1v\u00e1n\u00ed rozpadne koalice lidovc\u016f se Zelen\u00fdmi. FP\u00d6 si tak sama zav\u00edr\u00e1 mo\u017enost \u00fa\u010dasti na zablokov\u00e1n\u00ed nesmysln\u00fdch z\u00e1kaz\u016f a p\u0159\u00edkaz\u016f Bruselu v r\u00e1mci Zelen\u00e9ho \u00fad\u011blu, kter\u00e9 m\u00e1 Strache jako europoslanec tak\u00e9 denn\u011b p\u0159ed o\u010dima.<\/p>\n<p>V prost\u0159ed\u00ed p\u0159\u00edpadn\u00e9 velk\u00e9 koalice pak tak\u00e9 bude nesm\u00edrn\u011b obt\u00ed\u017en\u00e9 prov\u00e9st reformu justice, po n\u00ed\u017e volaj\u00ed pr\u00e1vn\u00ed experti. Den\u00edk Exxpres shrom\u00e1\u017edil \u00fadaje o \u010dinnosti speci\u00e1ln\u00ed prokuratury, kter\u00e1 st\u00edh\u00e1 i Stracheho a Kurze. Z statistiky, kterou se mu poda\u0159ilo z\u00edskat vypl\u00fdv\u00e1, \u017ee od sv\u00e9ho zalo\u017een\u00ed v roce 2011 Hospod\u00e1\u0159sk\u00e9 a korup\u010dn\u00ed st\u00e1tn\u00ed zastupitelstv\u00ed (WKStA) st\u00edhalo 40 tis\u00edc ob\u010dan\u016f. V\u00edce ne\u017e 39 tis\u00edc z nich v\u0161ak bylo soudem zpro\u0161t\u011bno obvin\u011bn\u00ed. Tak n\u00edzkou objasn\u011bnost a odsouzenost nem\u00e1 \u017e\u00e1dn\u00e9 jin\u00e9 st\u00e1tn\u00ed zastupitelstv\u00ed v Rakousku.<br \/>\nB\u00fdval\u00fd p\u0159edseda poslaneck\u00e9ho klubu \u00d6VP z let 1994 a\u017e 1999 a p\u0159edseda doln\u00ed komory rakousk\u00e9ho parlamentu Andreas Khol v rozhovoru pro Exxpres konstatoval, \u017ee causy Starcheho a Kurze jasn\u011b ukazuj\u00ed na nutnost reformy justice v Rakousku. V r\u00e1mci n\u00ed by m\u011blo b\u00fdt rozpu\u0161t\u011bna i speci\u00e1ln\u00ed prokuratura WKStA, pro n\u00ed\u017e nen\u00ed opr\u00e1vn\u011bn\u00ed. Jej\u00ed p\u0159\u00edpady by mohly norm\u00e1ln\u011b v\u00e9st b\u011b\u017en\u00ed st\u00e1tn\u00ed z\u00e1stupci po cel\u00e9m Rakousku. M\u011blo by to tu v\u00fdhodu, \u017ee \u00fakony trestn\u00edho \u0159\u00edzen\u00ed, k nim\u017e je t\u0159eba souhlasu soudu, by prov\u00e1d\u011bli r\u016fzn\u00ed soudci. WKStA si chod\u00ed v\u0161echny \u00fakony nechat posv\u011btit od jedin\u00e9ho soudce, u n\u011bho\u017e existuje podez\u0159en\u00ed, \u017ee jej speci\u00e1ln\u00ed prokur\u00e1to\u0159i maj\u00ed \u201eocho\u010den\u00e9ho\u201c, tak \u017ee jim podep\u00ed\u0161e a oraz\u00edtkuje cokoliv.<\/p>\n<p>B\u00fdval\u00fd p\u0159edseda parlamentu prokuratu\u0159e WKStA vy\u010d\u00edt\u00e1 i neust\u00e1l\u00e9 a z\u0159ejm\u011b \u00fa\u010delov\u011b \u0159\u00edzen\u00e9 \u00faniky informac\u00ed z trestn\u00edch spis\u016f do tisku, kter\u00e9 bez d\u016fkaz\u016f t\u011b\u017ece po\u0161kozuj\u00ed vy\u0161et\u0159ovan\u00e9ho, jen\u017e nem\u00e1 mo\u017enost se proti dehonestaci nijak br\u00e1nit. Andreas Khol upozornil v rozhovoru pro Exxpres i na nutnost zm\u011bny z\u00e1kona, kter\u00e1 by pod ochranu listovn\u00edho tajemstv\u00ed zahrnula i sms zpr\u00e1vy a chaty, je\u017e nyn\u00ed v Rakousku jako v jedin\u00e9 zemi EU nejsou pod \u00fastavn\u00ed ochrannou. \u201eTato rakousk\u00e1 specialita je v rozporu s na\u0159\u00edzen\u00edm EU o ochran\u011b soukrom\u00ed\u201c, konstatoval Khol, kter\u00fd je v Rakousku pova\u017eov\u00e1n za p\u0159edn\u00edho pr\u00e1vn\u00edho experta. Zve\u0159ejn\u011bn\u00ed sms a chat\u016f bylo pou\u017eito ke skandalizaci b\u00fdval\u00e9ho kancl\u00e9\u0159e Sebastiana Kurze.<\/p>\n<p>Speci\u00e1ln\u00ed prokuratura WKStA je d\u00edt\u011btem soci\u00e1ln\u011b demokratick\u00fdch ministr\u016f spravedlnosti. SP\u00d6 tak\u00e9 b\u011bhem doby, kdy \u0159\u00eddila b\u00fdval\u00e9 vl\u00e1dy, obsadila v\u011bt\u0161inu post\u016f v t\u00e9to organizaci sv\u00fdmi lidmi. T\u00edm je tak\u00e9 vysv\u011btlov\u00e1no, pro\u010d nejsou vy\u0161et\u0159ov\u00e1ny inzer\u00e1ty zad\u00e1van\u00e9 V\u00edde\u0148skou radnic\u00ed, i kdy\u017e byl z korupce novin\u00e1\u0159\u016f obvin\u011bn b\u00fdval\u00fd kancl\u00e9\u0159 Kurz, kter\u00fd s p\u0159itom jejich zad\u00e1v\u00e1n\u00ed z Ministerstva financ\u016f jako ministr zahrani\u010d\u00ed v\u016fbec nemohl \u00fa\u010dastnit. T\u011b\u017eko lze tedy po\u010d\u00edtat s t\u00edm, \u017ee by socialist\u00e9 souhlasili s rozpr\u00e1\u0161en\u00edm t\u00e9to \u201epolitick\u00e9 prokuratury\u201c, pokud by je lidovci po rozpadu vl\u00e1dy se Zelen\u00fdmi byli nuceni vz\u00edt znovu do koalice. N\u011bco takov\u00e9ho by bylo mo\u017en\u00e9 prov\u00e9st jedin\u011b ve vl\u00e1d\u011b \u00d6VP a FP\u00d6, kte\u0159\u00ed si ji\u017e mohli na vlastn\u00ed k\u016f\u017ei vyzkou\u0161et, jak\u00e1 protipr\u00e1vn\u00ed svinstva tato organizace pod kryt\u00edm Bruselu prov\u00e1d\u00ed.<\/p>\n<p>MUDr. Ivan David, CSc.<\/p>\n<p><img decoding=\"async\" loading=\"lazy\" class=\"alignnone  wp-image-922\" src=\"http:\/\/www.infokuryr.cz\/n\/wp-content\/uploads\/2021\/04\/Ivan-David-1-222x300.jpg\" alt=\"\" width=\"193\" height=\"261\" srcset=\"https:\/\/www.infokuryr.cz\/n\/wp-content\/uploads\/2021\/04\/Ivan-David-1-222x300.jpg 222w, https:\/\/www.infokuryr.cz\/n\/wp-content\/uploads\/2021\/04\/Ivan-David-1.jpg 466w\" sizes=\"(max-width: 193px) 100vw, 193px\" \/><\/p>\n<p><em>Zdroj: FB Ivana Davida<\/em><\/p>\n<p>&nbsp;<\/p>\n","protected":false},"excerpt":{"rendered":"<p>Rakousk\u00fd den\u00edk Exxpres zve\u0159ejnil zaj\u00edmav\u00fd rozhovor s europoslancem za FP\u00d6 a b\u00fdval\u00fdm vicekancl\u00e9\u0159em Heinzem-Christianem Strachem&#8230;.<\/p>\n","protected":false},"author":2,"featured_media":2405,"comment_status":"closed","ping_status":"closed","sticky":false,"template":"","format":"standard","meta":[],"categories":[6],"tags":[640,41,29,48],"_links":{"self":[{"href":"https:\/\/www.infokuryr.cz\/n\/wp-json\/wp\/v2\/posts\/6679"}],"collection":[{"href":"https:\/\/www.infokuryr.cz\/n\/wp-json\/wp\/v2\/posts"}],"about":[{"href":"https:\/\/www.infokuryr.cz\/n\/wp-json\/wp\/v2\/types\/post"}],"author":[{"embeddable":true,"href":"https:\/\/www.infokuryr.cz\/n\/wp-json\/wp\/v2\/users\/2"}],"replies":[{"embeddable":true,"href":"https:\/\/www.infokuryr.cz\/n\/wp-json\/wp\/v2\/comments?post=6679"}],"version-history":[{"count":0,"href":"https:\/\/www.infokuryr.cz\/n\/wp-json\/wp\/v2\/posts\/6679\/revisions"}],"wp:featuredmedia":[{"embeddable":true,"href":"https:\/\/www.infokuryr.cz\/n\/wp-json\/wp\/v2\/media\/2405"}],"wp:attachment":[{"href":"https:\/\/www.infokuryr.cz\/n\/wp-json\/wp\/v2\/media?parent=6679"}],"wp:term":[{"taxonomy":"category","embeddable":true,"href":"https:\/\/www.infokuryr.cz\/n\/wp-json\/wp\/v2\/categories?post=6679"},{"taxonomy":"post_tag","embeddable":true,"href":"https:\/\/www.infokuryr.cz\/n\/wp-json\/wp\/v2\/tags?post=6679"}],"curies":[{"name":"wp","href":"https:\/\/api.w.org\/{rel}","templated":true}]}}