{"id":66762,"date":"2024-11-23T00:33:08","date_gmt":"2024-11-22T23:33:08","guid":{"rendered":"https:\/\/www.infokuryr.cz\/n\/?p=66762"},"modified":"2024-11-22T13:33:30","modified_gmt":"2024-11-22T12:33:30","slug":"petr-pokorny-mnohymi-asi-otrese-kniha-byvale-nemecke-kanclerky-angely-merkelove-freedom-memoirs-1954-2021","status":"publish","type":"post","link":"https:\/\/www.infokuryr.cz\/n\/2024\/11\/23\/petr-pokorny-mnohymi-asi-otrese-kniha-byvale-nemecke-kanclerky-angely-merkelove-freedom-memoirs-1954-2021\/","title":{"rendered":"Petr Pokorn\u00fd: Mnoh\u00fdmi asi ot\u0159ese kniha b\u00fdval\u00e9 n\u011bmeck\u00e9 kancl\u00e9\u0159ky Angely Merkelov\u00e9 \u201eFreedom: Memoirs 1954-2021"},"content":{"rendered":"<div id=\"fb-root\"><\/div>\n<div class=\"introtext\">\n<p>A \u0161okem bude asi pro n\u011bkter\u00e9 v\u00e1le\u010dn\u00e9 \u0161\u00edlence, \u017ee b\u00fdval\u00e1 kancl\u00e9\u0159ka v mnoh\u00e9m popisuje to, co tvrd\u00edme do roku 1995, kdy NATO veden\u00e9 khaki magory se rozhodlo Rusko zlikvidovat.<\/p>\n<\/div>\n<div class=\"fulltext\">\n<p>Zat\u00edm pros\u00e1klo, \u017ee se v nich pod\u011blila o sv\u00e9 dojmy z komunikace s rusk\u00fdm prezidentem Vladimirem Putinem a nov\u011b zvolen\u00fdm \u0161\u00e9fem Spojen\u00fdch st\u00e1t\u016f Donaldem Trumpem, a tak\u00e9 popsala,\u00a0<strong>pro\u010d je proti vstupu Ukrajiny do NATO.\u00a0<\/strong><\/p>\n<p>Na summitu NATO v Bukure\u0161ti v roce 2008\u00a0<strong>odm\u00edtla<\/strong>\u00a0Angela Merkelov\u00e1 a tehdej\u0161\u00ed francouzsk\u00fd prezident Nicolas Sarkozy p\u0159ijmout\u00a0<strong>Ukrajinu a Gruzii do aliance<\/strong>. Merkelov\u00e1 v\u011b\u0159\u00ed, \u017ee vstup Ukrajiny do vojensk\u00e9ho bloku by p\u0159ivedl jej\u00ed vojensk\u00e9 struktury do kontaktu s rusk\u00fdmi nad \u010cernomo\u0159skou flotilou.<\/p>\n<p>Z\u00e1rove\u0148 se postavila proti ud\u011blen\u00ed statusu kandid\u00e1ta Gruzie a Ukrajiny na \u010dlenstv\u00ed v NATO, proto\u017ee by to mohlo vyprovokovat Rusko k vojensk\u00e9 reakci a ohrozit bezpe\u010dnost aliance. Merkelov\u00e1 ve sv\u00fdch pam\u011btech tak\u00e9 tvrd\u00ed, \u017ee diskuse o roz\u0161i\u0159ov\u00e1n\u00ed NATO bez zohledn\u011bn\u00ed postoje Moskvy byla \u201eextr\u00e9mn\u011b nedbal\u00e1\u201c. Na summitu pak do\u0161lo ke kompromisu, kter\u00fd Ukrajin\u011b a Gruzii nep\u0159iznal status kandid\u00e1tsk\u00e9 zem\u011b, ale nast\u00ednil cestu ke sbl\u00ed\u017een\u00ed s NATO, kter\u00e9 bylo podle Merkelov\u00e9 nutn\u00e9.<\/p>\n<p>Merkelov\u00e1 se ve sv\u00fdch pam\u011btech tak\u00e9 pod\u011blila o sv\u00e9 pocity po komunikaci s Vladimirem Putinem. Uvedla, \u017ee rusk\u00fd prezident na ni zap\u016fsobil jako mu\u017e, kter\u00fd se sna\u017e\u00ed br\u00e1t sv\u011bt v\u00e1\u017en\u011b a je p\u0159ipraven br\u00e1nit jeho respekt.\u00a0<strong>V\u011b\u0159\u00ed, \u017ee Rusko z mapy sv\u011bta nezmiz\u00ed.<\/strong><\/p>\n<p>Merkelov\u00e1 nazna\u010duje, \u017ee zah\u00e1jen\u00ed rusk\u00e9 vojensk\u00e9 operace na Ukrajin\u011b v \u00fanoru 2022 souvis\u00ed s jej\u00ed rezignac\u00ed na funkci kancl\u00e9\u0159ky. Putin ji pr\u00fd varoval, \u017ee Ukrajina m\u016f\u017ee vstoupit do NATO a jeho c\u00edlem bylo tomu zabr\u00e1nit. Ve sv\u00fdch pam\u011btech tak\u00e9 zmi\u0148uje Putin\u016fv projev na mnichovsk\u00e9 konferenci v roce 2007, kde kritizoval zahrani\u010dn\u00ed politiku USA, expanzi NATO na v\u00fdchod a unipolaritu sv\u011btov\u00e9ho \u0159\u00e1du. Merkelov\u00e1 poznamen\u00e1v\u00e1, \u017ee Putin byl v\u017edy ve st\u0159ehu a m\u011bl siln\u00fd pocit, \u017ee m\u00e1 pravdu..<\/p>\n<p>Tato kn\u00ed\u017eka fakticky vyjde p\u0159\u00ed\u0161t\u00ed t\u00fdden: 26. listopadu 2024. Zda unikl\u00e9 unikl\u00e9 informace z tisku jsou pravdiv\u00e9, se dozv\u00edme p\u0159\u00ed\u0161t\u00ed t\u00fdden, ale <strong>koreluje to s t\u00edm, co tvrd\u00edme u\u017e mnoho let a za tyto informace n\u00e1m fanatici kolem BIS Koudelky vyhro\u017euj\u00ed.\u00a0<\/strong>Pokud se to potvrd\u00ed, bude to dal\u0161\u00ed r\u00e1na proti manipulac\u00edm s pravdou, kter\u00e1 se na n\u00e1s val\u00ed od vstupu do EU, prakticky od napaden\u00ed \u010cesk\u00e9 televize spac\u00e1kem Rumlem. A n\u00e1sledn\u011b americkou ambas\u00e1dou.<\/p>\n<p><a href=\"https:\/\/www.skrytapravda.cz\/ze-zahranici\/2233-mnohymi-asi-otrese-kniha-byvale-nemecke-kanclerky-angely-merkelove-freedom-memoirs-1954-2021\">Petr Pokorn\u00fd<\/a><\/p>\n<p>&nbsp;<\/p>\n<\/div>\n","protected":false},"excerpt":{"rendered":"<p>A \u0161okem bude asi pro n\u011bkter\u00e9 v\u00e1le\u010dn\u00e9 \u0161\u00edlence, \u017ee b\u00fdval\u00e1 kancl\u00e9\u0159ka v mnoh\u00e9m popisuje to,&#8230;<\/p>\n","protected":false},"author":2,"featured_media":66763,"comment_status":"closed","ping_status":"closed","sticky":false,"template":"","format":"standard","meta":[],"categories":[6],"tags":[662,1503,505,1508],"_links":{"self":[{"href":"https:\/\/www.infokuryr.cz\/n\/wp-json\/wp\/v2\/posts\/66762"}],"collection":[{"href":"https:\/\/www.infokuryr.cz\/n\/wp-json\/wp\/v2\/posts"}],"about":[{"href":"https:\/\/www.infokuryr.cz\/n\/wp-json\/wp\/v2\/types\/post"}],"author":[{"embeddable":true,"href":"https:\/\/www.infokuryr.cz\/n\/wp-json\/wp\/v2\/users\/2"}],"replies":[{"embeddable":true,"href":"https:\/\/www.infokuryr.cz\/n\/wp-json\/wp\/v2\/comments?post=66762"}],"version-history":[{"count":0,"href":"https:\/\/www.infokuryr.cz\/n\/wp-json\/wp\/v2\/posts\/66762\/revisions"}],"wp:featuredmedia":[{"embeddable":true,"href":"https:\/\/www.infokuryr.cz\/n\/wp-json\/wp\/v2\/media\/66763"}],"wp:attachment":[{"href":"https:\/\/www.infokuryr.cz\/n\/wp-json\/wp\/v2\/media?parent=66762"}],"wp:term":[{"taxonomy":"category","embeddable":true,"href":"https:\/\/www.infokuryr.cz\/n\/wp-json\/wp\/v2\/categories?post=66762"},{"taxonomy":"post_tag","embeddable":true,"href":"https:\/\/www.infokuryr.cz\/n\/wp-json\/wp\/v2\/tags?post=66762"}],"curies":[{"name":"wp","href":"https:\/\/api.w.org\/{rel}","templated":true}]}}