{"id":66753,"date":"2024-11-23T00:41:14","date_gmt":"2024-11-22T23:41:14","guid":{"rendered":"https:\/\/www.infokuryr.cz\/n\/?p=66753"},"modified":"2024-11-22T13:50:56","modified_gmt":"2024-11-22T12:50:56","slug":"nova-zprava-uvadi-ze-islam-predstavuje-81-nabozenskych-incidentu-na-francouzskych-pracovistich","status":"publish","type":"post","link":"https:\/\/www.infokuryr.cz\/n\/2024\/11\/23\/nova-zprava-uvadi-ze-islam-predstavuje-81-nabozenskych-incidentu-na-francouzskych-pracovistich\/","title":{"rendered":"Nov\u00e1 zpr\u00e1va uv\u00e1d\u00ed, \u017ee isl\u00e1m p\u0159edstavuje 81 % n\u00e1bo\u017eensk\u00fdch incident\u016f na francouzsk\u00fdch pracovi\u0161t\u00edch"},"content":{"rendered":"<div id=\"fb-root\"><\/div>\n<h3 class=\"s-tagline fw-tagline\">N\u00e1bo\u017eensk\u00e9 nap\u011bt\u00ed na francouzsk\u00fdch pracovi\u0161t\u00edch roste v d\u016fsledku rostouc\u00ed p\u0159\u00edtomnosti isl\u00e1mu, kter\u00fd p\u0159edstavoval v\u00edce ne\u017e 80 procent n\u00e1bo\u017eensk\u00fdch incident\u016f<\/h3>\n<p>N\u00e1bo\u017eensk\u00e9 nap\u011bt\u00ed na francouzsk\u00fdch pracovi\u0161t\u00edch dos\u00e1hlo nejvy\u0161\u0161\u00ed \u00farovn\u011b od za\u010d\u00e1tku z\u00e1znam\u016f v roce 2013, p\u0159i\u010dem\u017e isl\u00e1m se stal \u00fast\u0159edn\u00edm bodem rostouc\u00edho po\u010dtu incident\u016f, zjistila nov\u00e1 studie.<\/p>\n<p>Podle\u00a0<em><a href=\"https:\/\/www.institutmontaigne.org\/ressources\/pdfs\/publications\/religion-au-travail-barometre-du-fait-religieux-en-entreprise-2024.pdf\">Barom\u00e8tre du Fait Religieux en Entreprise<\/a><\/em>\u00a0Institut Montaigne z roku 2024 se nyn\u00ed v\u00edce ne\u017e 70 procent spole\u010dnost\u00ed pot\u00fdk\u00e1 s incidenty poh\u00e1n\u011bn\u00fdmi n\u00e1bo\u017eenskou v\u00edrou, co\u017e je prudk\u00fd n\u00e1r\u016fst oproti p\u0159edchoz\u00edm let\u016fm.<\/p>\n<p>Zpr\u00e1va ozna\u010dila rostouc\u00ed viditelnost isl\u00e1msk\u00fdch praktik jako kl\u00ed\u010dovou hnac\u00ed s\u00edlu probl\u00e9m\u016f na pracovi\u0161ti, p\u0159i\u010dem\u017e nap\u011bt\u00ed kolem n\u00e1bo\u017eensk\u00fdch symbol\u016f, modlitebn\u00edch praktik a n\u00e1zor\u016f zam\u011bstnanc\u016f na \u017eeny si vyb\u00edr\u00e1 da\u0148 na organiza\u010dn\u00ed harmonii.<\/p>\n<p>Isl\u00e1m se pod\u00edlel na 81 procentech n\u00e1bo\u017eensk\u00fdch incident\u016f na pracovi\u0161ti, co\u017e je pozoruhodn\u00fd n\u00e1r\u016fst ze 73 procent v roce 2022. To zahrnuje n\u00e1r\u016fst viditeln\u00fdch projev\u016f, jako je no\u0161en\u00ed hid\u017e\u00e1b\u016f a dal\u0161\u00edch n\u00e1bo\u017eensk\u00fdch symbol\u016f, kter\u00e9 je nyn\u00ed uv\u00e1d\u011bno v 36 procentech hl\u00e1\u0161en\u00fdch p\u0159\u00edpad\u016f, co\u017e je n\u00e1r\u016fst z pouh\u00fdch 19 procent. p\u0159ed dv\u011bma lety.<\/p>\n<p>Mezi muslimsk\u00fdmi zam\u011bstnanci jsou tak\u00e9 \u010dast\u00e9 po\u017eadavky na \u00fapravu rozvrhu tak, aby vyhovovaly n\u00e1bo\u017eensk\u00fdm ob\u0159ad\u016fm a p\u0159est\u00e1vk\u00e1m na modlitby, co\u017e komplikuje \u0159\u00edzen\u00ed pracovi\u0161t\u011b.<\/p>\n<p>Muslim\u0161t\u00ed zam\u011bstnanci, zejm\u00e9na mlad\u00ed mu\u017ei na pozic\u00edch s ni\u017e\u0161\u00ed kvalifikac\u00ed, jsou \u010dasto st\u0159edem konflikt\u016f na pracovi\u0161ti, uv\u00e1d\u00ed zpr\u00e1va. Nav\u00edc chov\u00e1n\u00ed pova\u017eovan\u00e9 za ru\u0161iv\u00e9, jako je odm\u00edt\u00e1n\u00ed pracovat se \u017eenami nebo agresivn\u00ed pokusy o obr\u00e1cen\u00ed druh\u00fdch, je nep\u0159im\u011b\u0159en\u011b spojov\u00e1no s isl\u00e1msk\u00fdmi praktikami.<\/p>\n<p>V d\u016fsledku toho se mno\u017eily zpr\u00e1vy o \u00fadajn\u00e9 stigmatizaci a diskriminaci muslim\u016f v zam\u011bstn\u00e1v\u00e1n\u00ed, p\u0159i\u010dem\u017e 71 procent zdokumentovan\u00fdch diskrimina\u010dn\u00edch incident\u016f souvis\u00ed s touto n\u00e1bo\u017eenskou skupinou.<\/p>\n<p>N\u00e1bo\u017eensk\u00e9 nap\u011bt\u00ed p\u0159esahuje isl\u00e1m. \u017didov\u0161t\u00ed zam\u011bstnanci jsou st\u00e1le v\u00edce stigmatizov\u00e1ni hl\u00e1\u0161en\u00fdmi p\u0159\u00edpady zdvojn\u00e1soben\u00ed profesn\u00edho vylou\u010den\u00ed od posledn\u00edho pr\u016fzkumu. Nicm\u00e9n\u011b d\u016fle\u017eitost isl\u00e1msk\u00fdch praktik a jejich vn\u00edman\u00e9 v\u00fdzvy dominuj\u00ed diskus\u00edm na pracovi\u0161ti, p\u0159i\u010dem\u017e spole\u010dnosti po\u017eaduj\u00ed jasn\u011bj\u0161\u00ed r\u00e1mce pro efektivn\u00ed \u0159\u00edzen\u00ed t\u011bchto probl\u00e9m\u016f.<\/p>\n<p>Zpr\u00e1va zd\u016fraznila nal\u00e9havou pot\u0159ebu jednat a vyzvala podniky, aby p\u0159ijaly komplexn\u00ed politiky, kter\u00e9 vyv\u00e1\u017e\u00ed n\u00e1bo\u017eenskou svobodu a neutralitu na pracovi\u0161ti.<\/p>\n<p>\u0160kolen\u00ed pro mana\u017eery, jasn\u011bj\u0161\u00ed pokyny a inkluzivn\u00ed iniciativy byly doporu\u010deny jako z\u00e1sadn\u00ed pro sn\u00ed\u017een\u00ed nap\u011bt\u00ed a podporu efektivn\u00edho prost\u0159ed\u00ed pro sou\u017eit\u00ed.<\/p>\n<p><img decoding=\"async\" loading=\"lazy\" class=\"alignnone size-full wp-image-1185\" src=\"http:\/\/www.infokuryr.cz\/n\/wp-content\/uploads\/2021\/04\/kuryr-podpis.png\" alt=\"\" width=\"84\" height=\"24\" \/><\/p>\n<p>&nbsp;<\/p>\n","protected":false},"excerpt":{"rendered":"<p>N\u00e1bo\u017eensk\u00e9 nap\u011bt\u00ed na francouzsk\u00fdch pracovi\u0161t\u00edch roste v d\u016fsledku rostouc\u00ed p\u0159\u00edtomnosti isl\u00e1mu, kter\u00fd p\u0159edstavoval v\u00edce ne\u017e&#8230;<\/p>\n","protected":false},"author":2,"featured_media":4218,"comment_status":"closed","ping_status":"closed","sticky":false,"template":"","format":"standard","meta":[],"categories":[7],"tags":[130,91,4418,8240],"_links":{"self":[{"href":"https:\/\/www.infokuryr.cz\/n\/wp-json\/wp\/v2\/posts\/66753"}],"collection":[{"href":"https:\/\/www.infokuryr.cz\/n\/wp-json\/wp\/v2\/posts"}],"about":[{"href":"https:\/\/www.infokuryr.cz\/n\/wp-json\/wp\/v2\/types\/post"}],"author":[{"embeddable":true,"href":"https:\/\/www.infokuryr.cz\/n\/wp-json\/wp\/v2\/users\/2"}],"replies":[{"embeddable":true,"href":"https:\/\/www.infokuryr.cz\/n\/wp-json\/wp\/v2\/comments?post=66753"}],"version-history":[{"count":0,"href":"https:\/\/www.infokuryr.cz\/n\/wp-json\/wp\/v2\/posts\/66753\/revisions"}],"wp:featuredmedia":[{"embeddable":true,"href":"https:\/\/www.infokuryr.cz\/n\/wp-json\/wp\/v2\/media\/4218"}],"wp:attachment":[{"href":"https:\/\/www.infokuryr.cz\/n\/wp-json\/wp\/v2\/media?parent=66753"}],"wp:term":[{"taxonomy":"category","embeddable":true,"href":"https:\/\/www.infokuryr.cz\/n\/wp-json\/wp\/v2\/categories?post=66753"},{"taxonomy":"post_tag","embeddable":true,"href":"https:\/\/www.infokuryr.cz\/n\/wp-json\/wp\/v2\/tags?post=66753"}],"curies":[{"name":"wp","href":"https:\/\/api.w.org\/{rel}","templated":true}]}}