{"id":6675,"date":"2021-12-07T02:38:32","date_gmt":"2021-12-07T01:38:32","guid":{"rendered":"http:\/\/www.infokuryr.cz\/n\/?p=6675"},"modified":"2021-12-07T02:38:32","modified_gmt":"2021-12-07T01:38:32","slug":"evropsky-soud-pro-lidska-prava-rozhodl-ze-migranty-nelze-z-polska-odesilat-zpet-do-beloruska","status":"publish","type":"post","link":"https:\/\/www.infokuryr.cz\/n\/2021\/12\/07\/evropsky-soud-pro-lidska-prava-rozhodl-ze-migranty-nelze-z-polska-odesilat-zpet-do-beloruska\/","title":{"rendered":"Evropsk\u00fd soud pro lidsk\u00e1 pr\u00e1va rozhodl, \u017ee migranty nelze z Polska odes\u00edlat zp\u011bt do B\u011bloruska"},"content":{"rendered":"<div id=\"fb-root\"><\/div>\n<p><strong>Evropsk\u00fd soud pro lidsk\u00e1 pr\u00e1va rozhodl, \u017ee migranty, kte\u0159\u00ed se nach\u00e1zej\u00ed na \u00fazem\u00ed Polska, nelze vr\u00e1tit zp\u011bt do B\u011bloruska, uv\u00e1d\u00ed se v rozhodnut\u00ed instituce.<\/strong><\/p>\n<p>V obdob\u00ed od 20. srpna do 3. prosince 2021\u00a0<strong>Evropsk\u00fd soud pro lidsk\u00e1 pr\u00e1v<\/strong>a posoudil celkov\u011b p\u0159ibli\u017en\u011b 47 \u017e\u00e1dost\u00ed o pou\u017eit\u00ed bezpe\u010dnostn\u00edch opat\u0159en\u00ed na\u00a0polsko-b\u011blorusk\u00e9 hranici. \u017d\u00e1dosti podalo 198 \u017eadatel\u016f. P\u0159i\u010dem\u017e 44 po\u017eadavk\u016f bylo proti Polsku, ostatn\u00ed proti Litv\u011b a Loty\u0161sku.<\/p>\n<p>\u201eVe v\u011bt\u0161in\u011b \u017e\u00e1dost\u00ed, kde \u017eadatel\u00e9 tvrdili, \u017ee se nach\u00e1zej\u00ed v Polsku a prosili je, aby nebyli odes\u00edl\u00e1n\u00ed zp\u011bt do B\u011bloruska, se soud \u0159\u00eddil pravidlem 39 a rozhodl, \u017ee \u017eadatel\u00e9 by nem\u011bli b\u00fdt odesl\u00e1ni z Polska za podm\u00ednky, \u017ee se opravdu nach\u00e1zej\u00ed na \u00fazem\u00ed Polska,\u201c uv\u00e1d\u00ed se v rozhodnut\u00ed.<\/p>\n<p>V \u0159ad\u011b p\u0159\u00edpad\u016f Evropsk\u00fd soud pro lidsk\u00e1 pr\u00e1va apeloval na vl\u00e1dy, aby zajistily migrant\u016fm j\u00eddlo, vodu, oble\u010den\u00ed a zdravotn\u00ed p\u00e9\u010d\u00ed. A pokud je to mo\u017en\u00e9, aby jim poskytly do\u010dasn\u00fd azyl.<\/p>\n<p><strong>Putin zhodnotil aktivitu B\u011bloruska<\/strong><\/p>\n<p>K situaci na b\u011blorusko-polsk\u00e9 hranici se v\u010dera vyj\u00e1d\u0159il rusk\u00fd prezident Vladimir Putin. Rusk\u00fd prezident uvedl, \u017ee b\u011blorusk\u00e9 \u00fa\u0159ady d\u011blaj\u00ed v\u0161echno, co od nich z\u00e1vis\u00ed v situaci s\u00a0migranty na hranici, v\u010detn\u011b p\u0159esv\u011bd\u010dov\u00e1n\u00ed vr\u00e1tit se zp\u011bt do vlasti. Pouk\u00e1zal na to, \u017ee Pol\u00e1ci p\u0159id\u00e1vaj\u00ed herbicidy do vody, kterou pol\u00e9vaj\u00ed migranty.<\/p>\n<p>\u201eAle je zapot\u0159eb\u00ed odpov\u00eddaj\u00edc\u00edm zp\u016fsobem sledovat, co se d\u011bje na hranici, a co d\u011blaj\u00ed \u00fa\u0159ady sousedn\u00edho st\u00e1tu, v tomto p\u0159\u00edpad\u011b Polsk\u00e9 republiky. V\u017edy\u0165 nelze lidi pol\u00e9vat vodou a do t\u00e9to vody p\u0159id\u00e1vat herbicidy a pesticidy s t\u00edm, aby vznikly u t\u011bchto migrant\u016f pop\u00e1leniny a dal\u0161\u00ed t\u011b\u017ek\u00e9 n\u00e1sledky, v\u010detn\u011b \u017een a mal\u00fdch d\u011bt\u00ed,\u201c \u0159ekl Putin.<\/p>\n<p><a href=\"https:\/\/cz.sputniknews.com\/20211206\/evropsky-soud-pro-lidska-prava-rozhodl-ze-migranty-nelze-z-polska-odesilat-zpet-do-beloruska--16766647.html\">ZDROJ<\/a><\/p>\n<p>&nbsp;<\/p>\n","protected":false},"excerpt":{"rendered":"<p>Evropsk\u00fd soud pro lidsk\u00e1 pr\u00e1va rozhodl, \u017ee migranty, kte\u0159\u00ed se nach\u00e1zej\u00ed na \u00fazem\u00ed Polska, nelze&#8230;<\/p>\n","protected":false},"author":2,"featured_media":602,"comment_status":"closed","ping_status":"closed","sticky":false,"template":"","format":"standard","meta":[],"categories":[7],"tags":[150,277,119,31],"_links":{"self":[{"href":"https:\/\/www.infokuryr.cz\/n\/wp-json\/wp\/v2\/posts\/6675"}],"collection":[{"href":"https:\/\/www.infokuryr.cz\/n\/wp-json\/wp\/v2\/posts"}],"about":[{"href":"https:\/\/www.infokuryr.cz\/n\/wp-json\/wp\/v2\/types\/post"}],"author":[{"embeddable":true,"href":"https:\/\/www.infokuryr.cz\/n\/wp-json\/wp\/v2\/users\/2"}],"replies":[{"embeddable":true,"href":"https:\/\/www.infokuryr.cz\/n\/wp-json\/wp\/v2\/comments?post=6675"}],"version-history":[{"count":0,"href":"https:\/\/www.infokuryr.cz\/n\/wp-json\/wp\/v2\/posts\/6675\/revisions"}],"wp:featuredmedia":[{"embeddable":true,"href":"https:\/\/www.infokuryr.cz\/n\/wp-json\/wp\/v2\/media\/602"}],"wp:attachment":[{"href":"https:\/\/www.infokuryr.cz\/n\/wp-json\/wp\/v2\/media?parent=6675"}],"wp:term":[{"taxonomy":"category","embeddable":true,"href":"https:\/\/www.infokuryr.cz\/n\/wp-json\/wp\/v2\/categories?post=6675"},{"taxonomy":"post_tag","embeddable":true,"href":"https:\/\/www.infokuryr.cz\/n\/wp-json\/wp\/v2\/tags?post=6675"}],"curies":[{"name":"wp","href":"https:\/\/api.w.org\/{rel}","templated":true}]}}