{"id":66733,"date":"2024-11-23T00:32:55","date_gmt":"2024-11-22T23:32:55","guid":{"rendered":"https:\/\/www.infokuryr.cz\/n\/?p=66733"},"modified":"2024-11-22T13:34:00","modified_gmt":"2024-11-22T12:34:00","slug":"dalsi-eskalace-bidenova-vlada-posila-na-ukrajinu-naslapne-miny-ktere-jsou-zakazany-ve-150-zemich","status":"publish","type":"post","link":"https:\/\/www.infokuryr.cz\/n\/2024\/11\/23\/dalsi-eskalace-bidenova-vlada-posila-na-ukrajinu-naslapne-miny-ktere-jsou-zakazany-ve-150-zemich\/","title":{"rendered":"Dal\u0161\u00ed eskalace: Bidenova vl\u00e1da pos\u00edl\u00e1 na Ukrajinu n\u00e1\u0161lapn\u00e9 miny, kter\u00e9 jsou zak\u00e1z\u00e1ny ve 150 zem\u00edch"},"content":{"rendered":"<div id=\"fb-root\"><\/div>\n<div class=\"elementor-element elementor-element-1fb4c2c elementor-widget elementor-widget-theme-post-content\" data-id=\"1fb4c2c\" data-element_type=\"widget\" data-widget_type=\"theme-post-content.default\">\n<div class=\"elementor-widget-container\">\n<p><strong>Bidenova administrativa eskaluje v\u00e1lku s Ruskem, o kter\u00e9 v\u00ed, \u017ee nov\u011b zvolen\u00fd prezident sl\u00edbil jej\u00ed ukon\u010den\u00ed a \u017ee Ameri\u010dan\u00e9 se j\u00ed necht\u011bj\u00ed z\u00fa\u010dastnit. To je zlo a hrani\u010d\u00ed to se zradou.<\/strong><\/p>\n<p>Nejprve Biden\u016fv re\u017eim zru\u0161il omezen\u00ed pro Ukrajinu pomoc\u00ed americk\u00fdch raket ATACMS k zasahov\u00e1n\u00ed c\u00edl\u016f v Rusku, \u010d\u00edm\u017e se Amerika stala p\u0159\u00edmou stranou v o\u0161kliv\u00e9 pohrani\u010dn\u00ed v\u00e1lce mezi Ukrajinou a Ruskem, a nyn\u00ed Sky News uv\u00e1d\u00ed, \u017ee\u00a0<a href=\"https:\/\/news.sky.com\/story\/what-are-the-anti-personnel-landmines-the-us-is-sending-to-ukraine-and-why-are-they-banned-by-more-than-150-countries-13257091\" target=\"_blank\" rel=\"noreferrer noopener\">USA<\/a> pos\u00edlaj\u00ed protip\u011bchotn\u00ed miny k odp\u00e1len\u00ed.<\/p>\n<p>Tyto n\u00e1\u0161lapn\u00e9 miny jsou zak\u00e1z\u00e1ny ve 150 zem\u00edch, v\u010detn\u011b Spojen\u00e9ho kr\u00e1lovstv\u00ed.<\/p>\n<p>USA a Rusko se k tomuto z\u00e1kazu nep\u0159ipojily, ale Ukrajina ano.<\/p>\n<p><strong><a href=\"https:\/\/www.allnewspipeline.com\/\" target=\"_blank\" rel=\"noreferrer noopener\">Susan Duclos z All News Pipeline<\/a><\/strong>\u00a0p\u00ed\u0161e: \u201eToto je dal\u0161\u00ed eskalace ze strany USA p\u0159\u00edm\u00fdm vm\u011b\u0161ov\u00e1n\u00edm se do v\u00e1lky, kter\u00e1 nem\u00e1 \u017e\u00e1dn\u00e9 v\u00fdhody pro americkou n\u00e1rodn\u00ed bezpe\u010dnost. Je zaj\u00edmav\u00e9, \u017ee Ukrajina podepsala z\u00e1kaz pou\u017e\u00edv\u00e1n\u00ed t\u011bchto protip\u011bchotn\u00edch min, ale zva\u017euje &#8222;Odstoupit od Ottawsk\u00e9 smlouvy, zn\u00e1m\u00e9 tak\u00e9 jako \u00damluva o z\u00e1kazu protip\u011bchotn\u00edch min z roku 1997.&#8220;<\/p>\n<p>Podle Mezin\u00e1rodn\u00edho v\u00fdboru \u010cerven\u00e9ho k\u0159\u00ed\u017ee \u201eprotip\u011bchotn\u00ed n\u00e1\u0161lapn\u00e9 miny pokra\u010duj\u00ed v mrza\u010den\u00ed a zab\u00edjen\u00ed i po skon\u010den\u00ed konflikt\u016f a jsou to p\u0159edev\u0161\u00edm civilist\u00e9, kdo trp\u00ed hrozn\u00fdmi n\u00e1sledky\u201c.<\/p>\n<p>Duclos spr\u00e1vn\u011b poukazuje na to, \u017ee zru\u0161en\u00ed z\u00e1kaz\u016f t\u011bchto dvou opat\u0159en\u00ed, jmenovit\u011b americko-britsk\u00fdch raket pou\u017e\u00edvan\u00fdch k \u00fatok\u016fm uvnit\u0159 Ruska a n\u00e1\u0161lapn\u00fdch min, t\u00e9m\u011b\u0159 znemo\u017en\u00ed m\u00edrov\u00e1 jedn\u00e1n\u00ed mezi Ukrajinou a Ruskem po n\u00e1stupu Donalda Trumpa do \u00fa\u0159adu.<\/p>\n<p>I kdyby Trump zvr\u00e1til tyto ned\u00e1vn\u00e9 souhlasy toho, kdo kontroluje rozhodov\u00e1n\u00ed v B\u00edl\u00e9m dom\u011b (\u00a0<em>domn\u00edv\u00e1m se, \u017ee to s nejv\u011bt\u0161\u00ed pravd\u011bpodobnost\u00ed maj\u00ed na starosti poradce pro n\u00e1rodn\u00ed bezpe\u010dnost Jake Sullivan a ministr zahrani\u010d\u00ed Antony Blinken<\/em>\u00a0), bude Trumpova pr\u00e1ce p\u0159i vyjedn\u00e1v\u00e1n\u00ed o m\u00edrov\u00e9 dohod\u011b mnohem v\u011bt\u0161\u00ed. komplex.<\/p>\n<p>Na jedn\u00e9 stran\u011b nyn\u00ed Rusko \u0161lape na plyn a podnik\u00e1 v reakci na eskalaci mezi USA a NATO tot\u00e1ln\u00ed \u00fatok na Ukrajinu. Spojen\u00e9 st\u00e1ty ve st\u0159edu informovaly zam\u011bstnance sv\u00e9ho velvyslanectv\u00ed v Kyjev\u011b, \u017ee hroz\u00ed velk\u00e1 rusk\u00e1 raketov\u00e1 palba a \u017ee mus\u00ed velvyslanectv\u00ed uzav\u0159\u00edt a hledat bezpe\u010d\u00ed. Takov\u00fd krok by ud\u011blal pouze vin\u00edk. V\u011bd\u00ed, \u017ee u\u017e p\u0159\u00edli\u0161 mnohokr\u00e1t bodli rusk\u00e9ho medv\u011bda do oka, a te\u010f je \u010das, aby Ukrajina dostala sv\u016fj trest. Pr\u016fzkumy ukazuj\u00ed, \u017ee jen 38 procent Ukrajinc\u016f si p\u0159eje, aby tato v\u00e1lka pokra\u010dovala, ale Blinken, Sullivan a Victoria Nuland by se o Ukrajince mohli starat m\u00e9n\u011b.<\/p>\n<p>Pokud si Trump mysl\u00ed, \u017ee pot\u0159ebuje jen p\u00e1r v\u00fdzev k ukon\u010den\u00ed t\u00e9to v\u00e1lky pot\u00e9, co to ud\u011blal Biden\u016fv re\u017eim, \u010dek\u00e1 ho velk\u00e9 p\u0159ekvapen\u00ed. Jakou pob\u00eddkou by Rusko muselo n\u011bco p\u0159iznat, kdyby v\u00e1lku v\u0161echno vyhr\u00e1lo?<\/p>\n<p>Po\u010d\u00edn\u00e1n\u00ed Washingtonu a Lond\u00fdna je zavr\u017een\u00edhodn\u00e9 a facka do tv\u00e1\u0159e 73 milion\u016fm Ameri\u010dan\u016f, kte\u0159\u00ed volili Trumpa, z nich\u017e mnoz\u00ed tak u\u010dinili, proto\u017ee si nep\u0159\u00e1li t\u0159et\u00ed sv\u011btovou v\u00e1lku.<\/p>\n<p>Toto je hrani\u010dn\u00ed zrada ze strany elitn\u00ed skupiny nik\u00fdm nevolen\u00fdch pod\u0159adn\u00fdch lid\u00ed, kte\u0159\u00ed maj\u00ed na starosti Bidenovu administrativu a p\u0159\u00edmo zpochyb\u0148uj\u00ed m\u00edrov\u00fd mand\u00e1t, kter\u00fd jsme my lid\u00e9 dali Donaldu Trumpovi.<\/p>\n<p>Modlete se za m\u00edr. P\u0159ipravte se na v\u00e1lku. Nikdy se nevzd\u00e1vej. Nikdy nenechte vl\u00e1dnout nevolen\u00fdmi akt\u00e9ry hlubok\u00e9ho st\u00e1tu a \u010dleny glob\u00e1ln\u00edho lucifersk\u00e9ho kultu smrti.<\/p>\n<p><em>Leo Hohmann<\/em><\/p>\n<\/div>\n<\/div>\n<div class=\"elementor-element elementor-element-8c57238 quelle dc-has-condition dc-condition-empty elementor-widget elementor-widget-heading\" data-id=\"8c57238\" data-element_type=\"widget\" data-widget_type=\"heading.default\">\n<div class=\"elementor-widget-container\">\n<h3 class=\"elementor-heading-title elementor-size-default\"><span style=\"font-size: 10pt;\"><a href=\"https:\/\/leohohmann.substack.com\/p\/in-yet-another-escalation-biden-regime?utm_source=post-email-title&amp;publication_id=787967&amp;post_id=151947234&amp;utm_campaign=email-post-title&amp;isFreemail=false&amp;r=pf6gr&amp;triedRedirect=true&amp;utm_medium=email\" target=\"_blank\" rel=\"nofollow noopener\">Zdroj<\/a><\/span><\/h3>\n<p>&nbsp;<\/p>\n<\/div>\n<\/div>\n","protected":false},"excerpt":{"rendered":"<p>Bidenova administrativa eskaluje v\u00e1lku s Ruskem, o kter\u00e9 v\u00ed, \u017ee nov\u011b zvolen\u00fd prezident sl\u00edbil jej\u00ed&#8230;<\/p>\n","protected":false},"author":2,"featured_media":66734,"comment_status":"closed","ping_status":"closed","sticky":false,"template":"","format":"standard","meta":[],"categories":[7],"tags":[72,2405,26,37],"_links":{"self":[{"href":"https:\/\/www.infokuryr.cz\/n\/wp-json\/wp\/v2\/posts\/66733"}],"collection":[{"href":"https:\/\/www.infokuryr.cz\/n\/wp-json\/wp\/v2\/posts"}],"about":[{"href":"https:\/\/www.infokuryr.cz\/n\/wp-json\/wp\/v2\/types\/post"}],"author":[{"embeddable":true,"href":"https:\/\/www.infokuryr.cz\/n\/wp-json\/wp\/v2\/users\/2"}],"replies":[{"embeddable":true,"href":"https:\/\/www.infokuryr.cz\/n\/wp-json\/wp\/v2\/comments?post=66733"}],"version-history":[{"count":0,"href":"https:\/\/www.infokuryr.cz\/n\/wp-json\/wp\/v2\/posts\/66733\/revisions"}],"wp:featuredmedia":[{"embeddable":true,"href":"https:\/\/www.infokuryr.cz\/n\/wp-json\/wp\/v2\/media\/66734"}],"wp:attachment":[{"href":"https:\/\/www.infokuryr.cz\/n\/wp-json\/wp\/v2\/media?parent=66733"}],"wp:term":[{"taxonomy":"category","embeddable":true,"href":"https:\/\/www.infokuryr.cz\/n\/wp-json\/wp\/v2\/categories?post=66733"},{"taxonomy":"post_tag","embeddable":true,"href":"https:\/\/www.infokuryr.cz\/n\/wp-json\/wp\/v2\/tags?post=66733"}],"curies":[{"name":"wp","href":"https:\/\/api.w.org\/{rel}","templated":true}]}}