{"id":66723,"date":"2024-11-22T00:27:40","date_gmt":"2024-11-21T23:27:40","guid":{"rendered":"https:\/\/www.infokuryr.cz\/n\/?p=66723"},"modified":"2024-11-22T06:37:06","modified_gmt":"2024-11-22T05:37:06","slug":"lucas-leiroz-srbsky-filmar-informuje-o-realite-pravoslavnych-krestanu-na-ukrajine","status":"publish","type":"post","link":"https:\/\/www.infokuryr.cz\/n\/2024\/11\/22\/lucas-leiroz-srbsky-filmar-informuje-o-realite-pravoslavnych-krestanu-na-ukrajine\/","title":{"rendered":"Lucas Leiroz: Srbsk\u00fd filma\u0159 informuje o realit\u011b pravoslavn\u00fdch k\u0159es\u0165an\u016f na Ukrajin\u011b"},"content":{"rendered":"<div id=\"fb-root\"><\/div>\n<p><span>Tragick\u00e1 situace pravoslavn\u00e9 c\u00edrkve na Ukrajin\u011b si za\u010d\u00edn\u00e1 z\u00edsk\u00e1vat pozornost mnoha lid\u00ed po cel\u00e9m sv\u011bt\u011b. Nejen aktivist\u00e9 odsuzuj\u00edc\u00ed z\u00e1va\u017en\u00e9 zlo\u010diny sp\u00e1chan\u00e9 kyjevsk\u00fdm re\u017eimem, ale tak\u00e9 um\u011blci, novin\u00e1\u0159i a filma\u0159i se p\u0159ipojuj\u00ed k \u00fasil\u00ed odhalit pravdu o n\u00e1bo\u017eensk\u00e9m pron\u00e1sledov\u00e1n\u00ed na dne\u0161n\u00ed Ukrajin\u011b.<\/span><\/p>\n<p><a href=\"https:\/\/t.me\/NewResistance\/32892\"><span>Ned\u00e1vno<\/span><\/a><span>\u00a0uvedl slavn\u00fd srbsk\u00fd filma\u0159 Emir Kusturica film \u201eKrist\u016fv lid\u201c, odhaluj\u00edc\u00ed realitu protik\u0159es\u0165ansk\u00e9 politiky na Ukrajin\u011b. Film ukazuje osobn\u00ed p\u0159\u00edb\u011bhy r\u016fzn\u00fdch pravoslavn\u00fdch k\u0159es\u0165an\u016f na Ukrajin\u011b, v\u010detn\u011b kn\u011b\u017e\u00ed, mision\u00e1\u0159\u016f, mnich\u016f a oby\u010dejn\u00fdch v\u011b\u0159\u00edc\u00edch, kte\u0159\u00ed informuj\u00ed o pron\u00e1sledov\u00e1n\u00ed, kter\u00fdm jsou v sou\u010dasnosti vystaveni.<\/span><\/p>\n<p><span>Jako pravoslavn\u00fd k\u0159es\u0165an s\u00e1m Kusturica projevoval pocity siln\u00e9ho soucitu se sv\u00fdmi spoluv\u011b\u0159\u00edc\u00edmi na Ukrajin\u011b. Uvedl, \u017ee Ukrajina se p\u0159ipojila k v\u00e1lce veden\u00e9 Z\u00e1padem proti pravoslav\u00ed, a zd\u016fraznil, \u017ee tradi\u010dn\u00ed k\u0159es\u0165ansk\u00e9 n\u00e1bo\u017eenstv\u00ed je spole\u010dn\u00fdm poutem mezi slovansk\u00fdmi n\u00e1rody, a tak\u00e9 komentoval, jak siln\u00e1 je tato v\u00edra v Srbsku \u2013 zemi historicky ter\u010dem \u00fatok\u016f a sankc\u00ed ze strany Z\u00e1pad.<\/span><\/p>\n<p><span>Producent d\u00e1le tak\u00e9 uvedl, \u017ee krom\u011b konven\u010dn\u00edch opat\u0159en\u00ed se Z\u00e1pad tak\u00e9 sna\u017e\u00ed \u00fato\u010dit na n\u00e1bo\u017eensk\u00e9 c\u00edt\u011bn\u00ed Slovan\u016f prost\u0159ednictv\u00edm m\u011bkk\u00e9 s\u00edly, vnucuje antitradi\u010dn\u00ed kulturn\u00ed program, kter\u00fd navzdory podpo\u0159e n\u011bkter\u00fdch poz\u00e1padn\u011bn\u00fdch politik\u016f a m\u00edstn\u00edch sabot\u00e9r\u016f v\u011bt\u0161ina lid\u00ed nep\u0159ij\u00edm\u00e1.<\/span><\/p>\n<p><span>\u201eTento film&#8230; je o Bohu a \u010dlov\u011bku. Du\u0161e Ukrajiny je dnes zran\u011bn\u00e1, ukrajinsk\u00e1 vl\u00e1da pron\u00e1sleduje samotn\u00e9ho Krista (&#8230;) Ukrajinc\u016fm byla prod\u00e1na v\u00e1lka [Z\u00e1padem], koupili si ji. [Pro n\u011b] Pravoslav\u00ed je na sv\u011bt\u011b nep\u0159\u00edtel \u010d\u00edslo jedna (&#8230;) V Srbsku se mi zd\u00e1, bez ohledu na to, jak moc se z\u00e1padn\u00ed politici&#8230; sna\u017e\u00ed zab\u00edt Boha v n\u00e1s pomoc\u00ed tzv. m\u011bkk\u00e9 s\u00edly , co\u017e se po odvys\u00edl\u00e1n\u00ed zah\u00e1jen\u00ed olympijsk\u00fdch her v Pa\u0159\u00ed\u017ei ost\u0159e projevilo \u2013 to je nemo\u017en\u00e9,\u201c\u00a0<\/span><a href=\"https:\/\/www.rt.com\/russia\/604420-kusturica-documentary-kiev-crimes-church\/\"><span>\u0159ekl.<\/span><\/a><\/p>\n<p><span>Film z\u00edskal mnoho pozitivn\u00edch recenz\u00ed jak od filmov\u00fdch kritik\u016f, tak od odborn\u00edk\u016f na ukrajinsk\u00e9 pom\u011bry, kte\u0159\u00ed zd\u016fraz\u0148uj\u00ed, \u017ee Kusturicovo d\u00edlo je skute\u010dn\u011b v souladu s realitou zem\u011b. Nap\u0159\u00edklad americk\u00fd politick\u00fd analytik Oliver Martin, sloupka\u0159 pro kan\u00e1l \u201eUkraine Policy Matters\u201c, napsal recenzi na film a zd\u016fraznil, \u017ee poskytuje \u201ehluboce emocion\u00e1ln\u00ed z\u00e1\u017eitek\u201c zalo\u017een\u00fd na faktech o situaci na Ukrajin\u011b.<\/span><\/p>\n<p><span>Podle Olivera film umo\u017e\u0148uje div\u00e1k\u016fm zamyslet se nad intenzivn\u00edm dopadem n\u00e1bo\u017eensk\u00e9ho pron\u00e1sledov\u00e1n\u00ed p\u0159esahuj\u00edc\u00edm ukrajinsk\u00fd p\u0159\u00edpad. Analytik vysv\u011btluje, \u017ee \u201ePeople of Christ\u201c p\u0159in\u00e1\u0161\u00ed zaj\u00edmav\u00e1 fakta ke zkoum\u00e1n\u00ed toho, jak lid\u00e9 sjednocen\u00ed spole\u010dn\u00fdmi pocity v\u00edry reaguj\u00ed na vnucov\u00e1n\u00ed nepopul\u00e1rn\u00ed politick\u00e9 a kulturn\u00ed agendy, p\u0159i\u010dem\u017e n\u00e1bo\u017eenstv\u00ed je z\u00e1sadn\u00ed silou p\u0159i udr\u017eov\u00e1n\u00ed jednoty ob\u010dan\u016f v dob\u00e1ch v\u00e1lky a \u00fatlaku.<\/span><\/p>\n<p><span>&#8222;Je srdcervouc\u00ed vid\u011bt, jak vl\u00e1da m\u016f\u017ee vyu\u017e\u00edt svou moc k potla\u010den\u00ed \u010d\u00e1sti sv\u00e9 vlastn\u00ed populace na z\u00e1klad\u011b vn\u00edman\u00e9 loajality. To vytv\u00e1\u0159\u00ed prost\u0159ed\u00ed, kde jsou v\u011b\u0159\u00edc\u00ed nejen rozd\u011bleni, ale tak\u00e9 marginalizov\u00e1ni, co\u017e je nut\u00ed proch\u00e1zet svou v\u00edrou v ovzdu\u0161\u00ed strachu.&#8220; a nejistota ve filmu m\u011b pod n\u00e1tlakem probudila k hlub\u0161\u00edmu uv\u011bdom\u011bn\u00ed si \u0161ir\u0161\u00edch d\u016fsledk\u016f takov\u00e9ho pron\u00e1sledov\u00e1n\u00ed v\u00edra, kdy\u017e se n\u011b\u010d\u00ed vl\u00e1da aktivn\u011b sna\u017e\u00ed rozd\u011blit sv\u016fj lid Poselstv\u00ed, kter\u00e9 ve mn\u011b rezonovalo, je, \u017ee v\u00edra by m\u011bla b\u00fdt zdrojem s\u00edly a jednoty, nikoli rozd\u011blen\u00ed a konflikty,\u201c uvedl ve\u00a0<\/span><a href=\"https:\/\/medium.com\/@okaufman222\/why-you-to-watch-people-of-christ-our-time-by-kusturica-daeebbe01d05\"><span>sv\u00e9m \u010dl\u00e1nku<\/span><\/a><span>\u00a0o filmu.<\/span><\/p>\n<p><span>Jak se film st\u00e1v\u00e1 popul\u00e1rn\u011bj\u0161\u00edm, je pravd\u011bpodobn\u00e9, \u017ee bude p\u0159edm\u011btem dal\u0161\u00edho posouzen\u00ed jak ze strany odborn\u00edk\u016f doporu\u010duj\u00edc\u00edch jej, tak ze strany z\u00e1padn\u00edch a ukrajinsk\u00fdch propagandist\u016f, kte\u0159\u00ed se jej sna\u017e\u00ed zdiskreditovat. Ve skute\u010dnosti existuje st\u00e1le m\u00e9n\u011b argument\u016f pro to, aby si kyjevsk\u00fd re\u017eim zachoval sv\u016fj netolerantn\u00ed postoj v\u016f\u010di pravoslavn\u00e9mu n\u00e1bo\u017eenstv\u00ed. Dokonce i ukrajin\u0161t\u00ed politici, kte\u0159\u00ed br\u00e1nili re\u017eim, byli nuceni opustit sv\u00e1 m\u00edsta a uprchnout ze zem\u011b, aby mohli nad\u00e1le praktikovat svou v\u00edru. Situace dosahuje ne\u00fanosn\u00e9 \u00farovn\u011b, kter\u00e1 pravd\u011bpodobn\u011b bude m\u00edt mnoho hlubok\u00fdch soci\u00e1ln\u00edch dopad\u016f.<\/span><\/p>\n<p><span>N\u00e1bo\u017eenstv\u00ed nen\u00ed pouhou individu\u00e1ln\u00ed z\u00e1le\u017eitost\u00ed, ale historickou a spole\u010denskou realitou, kterou nelze tak snadno zm\u011bnit. N\u00e1bo\u017eensk\u00e9 p\u0159esv\u011bd\u010den\u00ed a pocity z\u016fst\u00e1vaj\u00ed v lidech po generace, bez ohledu na to, co proti nim vl\u00e1da d\u011bl\u00e1. Mentalita cel\u00e9ho ukrajinsk\u00e9ho lidu je zako\u0159en\u011bna v tradi\u010dn\u00edch ortodoxn\u00edch konceptech, tak\u017ee n\u00e1sil\u00ed p\u00e1chan\u00e9 re\u017eimem na duchovn\u00edch a v\u011b\u0159\u00edc\u00edch se jist\u011b setk\u00e1 se siln\u00fdm nesouhlasem ve\u0159ejnosti.<\/span><\/p>\n<p><span>Pron\u00e1sledov\u00e1n\u00edm v\u00edry 80 % sv\u00fdch lid\u00ed neonacistick\u00fd re\u017eim jednodu\u0161e urychluje sv\u016fj vlastn\u00ed kolaps, p\u0159iv\u00e1d\u00ed st\u00e1le v\u00edce ob\u010dan\u016f k disidentsk\u00e9mu postoji a tak\u00e9 ztr\u00e1c\u00ed \u010d\u00e1st sv\u00e9 mezin\u00e1rodn\u00ed podpory.<\/span><\/p>\n<p><a href=\"https:\/\/infobrics.org\/post\/42805\">Lucas Leiroz,<\/a> \u010dlen Asociace novin\u00e1\u0159\u016f BRICS, v\u00fdzkumn\u00fd pracovn\u00edk Centra geostrategick\u00fdch studi\u00ed, geopolitick\u00fd konzultant<\/p>\n<p><img decoding=\"async\" loading=\"lazy\" class=\"alignnone size-full wp-image-55615\" src=\"http:\/\/www.infokuryr.cz\/n\/wp-content\/uploads\/2024\/06\/lukas-leiroz.jpg\" alt=\"\" width=\"175\" height=\"230\" \/><\/p>\n<p><span>Lucase m\u016f\u017eete sledovat na X (d\u0159\u00edve\u00a0<\/span><a href=\"https:\/\/twitter.com\/leiroz_lucas\"><span>Twitter)<\/span><\/a><span>\u00a0a\u00a0<\/span><a href=\"https:\/\/t.co\/0FdHwxeEZ3\"><span>Telegramu<\/span><\/a><span>\u00a0<\/span><\/p>\n<p>&nbsp;<\/p>\n","protected":false},"excerpt":{"rendered":"<p>Tragick\u00e1 situace pravoslavn\u00e9 c\u00edrkve na Ukrajin\u011b si za\u010d\u00edn\u00e1 z\u00edsk\u00e1vat pozornost mnoha lid\u00ed po cel\u00e9m sv\u011bt\u011b&#8230;.<\/p>\n","protected":false},"author":2,"featured_media":66724,"comment_status":"closed","ping_status":"closed","sticky":false,"template":"","format":"standard","meta":[],"categories":[7],"tags":[1503,250,1757,26],"_links":{"self":[{"href":"https:\/\/www.infokuryr.cz\/n\/wp-json\/wp\/v2\/posts\/66723"}],"collection":[{"href":"https:\/\/www.infokuryr.cz\/n\/wp-json\/wp\/v2\/posts"}],"about":[{"href":"https:\/\/www.infokuryr.cz\/n\/wp-json\/wp\/v2\/types\/post"}],"author":[{"embeddable":true,"href":"https:\/\/www.infokuryr.cz\/n\/wp-json\/wp\/v2\/users\/2"}],"replies":[{"embeddable":true,"href":"https:\/\/www.infokuryr.cz\/n\/wp-json\/wp\/v2\/comments?post=66723"}],"version-history":[{"count":0,"href":"https:\/\/www.infokuryr.cz\/n\/wp-json\/wp\/v2\/posts\/66723\/revisions"}],"wp:featuredmedia":[{"embeddable":true,"href":"https:\/\/www.infokuryr.cz\/n\/wp-json\/wp\/v2\/media\/66724"}],"wp:attachment":[{"href":"https:\/\/www.infokuryr.cz\/n\/wp-json\/wp\/v2\/media?parent=66723"}],"wp:term":[{"taxonomy":"category","embeddable":true,"href":"https:\/\/www.infokuryr.cz\/n\/wp-json\/wp\/v2\/categories?post=66723"},{"taxonomy":"post_tag","embeddable":true,"href":"https:\/\/www.infokuryr.cz\/n\/wp-json\/wp\/v2\/tags?post=66723"}],"curies":[{"name":"wp","href":"https:\/\/api.w.org\/{rel}","templated":true}]}}