{"id":66708,"date":"2024-11-22T05:01:27","date_gmt":"2024-11-22T04:01:27","guid":{"rendered":"https:\/\/www.infokuryr.cz\/n\/?p=66708"},"modified":"2024-11-22T05:01:27","modified_gmt":"2024-11-22T04:01:27","slug":"sto-palestincu-zabitych-izraelci-v-gaze-je-nevzrusuje-a-maji-z-toho-radost-5-mrtvych-na-ukrajine-je-strasna-tragedie-dvoji-metr-ceskych-elit-je-odporny","status":"publish","type":"post","link":"https:\/\/www.infokuryr.cz\/n\/2024\/11\/22\/sto-palestincu-zabitych-izraelci-v-gaze-je-nevzrusuje-a-maji-z-toho-radost-5-mrtvych-na-ukrajine-je-strasna-tragedie-dvoji-metr-ceskych-elit-je-odporny\/","title":{"rendered":"Sto Palestinc\u016f zabit\u00fdch Izraelci v Gaze je nevzru\u0161uje a maj\u00ed z toho radost, 5 mrtv\u00fdch na Ukrajin\u011b je stra\u0161n\u00e1 trag\u00e9die\u2026 dvoj\u00ed metr \u201e\u010desk\u00fdch\u201c elit je odporn\u00fd"},"content":{"rendered":"<div id=\"fb-root\"><\/div>\n<p>Je zaj\u00edmav\u00e9 pro\u010d\u00edst si ob\u010das \u010desk\u00fd tisk. T\u0159eba se dozv\u00edte, \u017ee\u00a0<strong>p\u0159i c\u00edlen\u00e9m n\u00e1letu na obytnou budovu v Gaze bylo zabito 93 osob a 40 se poh\u0159e\u0161uje.\u00a0<a href=\"https:\/\/www.novinky.cz\/clanek\/zahranicni-blizky-a-stredni-vychod-uder-v-gaze-pri-nemz-zahynuly-desitky-lidi-miril-na-cloveka-s-dalekohledem-40495345\">Mezi mrtv\u00fdmi je 25 d\u011bt\u00ed<\/a>. Podle sou\u010dasn\u00fdch elit v \u010cesku je to ale v po\u0159\u00e1dku, Izrael m\u00e1 p\u0159ece pr\u00e1vo hubit Palestince na jejich \u00fazem\u00ed jako obt\u00ed\u017en\u00fd hmyz a zabrat jim jejich zemi. V\u017edy\u0165 ty zabit\u00e9 d\u011bti byly jist\u011b terorist\u00e9, \u017ee?<\/strong>!<\/p>\n<p>Kdy\u017e naopak p\u0159i n\u00e1letu rusk\u00fdch raket a d<a href=\"https:\/\/denikn.cz\/minuta\/1575241\/\">ronu\u00a0<\/a><strong><a href=\"https:\/\/denikn.cz\/minuta\/1575241\/\">zahyne na Ukrajin\u011b 5 osob<\/a>, tak je to stra\u0161n\u00e1 trag\u00e9die.\u00a0<\/strong>P\u0159itom ani nev\u00edme, kolik jich zem\u0159elo kv\u016fli rusk\u00e9mu n\u00e1letu a kolik bylo zabito \u0161patnou ukrajinskou protiraketovou obranou, kter\u00e1 minula c\u00edl a spadla na (vlastn\u00ed) obytn\u00e9 budovy.<\/p>\n<p><strong>Kde se tenhle cynismus \u201e\u010desk\u00fdch elit\u201c vzal? Na smrti Palestince nez\u00e1le\u017e\u00ed, dokonce se z n\u011bj raduj\u00ed, ale smrt Ukrajince je najednou pro n\u011b trag\u00e9die. P\u0159itom p\u0159ed rokem 2022 Ukrajinci otev\u0159en\u011b pohrdali a naz\u00fdvali je \u201e\u00dak\u00e1\u010dka, Ukro\u0161i, \u010di Ukra\u201c.<\/strong><\/p>\n<p><strong>Nebo je to tak, \u017ee smrt palestinsk\u00e9ho goyima je v po\u0159\u00e1dku, stejn\u011b jako ukrajinsk\u00e9ho, ale jen u toho ukrajinsk\u00e9ho se jim zrovna hod\u00ed nad n\u00edm ok\u00e1zale b\u011bdovat?<\/strong><\/p>\n<p><strong>Pro\u010d rusk\u00fd \u00fatok na Ukrajinu vad\u00ed a izraelsk\u00fd na Libanon nevad\u00ed? Aha, aha zase tu vane v\u00edtr l\u017ei od Mrtv\u00e9ho mo\u0159e\u2026<\/strong><\/p>\n<p><img decoding=\"async\" class=\"aligncenter\" src=\"https:\/\/ceskavec.com\/wp-content\/uploads\/2024\/10\/image-8.png\" \/><\/p>\n<p>Pro sou\u010dasn\u00e9 \u201e\u010desk\u00e9 elity\u201c jsou palestinsk\u00e9 ob\u011bti m\u00e9n\u011b mrtv\u00e9 ne\u017e ty na Ukrajin\u011b\u2026<\/p>\n<p><a href=\"https:\/\/ceskavec.com\/2024\/11\/sto-palestincu-zabitych-izraelci-v-gaze-je-nevzrusuje-a-maji-z-toho-radost-5-mrtvych-na-ukrajine-je-strasna-tragedie-dvoji-metr-ceskych-elit-je-odporny\">Aron G.<\/a><\/p>\n<p>&nbsp;<\/p>\n","protected":false},"excerpt":{"rendered":"<p>Je zaj\u00edmav\u00e9 pro\u010d\u00edst si ob\u010das \u010desk\u00fd tisk. T\u0159eba se dozv\u00edte, \u017ee\u00a0p\u0159i c\u00edlen\u00e9m n\u00e1letu na obytnou&#8230;<\/p>\n","protected":false},"author":2,"featured_media":66709,"comment_status":"closed","ping_status":"closed","sticky":false,"template":"","format":"standard","meta":[],"categories":[6],"tags":[2253,107,192,313],"_links":{"self":[{"href":"https:\/\/www.infokuryr.cz\/n\/wp-json\/wp\/v2\/posts\/66708"}],"collection":[{"href":"https:\/\/www.infokuryr.cz\/n\/wp-json\/wp\/v2\/posts"}],"about":[{"href":"https:\/\/www.infokuryr.cz\/n\/wp-json\/wp\/v2\/types\/post"}],"author":[{"embeddable":true,"href":"https:\/\/www.infokuryr.cz\/n\/wp-json\/wp\/v2\/users\/2"}],"replies":[{"embeddable":true,"href":"https:\/\/www.infokuryr.cz\/n\/wp-json\/wp\/v2\/comments?post=66708"}],"version-history":[{"count":0,"href":"https:\/\/www.infokuryr.cz\/n\/wp-json\/wp\/v2\/posts\/66708\/revisions"}],"wp:featuredmedia":[{"embeddable":true,"href":"https:\/\/www.infokuryr.cz\/n\/wp-json\/wp\/v2\/media\/66709"}],"wp:attachment":[{"href":"https:\/\/www.infokuryr.cz\/n\/wp-json\/wp\/v2\/media?parent=66708"}],"wp:term":[{"taxonomy":"category","embeddable":true,"href":"https:\/\/www.infokuryr.cz\/n\/wp-json\/wp\/v2\/categories?post=66708"},{"taxonomy":"post_tag","embeddable":true,"href":"https:\/\/www.infokuryr.cz\/n\/wp-json\/wp\/v2\/tags?post=66708"}],"curies":[{"name":"wp","href":"https:\/\/api.w.org\/{rel}","templated":true}]}}