{"id":66696,"date":"2024-11-22T00:42:50","date_gmt":"2024-11-21T23:42:50","guid":{"rendered":"https:\/\/www.infokuryr.cz\/n\/?p=66696"},"modified":"2024-11-21T16:53:36","modified_gmt":"2024-11-21T15:53:36","slug":"angela-merkelova-trump-byl-fascinovan-putinem","status":"publish","type":"post","link":"https:\/\/www.infokuryr.cz\/n\/2024\/11\/22\/angela-merkelova-trump-byl-fascinovan-putinem\/","title":{"rendered":"Angela Merkelov\u00e1: Trump byl fascinov\u00e1n Putinem\u2026"},"content":{"rendered":"<div id=\"fb-root\"><\/div>\n<p><strong>Se zvl\u00e1\u0161tn\u00edm zadostiu\u010din\u011bn\u00edm port\u00e1l Politico.eu p\u0159inesl 20. listopadu v \u010dl\u00e1nku Joe Stanleyho-Smitha v\u00fd\u0148atky z pam\u011bt\u00ed Angely Merkelov\u00e9, kter\u00e9 se objevily na pultech a jsou s\u017e\u00edravou kritikou jednoho z jejich tehdej\u0161\u00edch politick\u00fdch souputn\u00edk\u016f &#8211; Donalda Trumpa. Merkelov\u00e1 sama se n\u011bkolikr\u00e1t s Donaldem Trumpem st\u0159etla a sama nem\u011bla jasno, kdo z nich zv\u00edt\u011bzil a kdo prohr\u00e1l.<\/strong><\/p>\n<p>Z\u00a0hlediska kni\u017en\u00ed propagace si b\u00fdval\u00e1 kancl\u00e9\u0159ka v\u00a0r\u00e1mci sv\u00fdch omezen\u00fdch mo\u017enost\u00ed, danou svou dne\u0161n\u00ed neobl\u00edbenost\u00ed, nemohla vybrat l\u00e9pe, kdy\u017e cht\u011bla z\u0159ejm\u011b vyu\u017e\u00edt paniky z\u00a0neodvratn\u00e9ho n\u00e1vratu Donalda Trumpa, nejv\u011bt\u0161\u00edho rebela proti sou\u010dasn\u00e9mu z\u00e1padn\u00edmu mainstreamu a establishmentu kter\u00e1 zavl\u00e1dla po jeho triumf\u00e1ln\u00edm v\u00edt\u011bzstv\u00ed. A\u010d dosud ne\u00fa\u0159aduje z\u00a0ov\u00e1ln\u00e9 pracovny B\u00edl\u00e9ho domu, nah\u00e1n\u00ed hr\u016fzu sou\u010dasn\u00fdm evropsk\u00fdm vl\u00e1dnouc\u00edm progresivist\u016fm a proukrajinsk\u00fdm v\u00e1le\u010dn\u00fdm \u0161tv\u00e1\u010d\u016fm, a proto jejich u\u0161\u00edm bude lahodit kritika onoho politick\u00e9ho d\u00e9mona.<\/p>\n<p>\u017de ov\u0161em ona sama u\u010dinila podle mnoh\u00fdch strategick\u00e9 chyby a nap\u0159\u00edklad uzav\u0159en\u00ed draze vybudovan\u00fdch a funguj\u00edc\u00edch jadern\u00fdch elektr\u00e1ren zbavilo N\u011bmecko podstatn\u00e9 \u010d\u00e1sti dnes tolik nedostatkov\u00e9 a tolik drah\u00e9 elektrick\u00e9 energie \u010di, \u017ee jej\u00ed willkomennpolitik pro statis\u00edce muslimsk\u00fdch migrant\u016f p\u0159inesla neb\u00fdval\u00fd n\u00e1r\u016fst extremismu a zdaleka nenaplnila o\u010dek\u00e1v\u00e1n\u00ed o z\u00edsk\u00e1n\u00ed dodate\u010dn\u00e9 pracovn\u00ed s\u00edly jsou d\u011bsiv\u00fdm d\u016fsledkem jej\u00ed vl\u00e1dy.<\/p>\n<p>Ale vra\u0165me ke vzpom\u00ednk\u00e1m b\u00fdval\u00e9 kancl\u00e9\u0159ky.<\/p>\n<p>B\u00fdval\u00fd n\u011bmeck\u00e1 kancl\u00e9\u0159ka se s\u00a0Trumpem nemazlila a podle autora m\u011bla nazna\u010dit sc\u00e9n\u00e1\u0159, jak se s n\u00edm vypo\u0159\u00e1dat. J\u00e1 ov\u0161em jsem jej v\u00a0textu n\u011bjak\u00e9 nazna\u010den\u00ed \u0159e\u0161en\u00ed nena\u0161el, ale budi\u017e\u2026Nalezl jsem vlastn\u011b n\u011bco podstatn\u011bj\u0161\u00edho.<\/p>\n<p>Zat\u00edmco evrop\u0161t\u00ed politici s\u00a0p\u0159ekvapivou v\u00fdjimkou \u010desk\u00e9ho prezidenta Pavla, ale na n\u011bm ve sv\u011btov\u00e9m kontextu nez\u00e1le\u017e\u00ed, ne\u0159ekli nic, co by ho mohlo roz\u010d\u00edlit, Angela Merkelov\u00e1, kter\u00e1 byla n\u011bmeckou kancl\u00e9\u0159kou 16 let, a\u017e do roku 2021 \u2013 od t\u00e9 doby se z velk\u00e9 \u010d\u00e1sti dr\u017eela mimo zraky ve\u0159ejnosti \u2013 nem\u00e1 pot\u0159ebu hr\u00e1t hru na lichocen\u00ed.<\/p>\n<p>Ve sv\u00fdch p\u0159ipravovan\u00fdch pam\u011btech, jejich\u017e v\u00fd\u0148atky zve\u0159ejnil n\u011bmeck\u00fd t\u00fdden\u00edk Die Zeit, podrobn\u011b popisuje sv\u00e9 interakce s Trumpem b\u011bhem jeho prvn\u00edho \u010dty\u0159let\u00e9ho funk\u010dn\u00edho obdob\u00ed, v\u010detn\u011b sv\u00e9ho pohledu na vztah b\u00fdval\u00e9ho prezidenta s rusk\u00fdm v\u016fdcem Vladimirem Putinem.<\/p>\n<p>M\u011b osobn\u011b zaujalo z\u0159ejm\u011b velice p\u0159esn\u00e9 hodnocen\u00ed Trumpovy metody hodnocen\u00ed politick\u00fdch d\u011bj\u016f, kter\u00e9 sice kritizovala, ale naopak ukazuje, pro\u010d je Trump tak z\u00e1sadn\u011b jin\u00fd od sou\u010dasn\u00fdch politik\u016f veden\u00fdch z\u00e1sadn\u011b ideologi\u00ed a pro\u010d u\u017e te\u010f se ukazuje jako \u00fasp\u011b\u0161n\u00fd.<\/p>\n<p>Konstatovala: &#8222;V\u0161echno posuzoval z pohledu podnikatele v oblasti nemovitost\u00ed, kter\u00fdm byl p\u0159ed politikou,&#8220; napsala o Trumpovi. &#8222;Ka\u017ed\u00e1 nemovitost mohla b\u00fdt p\u0159id\u011blena pouze jednou. Pokud to nepochopil on, ud\u011blal to n\u011bkdo jin\u00fd. Tak se tak\u00e9 d\u00edval na sv\u011bt.&#8220;<\/p>\n<p>&#8222;Podle n\u011bj si v\u0161echny zem\u011b navz\u00e1jem konkurovaly, v nich\u017e \u00fasp\u011bch jedn\u00e9 byl ne\u00fasp\u011bchem druh\u00e9; Nev\u011b\u0159il, \u017ee prosperita v\u0161ech m\u016f\u017ee b\u00fdt zv\u00fd\u0161ena spoluprac\u00ed.&#8220;<\/p>\n<p>B\u00fdval\u00e1 v\u016fdkyn\u011b K\u0159es\u0165anskodemokratick\u00e9 unie pova\u017eovala Trump\u016fv vztah za tak n\u00e1ro\u010dn\u00fd, \u017ee dokonce po\u017e\u00e1dala pape\u017ee Franti\u0161ka o radu, jak s n\u00edm jednat.<\/p>\n<p>Angela Merkelov\u00e1 tak\u00e9 napsala, \u017ee b\u011bhem setk\u00e1n\u00ed v b\u0159eznu 2017 se Donald Trump sna\u017eil z\u00edskat jej\u00ed n\u00e1zor na Vladimira Putina. &#8222;Ani\u017e bych jmenovala jm\u00e9na, zeptala jsem se ho, jak by se vypo\u0159\u00e1dal se z\u00e1sadn\u011b odli\u0161n\u00fdmi n\u00e1zory ve skupin\u011b d\u016fle\u017eit\u00fdch osobnost\u00ed,&#8220; napsala Merkelov\u00e1 s odkazem na rozhovor v dob\u011b, kdy Trump vyhro\u017eoval, \u017ee USA odstoup\u00ed od Pa\u0159\u00ed\u017esk\u00e9 klimatick\u00e9 dohody. &#8222;Okam\u017eit\u011b m\u011b pochopil a odpov\u011bd\u011bl mi p\u0159\u00edmo: &#8218;Oh\u00fdbej, oh\u00fdbej, oh\u00fdbej, ale d\u00e1vej pozor, aby se to nezlomilo.'&#8220;<\/p>\n<p>Velk\u00e1 \u010d\u00e1st jej\u00edch text\u016f o Trumpovi se t\u00fdk\u00e1 jej\u00edho setk\u00e1n\u00ed s n\u00edm v B\u00edl\u00e9m dom\u011b v b\u0159eznu 2017.<\/p>\n<p>&#8222;Mluvili jsme o tom na dvou r\u016fzn\u00fdch \u00farovn\u00edch. Trump na emocion\u00e1ln\u00ed \u00farovni, j\u00e1 na faktick\u00e9,&#8220; napsala Merkelov\u00e1 o setk\u00e1n\u00ed. &#8222;Kdy\u017e u\u017e v\u011bnoval pozornost m\u00fdm argument\u016fm, bylo to obvykle jen proto, aby z nich vykonstruoval nov\u00e1 obvin\u011bn\u00ed.&#8220;<\/p>\n<p>&#8222;Kdy\u017e jsem let\u011bla dom\u016f, nem\u011bla jsem dobr\u00fd pocit,&#8220; \u0159ekla. &#8222;Na z\u00e1klad\u011b sv\u00fdch rozhovor\u016f jsem dosp\u011bla k z\u00e1v\u011bru: S Trumpem by neexistovala \u017e\u00e1dn\u00e1 spole\u010dn\u00e1 pr\u00e1ce pro propojen\u00fd sv\u011bt.&#8220;<\/p>\n<p>Jen o n\u011bkolik m\u011bs\u00edc\u016f pozd\u011bji, pot\u00e9, co Trump b\u011bhem cesty po kontinentu a bou\u0159liv\u00e9ho setk\u00e1n\u00ed G7 v It\u00e1lii ohrnul nos nad Evropou<a href=\"https:\/\/www.politico.eu\/article\/what-angela-merkel-meant-at-the-munich-beer-hall\/\">, prohl\u00e1sila<\/a>, na pozad\u00ed Trumpova veden\u00ed a brexitu v p\u0159edchoz\u00edm roce, \u017ee Evropa mus\u00ed ve v\u011bt\u0161\u00ed m\u00ed\u0159e ne\u017e d\u0159\u00edve st\u00e1t sama za sebe a nespol\u00e9hat na ostatn\u00ed.<\/p>\n<p>Napsala tak\u00e9, \u017ee b\u011bhem sch\u016fzky v b\u0159eznu 2017 cht\u011bl Trump z\u00edskat jej\u00ed n\u00e1zor na Putina.<\/p>\n<p>&#8222;Donald Trump se m\u011b zeptal na \u0159adu ot\u00e1zek, v\u010detn\u011b m\u00e9ho v\u00fdchodon\u011bmeck\u00e9ho p\u016fvodu a m\u00e9ho vztahu s Putinem.&#8220;<\/p>\n<p>&#8222;Byl zjevn\u011b rusk\u00fdm prezidentem velmi fascinov\u00e1n\u2026 &#8220; konstatovala<\/p>\n<p>A tento z\u00e1v\u011br odpov\u00edd\u00e1 i m\u00e9mu pohledu na Trumpa.<\/p>\n<p>Trump nesporn\u011b, kdy\u017e si ned\u00e1v\u00e1 pozor, \u010das od \u010dasu a\u017e neuv\u00e1\u017een\u011b vyhrkne v\u00fdrok, z\u00a0n\u011bho\u017e vypl\u00fdv\u00e1 jeho naprosto p\u0159eva\u017euj\u00edc\u00ed obdiv k\u00a0Putinovi.<\/p>\n<p>Ale otev\u0159en\u011b \u0159e\u010deno: A ke komu jin\u00e9mu v\u00a0tomto sv\u011bt\u011b by ho m\u011bl m\u00edt ? Vid\u00edme, jak po t\u0159ech letech veden\u00ed v\u00e1lky proti n\u011bmu zkolaboval jeho nejv\u011bt\u0161\u00ed nep\u0159\u00edtel Biden, jak kolabuje ekonomicky i politicky rozvr\u00e1cen\u00e1 Francie dal\u0161\u00edho \u201evelik\u00e1na\u201c Macrona a jak je\u0161t\u011b h\u016f\u0159e kon\u010d\u00ed motor politick\u00e9ho a ekonomick\u00e9ho \u00fasp\u011bchu EU N\u011bmecko kancl\u00e9\u0159e Scholz.<\/p>\n<p>Najd\u011bte mi schopn\u011bj\u0161\u00edho sv\u011btov\u00e9ho politika ne\u017e je Putin a napi\u0161te mi jm\u00e9no.<\/p>\n<p>Nenajdete.<\/p>\n<p>Krok za krokem, pomalu, ale jist\u011b, Putin dosahuje sv\u00e9ho c\u00edle, \u017ee Ukrajina p\u0159estane hr\u00e1t roli trojsk\u00e9ho kon\u011b Z\u00e1padu, jak ji s\u00a0pomoc\u00ed Z\u00e1padu hr\u00e1la od euromajdanu v\u00a0roce 2014 s\u00a0c\u00edlem podrobit si Rusko a podpo\u0159it dominanci Z\u00e1padu.<\/p>\n<p>M\u016f\u017ee se v\u00e1m to nel\u00edbit. Ale tak to je.<\/p>\n<p>A jsem p\u0159esv\u011bd\u010den, \u017ee Trump to samoz\u0159ejm\u011b v\u00ed. A konec konc\u016f to nep\u0159\u00edmo vypl\u00fdv\u00e1 z\u00a0charakteristiky, kterou Merkelov\u00e1 nazna\u010dila. A v\u00a0sou\u010dasn\u00e9m sv\u011bt\u011b logicky je Putin v\u00a0z\u00e1sad\u011b jeho nejv\u00fdznamn\u011bj\u0161\u00edm partnerem pro spolupr\u00e1ci.<\/p>\n<p>Asi tak\u2026<\/p>\n<p><a href=\"https:\/\/vasevec.info\/komentare\/angela-merkelova-trump-byl-fascinovan-putinem\">Ji\u0159\u00ed Vyvadil<\/a><\/p>\n<p><img decoding=\"async\" loading=\"lazy\" class=\"alignnone size-medium wp-image-16474\" src=\"http:\/\/www.infokuryr.cz\/n\/wp-content\/uploads\/2022\/10\/jiri-vyvadil-300x200.jpg\" alt=\"\" width=\"300\" height=\"200\" srcset=\"https:\/\/www.infokuryr.cz\/n\/wp-content\/uploads\/2022\/10\/jiri-vyvadil-300x200.jpg 300w, https:\/\/www.infokuryr.cz\/n\/wp-content\/uploads\/2022\/10\/jiri-vyvadil-768x512.jpg 768w, https:\/\/www.infokuryr.cz\/n\/wp-content\/uploads\/2022\/10\/jiri-vyvadil.jpg 800w\" sizes=\"(max-width: 300px) 100vw, 300px\" \/><\/p>\n<p>&nbsp;<\/p>\n","protected":false},"excerpt":{"rendered":"<p>Se zvl\u00e1\u0161tn\u00edm zadostiu\u010din\u011bn\u00edm port\u00e1l Politico.eu p\u0159inesl 20. listopadu v \u010dl\u00e1nku Joe Stanleyho-Smitha v\u00fd\u0148atky z pam\u011bt\u00ed&#8230;<\/p>\n","protected":false},"author":2,"featured_media":65794,"comment_status":"closed","ping_status":"closed","sticky":false,"template":"","format":"standard","meta":[],"categories":[6],"tags":[1503,505,102,452],"_links":{"self":[{"href":"https:\/\/www.infokuryr.cz\/n\/wp-json\/wp\/v2\/posts\/66696"}],"collection":[{"href":"https:\/\/www.infokuryr.cz\/n\/wp-json\/wp\/v2\/posts"}],"about":[{"href":"https:\/\/www.infokuryr.cz\/n\/wp-json\/wp\/v2\/types\/post"}],"author":[{"embeddable":true,"href":"https:\/\/www.infokuryr.cz\/n\/wp-json\/wp\/v2\/users\/2"}],"replies":[{"embeddable":true,"href":"https:\/\/www.infokuryr.cz\/n\/wp-json\/wp\/v2\/comments?post=66696"}],"version-history":[{"count":0,"href":"https:\/\/www.infokuryr.cz\/n\/wp-json\/wp\/v2\/posts\/66696\/revisions"}],"wp:featuredmedia":[{"embeddable":true,"href":"https:\/\/www.infokuryr.cz\/n\/wp-json\/wp\/v2\/media\/65794"}],"wp:attachment":[{"href":"https:\/\/www.infokuryr.cz\/n\/wp-json\/wp\/v2\/media?parent=66696"}],"wp:term":[{"taxonomy":"category","embeddable":true,"href":"https:\/\/www.infokuryr.cz\/n\/wp-json\/wp\/v2\/categories?post=66696"},{"taxonomy":"post_tag","embeddable":true,"href":"https:\/\/www.infokuryr.cz\/n\/wp-json\/wp\/v2\/tags?post=66696"}],"curies":[{"name":"wp","href":"https:\/\/api.w.org\/{rel}","templated":true}]}}