{"id":66694,"date":"2024-11-22T00:39:56","date_gmt":"2024-11-21T23:39:56","guid":{"rendered":"https:\/\/www.infokuryr.cz\/n\/?p=66694"},"modified":"2024-11-21T16:50:43","modified_gmt":"2024-11-21T15:50:43","slug":"petr-vlk-nemci-rusi-slib-poplatek-za-plyn-ktery-plati-i-cesi-nejen-ponechaji-ale-dokonce-zvednou-doplneno","status":"publish","type":"post","link":"https:\/\/www.infokuryr.cz\/n\/2024\/11\/22\/petr-vlk-nemci-rusi-slib-poplatek-za-plyn-ktery-plati-i-cesi-nejen-ponechaji-ale-dokonce-zvednou-doplneno\/","title":{"rendered":"Petr Vlk: N\u011bmci ru\u0161\u00ed slib, poplatek za plyn, kter\u00fd plat\u00ed i \u010ce\u0161i, nejen ponechaj\u00ed, ale dokonce zvednou. DOPLN\u011aNO!"},"content":{"rendered":"<div id=\"fb-root\"><\/div>\n<p>Ne\u017e\u00a0 jsem\u00a0 dokon\u010dil vlastn\u00ed \u010dl\u00e1nek na\u00a0\u00a0 t\u00e9ma, jak\u00a0 funguje\u00a0 ona\u00a0 \u00fa\u017easn\u00e1\u00a0 kolektivn\u011b\u00a0 z\u00e1padn\u00ed\u00a0 energetick\u00e1 solidarita,\u00a0 jak v nouzi\u00a0 N\u011bmci\u00a0 rad\u0161i omez\u00ed dod\u00e1vky plynu sv\u00e9mu\u00a0 pr\u016fmyslu,\u00a0 jen\u00a0 aby uspokojili\u00a0 \u010desk\u00e9 pot\u0159eby,\u00a0 objevil se\u00a0 nov\u00fd Kovanda. S\u00a0 u\u017e\u00a0 hotov\u00fdm kusem.\u00a0 Tak pro\u010d\u00a0 bu\u0161it\u00a0 do kl\u00e1vesnice a\u00a0 marnit\u00a0 vlastn\u00ed\u00a0 \u010das?<\/p>\n<p>Je\u00a0 to opravdu pou\u010dn\u00e9 \u010dten\u00ed.\u00a0 Opravuji se \u2013 mohlo by\u00a0 to b\u00fdt\u00a0 pou\u010dn\u00e9 \u010dten\u00ed. Kdyby\u00a0 ov\u0161em Fiala\u00a0 a Oblud\u00e1rium\u00a0 m\u011bli\u00a0 alespo\u0148 minim\u00e1ln\u00ed\u00a0 snahu a\u00a0 schopnost\u00a0 reflektovat realitu,\u00a0 a\u00a0 kdyby t\u011bch\u00a0 cca\u00a0 42%\u00a0 voli\u010dsk\u00e9ho elektor\u00e1tu,\u00a0 krom\u011b\u00a0 vymyt\u00fdch mozkoven a naprosto nepochopiteln\u00e9\u00a0 zabej\u010denosti bylo ochotno\u00a0 vst\u0159ebat\u00a0 v\u016fbec n\u011bjakou tvrd\u011b\u00a0 pravdivou informaci,\u00a0 je\u017e\u00a0 bohu\u017eel koliduje\u00a0 s jejich\u00a0 umanut\u011b\u00a0 fanatick\u00fdm sv\u011bton\u00e1zorem\u2026.<\/p>\n<p>Tak\u017ee\u00a0 ten\u00a0 Kovand\u016fv\u00a0 text\u00a0 je jen dal\u0161\u00edm\u00a0 kam\u00e9nkem v mozaice pro\u00a0 ty\u00a0 co\u00a0 u\u017e\u00a0 stejn\u011b\u00a0 v\u011bd\u00ed,\u00a0 ale\u00a0 j\u00e1\u00a0 tajn\u011b\u00a0 douf\u00e1m,\u00a0 \u017ee\u00a0 se\u00a0 stane\u00a0 st\u0159\u00edpkem pozn\u00e1n\u00ed, kter\u00fd jim\u00a0 umo\u017en\u00ed\u00a0 se\u00a0 kvalifikovan\u011b\u00a0 rozhodnout\u00a0 p\u0159\u00ed\u0161t\u00ed\u00a0 z\u00e1\u0159\u00ed.\u00a0 Proto\u017ee\u00a0 le\u017e\u00a0 je\u00a0 le\u017e a je li z\u00e1m\u011brn\u00e1, o\u00a0 \u010dem\u017e\u00a0 v tomto p\u0159\u00edpad\u011b\u00a0 u Oblud\u00e1ria\u00a0 nen\u00ed pochyb,\u00a0 m\u011bla\u00a0 by m\u00edt\u00a0 sakra\u00a0 kr\u00e1tk\u00e9\u00a0 nohy, aby\u00a0 neunikla\u00a0 u voleb exempl\u00e1rn\u00edmu trestu!\u00a0 Ale\u00a0 dost\u00a0 \u0159e\u010d\u00ed \u2013 Kovanda a jeho<\/p>\n<h3 class=\"western\"><a href=\"https:\/\/zpravy.kurzy.cz\/790981-nemci-rusi-slib-poplatek-za-plyn-ktery-plati-i-cesi-nejen-ponechaji-ale-dokonce-zvednou\/\"><strong>N\u011bmci ru\u0161\u00ed slib, poplatek za plyn, kter\u00fd plat\u00ed i \u010ce\u0161i, nejen ponechaj\u00ed, ale dokonce zvednou<\/strong><\/a><\/h3>\n<p>\u010ce\u0161i se vrac\u00ed k rusk\u00e9mu plynu. A te\u010f budou m\u00edt je\u0161t\u011b o d\u016fvod v\u00edce. N\u011bmecko od ledna zv\u00fd\u0161\u00ed poplatek za tranzit plynu p\u0159es sv\u00e9 \u00fazem\u00ed, z 2,50 na 2,99 eura za megawatthodinu. \u010cesko p\u0159itom u\u017e nyn\u00ed podle agentury Bloomberg pat\u0159\u00ed k n\u011bkolika zem\u00edm, kter\u00e9 hat\u00ed celoevropskou snahu odst\u0159ihnout se od rusk\u00fdch dod\u00e1vek energi\u00ed. Takov\u00e1 snaha je skute\u010dnost\u00ed uplynul\u00fdch dvou let, po rusk\u00e9 invazi na Ukrajinu.<\/p>\n<p><i>V\u00edce:\u00a0Gas storage neutrality charge from January 2025 at 2.99 EUR\/MWh<\/i><\/p>\n<p>\u010cesko podle Bloombergu sice v l\u00e9t\u011b 2023 deklarovalo \u00faplnou nez\u00e1vislost na rusk\u00e9m zemn\u00edm plynu a sn\u00ed\u017eilo jeho dovoz prakticky na nulu. Nyn\u00ed v\u0161ak rusk\u00fd plyn op\u011bt dov\u00e1\u017e\u00ed, a sice p\u0159es Slovensko.<\/p>\n<p>Kl\u00ed\u010dov\u00fdm d\u016fvodem, pro\u010d se \u010ce\u0161i vrac\u00ed k rusk\u00e9mu plynu, je pr\u00e1v\u011b poplatkov\u00e1 politika N\u011bmecka, jak ostatn\u011b potvrzuje i \u010desk\u00e9 ministerstvo pr\u016fmyslu a obchodu. To ale p\u0159itom v dob\u011b vrchol\u00edc\u00ed energetick\u00e9 krize tvrdilo, \u017ee p\u0159i p\u0159\u00edpadn\u00e9m nedostatku plynu z d\u016fvodu rusk\u00e9ho zastaven\u00ed dod\u00e1vek se o n\u011bj pr\u00e1v\u011b N\u011bmci s \u010cechy solid\u00e1rn\u011b pod\u011bl\u00ed. Nyn\u00ed ov\u0161em tedy N\u011bmci \u010din\u00ed prav\u00fd opak, kdy\u017e up\u0159ednost\u0148uj\u00ed ryze sv\u00e9 ekonomick\u00e9 z\u00e1jmy, p\u0159es protesty sousedn\u00edch zem\u00ed.<\/p>\n<p>A proto\u017ee tedy N\u011bmci sousedn\u00edm zem\u00edm, v\u010detn\u011b \u010ceska, \u00fa\u010dtuj\u00ed za p\u0159epravu plynu zvl\u00e1\u0161tn\u00ed poplatek, plyn z v\u00fdchodn\u00edho sm\u011bru je je\u0161t\u011b o to cenov\u011b atraktivn\u011bj\u0161\u00ed. A od Nov\u00e9ho roku 2025 bude je\u0161t\u011b v\u00edce. Nyn\u00ed dan\u00fd poplatek p\u0159id\u00e1v\u00e1 k b\u011b\u017en\u00e9 tr\u017en\u00ed cen\u011b plynu osm procent, jak vypo\u010d\u00edt\u00e1v\u00e1 banka Citigroup. V roce 2025 u\u017e by to tedy m\u011blo b\u00fdt zhruba deset procent. Lze tak o\u010dek\u00e1vat je\u0161t\u011b dal\u0161\u00ed n\u00e1r\u016fst popt\u00e1vky \u010ceska po plynu z rusk\u00e9ho sm\u011bru, tedy po plynu ponejv\u00edce rusk\u00e9m. Pokud tedy ten bude do EU je\u0161t\u011b proudit (viz d\u00e1le).<\/p>\n<p>N\u011bkter\u00e9 zem\u011b EU v\u010detn\u011b \u010ceska ji\u017e d\u0159\u00edve N\u011bmecko vyzvaly, aby poplatek zru\u0161ilo, av\u0161ak zda jej Berl\u00edn skute\u010dn\u011b p\u0159estane uplat\u0148ovat je nyn\u00ed ot\u00e1zkou. Kv\u016fli p\u00e1du tamn\u00ed vl\u00e1dy kancl\u00e9\u0159e Olafa Scholze a p\u0159ed\u010dasn\u00fdm volb\u00e1m p\u0159\u00ed\u0161t\u00edho roku.<\/p>\n<p>Z dat \u010desk\u00e9ho st\u00e1tn\u00edho podniku Net4Gas vypl\u00fdv\u00e1, \u017ee hned zhruba 95 procent plynu, kter\u00fd \u010cesko dov\u00e1\u017e\u00ed, poch\u00e1z\u00ed v tomto m\u011bs\u00edci z rusk\u00e9ho sm\u011bru, ponejv\u00edce z Ruska. Jen p\u0159ibli\u017en\u011b p\u011bt procent plynu je ze z\u00e1padn\u00edho sm\u011bru, tedy z Norska \u010di z termin\u00e1l\u016f na zkapaln\u011bn\u00fd plyn, kde si \u010cR u\u017e od roku 2022 pronaj\u00edm\u00e1 kapacitu. Nyn\u00ed ale tuto pronaj\u00edmanou kapacitu paradoxn\u011b prakticky v\u016fbec nevyu\u017e\u00edv\u00e1.<\/p>\n<p>Dokonce i \u010d\u00e1st plynu, kter\u00e1 do \u010ceska proud\u00ed ze z\u00e1padn\u00edho sm\u011bru, m\u016f\u017ee b\u00fdt rusk\u00e9ho p\u016fvodu. N\u011bmeck\u00fd st\u00e1tn\u00ed podnik SEFE toti\u017e p\u0159epravuje do Francie rusk\u00fd zkapaln\u011bn\u00fd plyn v takov\u00e9m objemu, \u017ee Francie letos vykazuje historicky rekordn\u00ed dovoz pr\u00e1v\u011b zkapaln\u011bn\u00e9ho plynu z Ruska. \u010c\u00e1st tohoto plynu ale pos\u00edl\u00e1 plynovodn\u00ed s\u00edt\u00ed do zem\u00ed v\u00fdchodn\u00ed Evropy, z\u0159ejm\u011b v\u010detn\u011b \u010ceska, jak agentu\u0159e Bloomberg sd\u011blilo francouzsk\u00e9 ministerstvo energetiky.<\/p>\n<p>Ot\u00e1zkou tak je to, zda i v p\u0159\u00ed\u0161t\u00edm roce bude do EU putovat rusk\u00fd plyn nejen n\u00e1mo\u0159n\u00ed cestou, n\u00fdbr\u017e st\u00e1le i tou potrubn\u00ed p\u0159es Ukrajinu. Ta toti\u017e neprodlou\u017e\u00ed letos kon\u010d\u00edc\u00ed smlouvu s Moskvou o tranzitu rusk\u00e9ho plynu p\u0159es sv\u00e9 \u00fazem\u00ed.<\/p>\n<p>Slovensk\u00fd prezident Peter Pellegrini minul\u00fd t\u00fdden jednal o dod\u00e1vk\u00e1ch plynu, v r\u00e1mci takzvan\u00e9ho swapu s Ruskem, se sv\u00fdm \u00e1zerb\u00e1jd\u017e\u00e1nsk\u00fdm prot\u011bj\u0161kem Ilhamem Alijevem, a to u p\u0159\u00edle\u017eitosti klimatick\u00e9 konference OSN v Baku. Alijev Pellegriniho ujistil, \u017ee je schopen pos\u00edlat Slovensku p\u0159es Ukrajinu sice fyzicky rusk\u00fd plyn, kter\u00fd v\u0161ak bude v r\u00e1mci zm\u00edn\u011bn\u00e9ho swapu ozna\u010den jako \u00e1zerb\u00e1jd\u017e\u00e1nsk\u00fd. Takov\u00fd plyn, jak vid\u00edme dnes, by ov\u0161em nemusel kon\u010dit jen na Slovensku, n\u00fdbr\u017e mohl by ve velk\u00e9m putovat i do \u010ceska. I \u010desk\u00e9 podniky a dom\u00e1cnosti by tak vyu\u017e\u00edvaly \u201e\u00e1zerb\u00e1jd\u017e\u00e1nsk\u00fd\u201c plyn, ve skute\u010dnosti rusk\u00fd, p\u0159esto\u017ee podstatn\u00e1 \u010d\u00e1st \u010desk\u00e9 ve\u0159ejnosti zjevn\u011b \u017eije v p\u0159edstav\u011b, \u017ee u\u017e \u010cesko \u017e\u00e1dn\u00fd rusk\u00fd plyn neodeb\u00edr\u00e1. Pot\u00e9, co N\u011bmci zvednou poplatky za tranzit p\u0159es sv\u00e9 \u00fazem\u00ed, bude \u201e\u00e1zerb\u00e1jd\u017e\u00e1nsk\u00fd\u201c plyn, ve skute\u010dnosti rusk\u00fd pro \u010cesko cenov\u011b je\u0161t\u011b atraktivn\u011bj\u0161\u00ed.<\/p>\n<p>Pilotn\u00ed dod\u00e1vka plynu na Slovensko ji\u017e v re\u017eii \u00e1zerb\u00e1jd\u017e\u00e1nsk\u00e9ho Socaru, nam\u00edsto rusk\u00e9ho Gazpromu, se uskute\u010dn\u00ed p\u0159\u00ed\u0161t\u00ed m\u011bs\u00edc, jak minul\u00fd t\u00fdden uvedl st\u00e1tn\u00ed podnik Slovensk\u00fd plyn\u00e1rensk\u00fd priemysel \u2013 SPP.<\/p>\n<p>Nad p\u0159epravou rusk\u00e9ho plynu s visa\u010dkou \u201e\u00e1zerb\u00e1jd\u017e\u00e1nsk\u00fd\u201c p\u0159es ukrajinsk\u00e9 \u00fazem\u00ed nakonec \u2013 mo\u017en\u00e1 p\u0159ekvapiv\u011b \u2013 p\u0159iv\u0159e o\u010di i s\u00e1m Kyjev. Ukrajinsk\u00e1 st\u00e1tn\u00ed energetick\u00e1 spole\u010dnost Naftogaz toti\u017e tla\u010d\u00ed na to, aby tranzit plynu v jej\u00ed re\u017eii neustal. Inkasuje toti\u017e za n\u011bj nemal\u00e9 poplatky. V p\u0159epo\u010dtu des\u00edtky miliard korun ro\u010dn\u011b. Kdy\u017e p\u016fjde form\u00e1ln\u011b a smluvn\u011b o plyn \u00e1zerb\u00e1jd\u017e\u00e1nsk\u00fd, \u201evlk se na\u017eere a koza z\u016fstane cel\u00e1\u201c. Kyjev se bude tv\u00e1\u0159it, \u017ee nev\u00ed, \u017ee molekuly plynu, kter\u00e9 p\u0159epravuje, vznikly v zemi, s n\u00ed\u017e v\u00e1l\u010d\u00ed, a za toto pop\u0159en\u00ed reality zinkasuje des\u00edtky miliard za jejich p\u0159epravu na Slovensko a d\u00e1le t\u0159eba i do \u010ceska.<\/p>\n<p>Ostatn\u011b, kdy\u017e se letos v l\u00e9t\u011b ptali \u0161\u00e9fa Naftogazu Oleksije \u010cerny\u0161ova, zda mu popsan\u00fd swap nevad\u00ed, odv\u011btil, \u201ev\u00edte, v plyn\u00e1renstv\u00ed se obchod d\u011bl\u00e1 skrze swapy \u010dasto.\u201c<\/p>\n<p>ooooooooooooooooooooooooooooooooooooooooooooooooooooooooooooooo<\/p>\n<p>Nevytahoval se\u00a0 takhle\u00a0 n\u00e1hodou\u00a0 zastupuj\u00edc\u00ed\u00a0 ukrajinsk\u00fd protektor\u00a0 v Praze\u00a0 Fiala\u00a0 \u201e\u00fasp\u011bchy\u201c\u00a0 t\u00e9to\u00a0 vl\u00e1dy? A\u00a0 nejmenoval\u00a0 v\u00fdslovn\u011b mezi\u00a0 nimi\u00a0 zvl\u00e1dnut\u00ed\u00a0 energetick\u00e9\u00a0 krize\u00a0 a\u00a0 \u00fapln\u011b\u00a0 odst\u0159i\u017een\u00ed se\u00a0 od\u00a0 rusk\u00fdch energetick\u00fdch dod\u00e1vek???!!!!! A ono\u00a0 tohle!!! To se pod\u00edvejme!<\/p>\n<p>Ale\u00a0 vlastn\u011b,\u00a0 v\u017edy\u0165 ono je\u00a0 to jako v\u017edycky a jako se\u00a0 v\u0161\u00edm,\u00a0 na\u00a0 co\u00a0 Fiala\u00a0 a Oblud\u00e1rium s\u00e1hnou\u00a0 nebo co\u00a0 vypust\u00ed\u00a0 z mluvidel\u2026. To\u00a0 v\u00edte, nejlep\u0161\u00ed\u00a0 vl\u00e1da\u2026.. Zaj\u00edmalo by mne, jak\u00a0 by asi tak mohla\u00a0 vypadat\u00a0 n\u011bjak\u00e1\u00a0 aspo\u0148 trochu hor\u0161\u00ed.. No rad\u0161i\u00a0 ne. Fiala a jeho\u00a0 park Oblud\u00a0 dokonale\u00a0 sta\u010d\u00ed.\u00a0 P\u0159ed\u00a0 dv\u011bma\u00a0 roky\u00a0 bylo pozd\u011b, aby \u0161li od\u00a0 v\u00e1lu!<\/p>\n<p>Jak\u00a0 u\u017e\u00a0 jsou\u00a0 odporn\u00ed\u00a0 i\u00a0 t\u011bm \u201esv\u00fdm\u201c\u00a0 je\u00a0 nejl\u00e9pe\u00a0 vid\u011bt\u00a0 kdy\u017e si pust\u00edte\u00a0 tituln\u00ed\u00a0\u00a0 str\u00e1nku Seznamu.cz!<\/p>\n<p>J\u00e1 tam moment\u00e1ln\u011b\u00a0 \u010dtu titulky jako:<\/p>\n<h3><a class=\"atm-link atm-link--show-visited atm-link--styled color-primary-1 article__title\" href=\"https:\/\/www.seznamzpravy.cz\/clanek\/audio-podcast-ptam-se-ja-jak-vlada-plni-sliby-ekonom-odpovida-264896#dop_ab_variant=0&amp;dop_source_zone_name=zpravy.sznhp.box&amp;dop_req_id=Q2cKosFxnyF-202411201644&amp;dop_id=264896&amp;source=hp&amp;seq_no=7&amp;utm_campaign=&amp;utm_medium=z-boxiku&amp;utm_source=www.seznam.cz\" target=\"_blank\" rel=\"noopener\">Takhle za\u010d\u00ednaj\u00ed velk\u00e9 probl\u00e9my do budoucna, \u0159\u00edk\u00e1 k\u00a0rozpo\u010dtu ekonom<\/a><span class=\"white-space-no-wrap article-buttons__wrapper\">\u00a0<\/span><\/h3>\n<p><a class=\"c_az m_ib\" href=\"https:\/\/www.super.cz\/clanek\/celebrity-marketa-pekarova-adamova-se-jala-branit-sveho-partaka-a-se-zlou-se-potazala-lzete-lzete-a-zase-lzete-dozvedela-se-1510026\">Mark\u00e9ta Pekarov\u00e1 Adamov\u00e1 se jala br\u00e1nit sv\u00e9ho par\u0165\u00e1ka a\u00a0se zlou se pot\u00e1zala: L\u017eete, l\u017eete a\u00a0zase l\u017eete, dozv\u011bd\u011bla se<\/a><\/p>\n<div class=\"a89dac\">\n<h4 class=\"be51a9\"><a href=\"https:\/\/www.seznamzpravy.cz\/clanek\/audio-podcast-vlevo-dole-vlevo-dole-nemecke-platy-babisova-procenta-muskovy-vize-o-cem-sni-fiala-264852#utm_content=ribbonnews&amp;utm_term=vlevo%20dole&amp;utm_medium=hint&amp;utm_source=search.seznam.cz\">Vlevo dole: Co se to d\u011bje s\u00a0premi\u00e9rem Fialou? Ve jm\u00e9nu d\u00e1vn\u00e9 ODS ukazuje svaly<\/a><\/h4>\n<p>Prost\u011b u\u017e\u00a0 i jeho klaka od\u00a0 n\u011bj jako l\u016fzra\u00a0 d\u00e1v\u00e1\u00a0 pomalu ruce pry\u010d!\u00a0\u00a0 Co\u017e\u00a0 je\u00a0 sice\u00a0 fajn, ale plyn, nav\u00edc\u00a0 plyn za\u00a0 akceptovateln\u00e9 ceny\u00a0 n\u00e1m to\u00a0 nezajist\u00ed!<\/p>\n<p>Zat\u00edm\u00a0 \u0159e\u0161\u00edme jen\u00a0 ceny. Ale\u00a0 vbrzku m\u016f\u017ee\u00a0 b\u00fdt\u00a0 je\u0161t\u011b\u00a0 daleko h\u016f\u0159.\u00a0 N\u011bmeck\u00fd\u00a0 p\u0159\u00edklad\u00a0 s\u00a0 vyd\u011bra\u010dsk\u00fdmi praktikami za\u00a0 p\u0159epravu\u00a0 plynu\u00a0 se nepochybn\u011b\u00a0 stane obrovskou inspirac\u00ed\u00a0 pro\u00a0 na\u0161eho p\u0159\u00edkladn\u00e9ho hrdinu Volodymyra\u00a0 Drah\u00e9ho!\u00a0 \u0158\u00edci o n\u011bm, \u017ee\u00a0 jeho kapsa\u00a0 je\u00a0 v\u011b\u010dn\u011b pr\u00e1zdn\u00e1\u00a0 je\u00a0 hrubou\u00a0 pomluvou\u00a0 a\u00a0 ur\u00e1\u017ekou ka\u017ed\u00e9 slu\u0161n\u00e9 pr\u00e1zdn\u00e9\u00a0 kapsy. To v\u00ed\u00a0 cel\u00fd\u00a0 sv\u011bt.\u00a0 Jeho\u00a0 kaps\u00e1\u0159\u00a0 se t\u0159ese na ka\u017ed\u00fd mysliteln\u00fd\u00a0 fin\u010f\u00e1r\u00a0 jako\u00a0 satan\u00a0 na\u00a0 du\u0161i\u00a0 jezovity!\u00a0 Tak\u017ee zachme\u00a0 v\u0161ech nad\u011bj\u00ed.\u00a0 Ale\u00a0 namaluji opravdu\u00a0 \u010dern\u00fd\u00a0 sc\u00e9n\u00e1\u0159. Ukrajina bude dotla\u010dena\u00a0 k\u00a0 n\u011bjak\u00e9mu\u00a0 m\u00edru. Zklaman\u00ed a\u00a0 frustrovan\u00ed\u00a0 n\u00e1ckov\u00e9\u00a0 z\u00a0 Azova, Ajdaru, Prav\u00e9ho sektoru\u00a0 a tak podobn\u011b budou hledat\u00a0 vin\u00edky s touhou pomst\u00edt se. A\u00a0 uk\u00e1\u017e\u00ed\u00a0 na kolektivn\u00ed\u00a0 Z\u00e1pad.\u00a0 Ukazuj\u00ed ostatn\u011b ji\u017e\u00a0 dnes.\u00a0 A\u00a0 k\u00a0 tomu\u00a0 jist\u011b\u00a0 p\u0159ibude pomsta\u00a0 Rusku. Ka\u017ed\u00e1, na\u00a0 kterou dos\u00e1hnou.\u00a0 Tak\u017ee\u00a0 se postaraj\u00ed,\u00a0 aby\u00a0 p\u0159es\u00a0 trubky,\u00a0 kter\u00e9 jim n\u011bjak\u00a0 z\u016fstanou pod kontrolou, na ten zr\u00e1dn\u00fd\u00a0 Z\u00e1pad z Ruska\u00a0 nic neteklo. Ani\u00a0 ropa\u00a0 ani plyn.<\/p>\n<p>V tom p\u0159\u00edpad\u011b z\u016fstaneme\u00a0 odk\u00e1z\u00e1n\u00ed\u00a0 na\u00a0 ty\u00a0 hodn\u00e9\u00a0 kamar\u00e1dy\u00a0 z N\u011bmecka, co\u00a0 to s n\u00e1mi v\u017edycky\u00a0 mysleli\u00a0 \u00fapln\u011b up\u0159\u00edmn\u011b nejl\u00e9pe. Kampak asi\u00a0 v takov\u00e9m p\u0159\u00edpad\u011b\u00a0 vylet\u00ed\u00a0 n\u011bmeck\u00e9\u00a0 tranzitn\u00ed po\u017eadavky???\u00a0 Kdybych\u00a0 mohl\u00a0 polo\u017eit\u00a0 tuhle\u00a0 ot\u00e1zku\u00a0 Fialovi,\u00a0 v\u00edm, co\u00a0 by odpov\u011bd\u011bl\u00a0 \u2013\u00a0 no p\u0159eci je \u00fapln\u011b\u00a0 zru\u0161\u00ed!<\/p>\n<p>Dodatek:<\/p>\n<p>\u010cl\u00e1nek\u00a0 vyjde\u00a0 asi\u00a0 za\u00a0 8 hodin a u\u017e jej\u00a0 mus\u00edm zdodatkovat.\u00a0 Na\u00a0 banneru\u00a0 \u010cT\u00a0 24 pr\u00e1v\u011b\u00a0 \u010dtu,\u00a0 \u017ee to n\u011bmeck\u00e9\u00a0 zv\u00fd\u0161en\u00ed tranzitn\u00edch poplatk\u016f za plyn se\u00a0 pr\u00fd\u00a0 nebude t\u00fdkat \u010cR. Tvrd\u00ed\u00a0 ministerstvo pr\u016fmyslu\u2026 Tak vid\u00ed\u0161\u00a0 vlku,\u00a0 ty\u00a0 hubo nactiutrha\u010dn\u00e1 a nep\u0159ej\u00edc\u00ed, by nepochybn\u011b\u00a0 vyk\u0159ikl takov\u00fd\u00a0 ps\u00e1\u010d\u00a0 Krupka\u00a0 z Den\u00edku a dal\u0161\u00ed jemu podobn\u00ed. A\u00a0 dodali by:\u00a0 \u017ee se nestyd\u00ed\u0161!<\/p>\n<p>Nestyd\u00edm.\u00a0 P\u0159em\u00fd\u0161l\u00edm.\u00a0 A\u00a0 kladu si ot\u00e1zky.\u00a0 Tak\u017ee\u00a0 \u010cesku se poplatky\u00a0 nezdra\u017e\u00ed?\u00a0 Tak\u00a0 komu\u00a0 asi ?\u00a0 To by mne\u00a0 fakt\u00a0 zaj\u00edmalo!!!\u00a0 Kdy\u017e\u00a0 se pod\u00edv\u00e1m\u00a0 na\u00a0 mapu N\u011bmecka,\u00a0 tak\u00a0 v\u0161ichni\u00a0 jeho soused\u00e9, a\u017e na\u00a0 t\u0159i\u00a0 disponuj\u00ed\u00a0 mo\u0159sk\u00fdm pob\u0159e\u017e\u00edm a\u00a0 tedy p\u0159\u00edstavy a\u00a0 tud\u00ed\u017e\u00a0 vlastn\u00edmi termin\u00e1ly na LNG. T\u011bm\u00a0 Germ\u00e1n\u00a0 nem\u00e1 co zdra\u017eit.\u00a0 A ty\u00a0 t\u0159i vnitrozemsk\u00e9\u00a0 st\u00e1ty?\u00a0 \u0160v\u00fdcarsko, Rakousko, \u010cesko!!!\u00a0 \u017de\u00a0 by\u00a0 se\u00a0 to\u00a0 t\u00fdkalo\u00a0 mimo n\u00e1s\u00a0 t\u011bch dvou dal\u0161\u00edch? Takov\u00fdch nul, n\u00fdmand\u016f\u00a0 a\u00a0 rozvoj\u00e1k\u016f?\u00a0 A\u0165\u00a0 se p\u0159ihl\u00e1s\u00ed, kdo tomu v\u011b\u0159\u00ed!<\/p>\n<p>Samoz\u0159ejm\u011b, \u017ee\u00a0 existuje\u00a0 je\u0161t\u011b\u00a0 jedna mo\u017enost,\u00a0 \u017ee\u00a0 zkr\u00e1tka\u00a0 to\u00a0 tranzitn\u00ed zdra\u017een\u00ed dotkne\u00a0 jen\u00a0 n\u011bmeck\u00e9ho vnit\u0159n\u00edho\u00a0 trhu a zaplat\u00ed to n\u011bmeck\u00fd spot\u0159ebitel. P\u00e1r\u00a0 t\u00fddn\u016f\u00a0 p\u0159ed\u00a0 volbami\u00a0 do Bundestagu???\u00a0 Fakt?<\/p>\n<p>Tak\u00a0 jo,\u00a0 \u010ceska\u00a0 se\u00a0 to net\u00fdk\u00e1!\u00a0 Kdy\u017e\u00a0 to\u00a0 \u0159\u00edk\u00e1\u00a0 Oblud\u00e1rium.<\/p>\n<p>Ale i kdyby\u00a0 to n\u00e1hodou , n\u011bjak\u00fdm z\u00e1zrakem\u00a0 popisovalo pravdu a\u00a0 ty poplatky\u00a0 z\u016fstaly na\u00a0 stejn\u00e9 v\u00fd\u0161i\u00a0 jako dosud \u2013 nesliboval takhle\u00a0 n\u00e1hodou dne\u0161n\u00ed eurokomisa\u0159\u00a0 pro\u00a0 sjezdov\u00e9 ly\u017eov\u00e1n\u00ed\u00a0 na\u00a0 Saha\u0159e a\u00a0 d\u0159\u00edve ministr\u00a0 pr\u016fmyslu\u00a0 Sikela,\u00a0 \u017ee\u00a0 ten poplatek N\u011bmci pro n\u00e1s zru\u0161\u00ed?<\/p>\n<p><span style=\"font-size: 18pt;\"><strong>Dodatek dodatku:<\/strong><\/span><\/p>\n<p>Pr\u00e1v\u011b mi\u00a0 \u010cT\u00a0 sd\u011bluje,\u00a0 \u017ee\u00a0 fakt, ale opravdu\u00a0 fakt se ten tranzitn\u00ed poplatek bude \u00fa\u010dtovat\u00a0 jen\u00a0 za vnitron\u011bmeckou p\u0159epravu plynu!!!! Oni maj\u00ed v N\u011bmecku\u00a0 p\u0159ed\u00a0 volbami a\u00a0 vl\u00e1da\u00a0 provede\u00a0 voli\u010d\u016fm\u00a0 tohle?\u00a0 A\u00a0 aby\u00a0 se jim s\u00a0 t\u00edm jo festovn\u011b p\u0159ipomenula v\u00a0 sam\u00e9\u00a0 f\u00e1zi\u00a0 p\u0159edvolebn\u00ed kampan\u011b, tak\u00a0 to zv\u00fd\u0161en\u00ed za\u010dne platit\u00a0 od Nov\u00e9ho\u00a0 roku\u2026..Bu\u010f jsem\u00a0 bl\u00e1zen j\u00e1, kdy\u017e\u00a0 tomu odm\u00edt\u00e1m v\u011b\u0159it nebo se zbl\u00e1znil Scholz a Katastrofa\u00a0 Habeck.\u00a0 U toho\u00a0 druh\u00e9ho\u00a0 by mne\u00a0 nep\u0159ekvapilo,\u00a0 to\u00a0 je\u00a0 t\u0159eba\u00a0 \u0159\u00edci\u00a0 ve\u0159ejn\u011b.\u00a0 Uvid\u00edme\u2026<\/p>\n<p><a href=\"https:\/\/vlkovobloguje.wordpress.com\/2024\/11\/21\/nemci-rusi-slib-poplatek-za-plyn-ktery-plati-i-cesi-nejen-ponechaji-ale-dokonce-zvednou\/\">Petr Vlk<\/a><\/p>\n<p><img decoding=\"async\" loading=\"lazy\" class=\"alignnone size-full wp-image-63439\" src=\"http:\/\/www.infokuryr.cz\/n\/wp-content\/uploads\/2024\/10\/petr-vlk.jpg\" alt=\"\" width=\"182\" height=\"176\" \/><\/p>\n<p>&nbsp;<\/p>\n<\/div>\n","protected":false},"excerpt":{"rendered":"<p>Ne\u017e\u00a0 jsem\u00a0 dokon\u010dil vlastn\u00ed \u010dl\u00e1nek na\u00a0\u00a0 t\u00e9ma, jak\u00a0 funguje\u00a0 ona\u00a0 \u00fa\u017easn\u00e1\u00a0 kolektivn\u011b\u00a0 z\u00e1padn\u00ed\u00a0 energetick\u00e1 solidarita,\u00a0&#8230;<\/p>\n","protected":false},"author":2,"featured_media":6627,"comment_status":"closed","ping_status":"closed","sticky":false,"template":"","format":"standard","meta":[],"categories":[6],"tags":[1042,1872,371,429,1008],"_links":{"self":[{"href":"https:\/\/www.infokuryr.cz\/n\/wp-json\/wp\/v2\/posts\/66694"}],"collection":[{"href":"https:\/\/www.infokuryr.cz\/n\/wp-json\/wp\/v2\/posts"}],"about":[{"href":"https:\/\/www.infokuryr.cz\/n\/wp-json\/wp\/v2\/types\/post"}],"author":[{"embeddable":true,"href":"https:\/\/www.infokuryr.cz\/n\/wp-json\/wp\/v2\/users\/2"}],"replies":[{"embeddable":true,"href":"https:\/\/www.infokuryr.cz\/n\/wp-json\/wp\/v2\/comments?post=66694"}],"version-history":[{"count":1,"href":"https:\/\/www.infokuryr.cz\/n\/wp-json\/wp\/v2\/posts\/66694\/revisions"}],"predecessor-version":[{"id":66695,"href":"https:\/\/www.infokuryr.cz\/n\/wp-json\/wp\/v2\/posts\/66694\/revisions\/66695"}],"wp:featuredmedia":[{"embeddable":true,"href":"https:\/\/www.infokuryr.cz\/n\/wp-json\/wp\/v2\/media\/6627"}],"wp:attachment":[{"href":"https:\/\/www.infokuryr.cz\/n\/wp-json\/wp\/v2\/media?parent=66694"}],"wp:term":[{"taxonomy":"category","embeddable":true,"href":"https:\/\/www.infokuryr.cz\/n\/wp-json\/wp\/v2\/categories?post=66694"},{"taxonomy":"post_tag","embeddable":true,"href":"https:\/\/www.infokuryr.cz\/n\/wp-json\/wp\/v2\/tags?post=66694"}],"curies":[{"name":"wp","href":"https:\/\/api.w.org\/{rel}","templated":true}]}}