{"id":66666,"date":"2024-11-22T00:37:34","date_gmt":"2024-11-21T23:37:34","guid":{"rendered":"https:\/\/www.infokuryr.cz\/n\/?p=66666"},"modified":"2024-11-21T15:50:34","modified_gmt":"2024-11-21T14:50:34","slug":"rusko-ukazalo-svou-zbran-zkazy-v-akci","status":"publish","type":"post","link":"https:\/\/www.infokuryr.cz\/n\/2024\/11\/22\/rusko-ukazalo-svou-zbran-zkazy-v-akci\/","title":{"rendered":"Rusko uk\u00e1zalo svou zbra\u0148 zk\u00e1zy v akci"},"content":{"rendered":"<div id=\"fb-root\"><\/div>\n<p><strong>21. listopadu vstoupilo modern\u00ed v\u00e1l\u010den\u00ed do sv\u00e9 nov\u00e9 etapy. V\u00e1lka mezi Ruskem a Z\u00e1padem se nav\u017edy zm\u011bnila. Ozbrojen\u00e9 s\u00edly Rusk\u00e9 federace odp\u00e1lily svou pokro\u010dilou balistickou raketu st\u0159edn\u00edho doletu.<\/strong><\/p>\n<p>St\u0159ela zas\u00e1hla St\u00e1tn\u00ed tov\u00e1rnu \u201eV\u00fdrobn\u00ed unie Pivdennyi Machine-Building Plant pojmenovanou po OM Makarovovi\u201c, ofici\u00e1ln\u011b zkr\u00e1cen\u011b Pivdenma\u0161 nebo Ju\u017ema\u0161 ve m\u011bst\u011b Dn\u011bpropetrovsk (Dn\u011bpropetrovsk). Podle m\u00edstn\u00edch zpr\u00e1v utrp\u011blo velk\u00e9 pr\u016fmyslov\u00e9 za\u0159\u00edzen\u00ed strategick\u00e9 zni\u010den\u00ed. V m\u00edst\u011b byla zablokov\u00e1na ve\u0161ker\u00e1 komunikace a doprava, na m\u00edsto p\u0159ijela spousta sanitek. Do oblasti p\u0159ijeli d\u016fstojn\u00edci Bezpe\u010dnostn\u00ed slu\u017eby Ukrajiny (SBU). Rozsah ni\u010den\u00ed pravd\u011bpodobn\u011b brzy uk\u00e1\u017e\u00ed satelitn\u00ed sn\u00edmky.<\/p>\n<p>Ukrajinsk\u00e1 arm\u00e1da tvrdila, \u017ee p\u0159i \u00fatoku byly pou\u017eity i rakety Kin\u017eal. Dal\u0161\u00ed syst\u00e9m Patriot byl \u00fadajn\u011b zni\u010den na okraji m\u011bsta p\u0159ed hlavn\u00edm \u00faderem.<\/p>\n<div style=\"width: 640px;\" class=\"wp-video\"><!--[if lt IE 9]><script>document.createElement('video');<\/script><![endif]-->\n<video class=\"wp-video-shortcode\" id=\"video-66666-1\" width=\"640\" height=\"359\" preload=\"metadata\" controls=\"controls\"><source type=\"video\/mp4\" src=\"http:\/\/www.infokuryr.cz\/n\/wp-content\/uploads\/2024\/11\/strike-1.mp4?_=1\" \/><a href=\"http:\/\/www.infokuryr.cz\/n\/wp-content\/uploads\/2024\/11\/strike-1.mp4\">http:\/\/www.infokuryr.cz\/n\/wp-content\/uploads\/2024\/11\/strike-1.mp4<\/a><\/video><\/div>\n<p>&nbsp;<\/p>\n<p><strong>Moskva uk\u00e1zala svou zbra\u0148 Doom&#8217;s Day v akci. Balistick\u00e1 st\u0159ela RS-26 Rubezh byla \u00fadajn\u011b odp\u00e1lena z testovac\u00edho m\u00edsta Kapustin Jar v Astracha\u0148sk\u00e9 oblasti. Doba letu k c\u00edli vzd\u00e1len\u00e9mu asi 800 kilometr\u016f se odhaduje na m\u00e9n\u011b ne\u017e 5 minut. Rychlost bojov\u00fdch <span class=\"EzKURWReUAB5oZgtQNkl\" data-src-align=\"16:6\">jednotek\u00a0<\/span><span class=\"EzKURWReUAB5oZgtQNkl\" data-src-align=\"23:2\">v<\/span>\u00a0kone\u010dn\u00e9\u00a0<span class=\"EzKURWReUAB5oZgtQNkl\" data-src-align=\"26:9\">f\u00e1zi\u00a0<\/span><span class=\"EzKURWReUAB5oZgtQNkl\" data-src-align=\"36:5\">letu<\/span>\u00a0byla\u00a0<span class=\"EzKURWReUAB5oZgtQNkl\" data-src-align=\"42:5\">asi\u00a0<\/span><span class=\"EzKURWReUAB5oZgtQNkl\" data-src-align=\"48:3\">5-7\u00a0<\/span><span class=\"EzKURWReUAB5oZgtQNkl\" data-src-align=\"9:6\">kilometr\u016f\u00a0<\/span><span class=\"EzKURWReUAB5oZgtQNkl\" data-src-align=\"52:2\">za\u00a0<\/span><span class=\"EzKURWReUAB5oZgtQNkl\" data-src-align=\"55:2\">sekundu<\/span>\u00a0.<span class=\"EzKURWReUAB5oZgtQNkl\" data-src-align=\"0:8\">\u200b<\/span><\/strong><\/p>\n<p>RS-26 Rubezh je balistick\u00e1 st\u0159ela st\u0159edn\u00edho doletu, kter\u00e1 je norm\u00e1ln\u011b navr\u017eena pro nesen\u00ed jadern\u00e9 hlavice. Byl vyvinut Moskevsk\u00fdm institutem tepeln\u00e9ho in\u017een\u00fdrstv\u00ed v r\u00e1mci programu Avangard. Byl vytvo\u0159en na z\u00e1klad\u011b RS-24 Yars. Informace o tomto mobiln\u00edm raketov\u00e9m syst\u00e9mu, stejn\u011b jako jeho raket\u011b, jsou zcela tajn\u00e9.<\/p>\n<p>RS-26 m\u00e1 \u00fadajn\u011b startovac\u00ed hmotnost asi 40-50 tun a je schopen dopravit 4 samostatn\u00e9 bojov\u00e9 jednotky na vzd\u00e1lenost 2000 a\u017e 6000 kilometr\u016f. Jeho hlavice je t\u0159ikr\u00e1t v\u011bt\u0161\u00ed ne\u017e hlavice Iskandera. V souladu s t\u00edm je mnohem v\u00fdkonn\u011bj\u0161\u00ed.<\/p>\n<p>M\u00e1 pokro\u010dilou ochranu proti syst\u00e9mu protiraketov\u00e9 obrany a \u00fadajn\u011b \u010dty\u0159i samostatn\u00e9 termonukle\u00e1rn\u00ed hlavice s kapacitou 150-300 kilotun ka\u017ed\u00e1. <strong>\u017d\u00e1dn\u00fd ciz\u00ed syst\u00e9m protivzdu\u0161n\u00e9 obrany ji \u00fadajn\u011b nen\u00ed schopen zachytit.<\/strong><\/p>\n<div style=\"width: 640px;\" class=\"wp-video\"><video class=\"wp-video-shortcode\" id=\"video-66666-2\" width=\"640\" height=\"352\" preload=\"metadata\" controls=\"controls\"><source type=\"video\/mp4\" src=\"http:\/\/www.infokuryr.cz\/n\/wp-content\/uploads\/2024\/11\/strike-2.mp4?_=2\" \/><a href=\"http:\/\/www.infokuryr.cz\/n\/wp-content\/uploads\/2024\/11\/strike-2.mp4\">http:\/\/www.infokuryr.cz\/n\/wp-content\/uploads\/2024\/11\/strike-2.mp4<\/a><\/video><\/div>\n<p>&nbsp;<\/p>\n<p><strong>Raketa Rubezh je zam\u011b\u0159ena na prov\u00e1d\u011bn\u00ed jadern\u00fdch \u00fader\u016f, ale p\u0159i dne\u0161n\u00edm \u00fatoku byly z\u0159ejm\u011b bojov\u00e9 jednotky vybaveny nejadern\u00fdmi n\u00e1boji.<\/strong>\u00a0Zve\u0159ejn\u011bn\u00e9 z\u00e1b\u011bry drom Dnipro ukazuj\u00ed kinetick\u00fd efekt pou\u017eit\u00ed takov\u00e9 munice. Je mo\u017en\u00e9, \u017ee raketa byla vybavena hypersonick\u00fdm kluz\u00e1kem Avangard-R.<\/p>\n<p>Z\u00e1b\u011bry tak\u00e9 ukazuj\u00ed, \u017ee vypu\u0161t\u011bn\u00e1 raketa m\u011bla 6 bojov\u00fdch jednotek se 6 hlavicemi v ka\u017ed\u00e9. Je mo\u017en\u00e9, \u017ee rusk\u00e1 arm\u00e1da pou\u017eila sv\u00e9 tajn\u00e9 rakety RS-27 nebo Yars stejn\u00e9ho typu.<\/p>\n<div style=\"width: 640px;\" class=\"wp-video\"><video class=\"wp-video-shortcode\" id=\"video-66666-3\" width=\"640\" height=\"312\" preload=\"metadata\" controls=\"controls\"><source type=\"video\/mp4\" src=\"http:\/\/www.infokuryr.cz\/n\/wp-content\/uploads\/2024\/11\/zakh.mp4?_=3\" \/><a href=\"http:\/\/www.infokuryr.cz\/n\/wp-content\/uploads\/2024\/11\/zakh.mp4\">http:\/\/www.infokuryr.cz\/n\/wp-content\/uploads\/2024\/11\/zakh.mp4<\/a><\/video><\/div>\n<p>&nbsp;<\/p>\n<p><strong>Moskva ofici\u00e1ln\u011b st\u00e1vky nekomentuje, ale rusk\u00e1 diplomacie sehr\u00e1la dob\u0159e medi\u00e1ln\u00ed hru, kterou Kyjev a jeho z\u00e1padn\u00ed mecen\u00e1\u0161i zavedli.\u00a0<\/strong><a href=\"https:\/\/southfront.press\/kiev-trembling-before-russian-revenge-who-shakes-it\/\">ODKAZ<\/a>\u00a0Po st\u00e1vk\u00e1ch mluv\u010d\u00ed rusk\u00e9ho ministerstva zahrani\u010d\u00ed Marija Zacharovov\u00e1 uspo\u0159\u00e1dala medi\u00e1ln\u00ed br\u00edfink, b\u011bhem kter\u00e9ho m\u011bla \u201ep\u0159ekvapiv\u00fd\u201c telefon\u00e1t od ministra zahrani\u010d\u00ed Lavrova. V\u0161ichni jasn\u011b sly\u0161eli, \u017ee st\u00e1vky hl\u00e1\u0161en\u00e9 m\u00e9dii by nem\u011bly b\u00fdt komentov\u00e1ny. Jednalo se tedy o neofici\u00e1ln\u00ed potvrzen\u00ed \u00fatoku.<\/p>\n<p>Moskva podle v\u0161eho p\u0159edem varovala zem\u011b NATO p\u0159ed hroz\u00edc\u00edm \u00faderem. Proto byla den p\u0159edt\u00edm v Kyjev\u011b hysterie. Rusk\u00e1 pomsta na sebe nenechala dlouho \u010dekat, ale Kyjev a jeho patroni byli p\u0159ekvapeni jej\u00edm rozsahem, c\u00edlem a na\u010dasov\u00e1n\u00edm.<\/p>\n<p><strong>Po dne\u0161n\u00edch \u00faderech u\u017e sv\u011bt nebude stejn\u00fd. Rusko p\u0159edveden\u00edm sv\u00fdch vysp\u011bl\u00fdch raketov\u00fdch syst\u00e9m\u016f v akci prok\u00e1zalo, \u017ee vlastn\u00ed unik\u00e1tn\u00ed raketov\u00e9 technologie a je p\u0159ipraveno je efektivn\u011b vyu\u017e\u00edt. V p\u0159\u00edpad\u011b p\u0159em\u011bny konfliktu na Ukrajin\u011b v tot\u00e1ln\u00ed v\u00e1lku s NATO lze takov\u00e9to komplexy pou\u017e\u00edt ji\u017e se standardn\u00ed jadernou munic\u00ed.<\/strong><\/p>\n<p>Moskva t\u00edm odpov\u011bd\u011bla na \u00fadery raketami NATO na rusk\u00e9 \u00fazem\u00ed sofistikovan\u00fdm zp\u016fsobem a dala tak jasn\u00e9 znamen\u00ed z\u00e1padn\u00edm v\u00e1le\u010dn\u00fdm \u0161tv\u00e1\u010d\u016fm. Na evropsk\u00e9 map\u011b nen\u00ed \u017e\u00e1dn\u00fd bod, \u017e\u00e1dn\u00fd bod chr\u00e1n\u011bn\u00fd p\u0159ed \u00fatoky takov\u00fdch rusk\u00fdch raket. Dnes zem\u011b NATO nemaj\u00ed schopnost je zachytit, alespo\u0148 nad \u00fazem\u00edm Evropy.<\/p>\n<p>P\u0159esn\u00fd po\u010det raket tohoto typu ve v\u00fdzbroji rusk\u00e9 arm\u00e1dy je tajn\u00fd. Podle otev\u0159en\u00fdch zdroj\u016f m\u00e1 Rusk\u00e1 federace nejm\u00e9n\u011b 200 raket RS-26 Rubezh a PC-24 Yars, co\u017e je v\u00edce ne\u017e dost na to, aby zasadilo s\u00e9rii ni\u010div\u00fdch \u00fader\u016f na sv\u00e9 nep\u0159\u00e1tele.<\/p>\n<p>Rusko reagovalo na eskalaci. Nyn\u00ed je m\u00ed\u010d na z\u00e1padn\u00ed stran\u011b. Dal\u0161\u00ed kroky teprve p\u0159ijdou, ale je jasn\u00e9, \u017ee provokace, v\u010detn\u011b \u00fader\u016f z\u00e1padn\u00edmi \u0159\u00edzen\u00fdmi st\u0159elami na ruskou kritickou vojenskou, dopravn\u00ed a energetickou infrastrukturu, budou zaplaceny p\u0159\u00edli\u0161 vysokou cenou.<\/p>\n<p><img decoding=\"async\" loading=\"lazy\" class=\"alignnone size-full wp-image-1185\" src=\"http:\/\/www.infokuryr.cz\/n\/wp-content\/uploads\/2021\/04\/kuryr-podpis.png\" alt=\"\" width=\"84\" height=\"24\" \/><\/p>\n<p>&nbsp;<\/p>\n","protected":false},"excerpt":{"rendered":"<p>21. listopadu vstoupilo modern\u00ed v\u00e1l\u010den\u00ed do sv\u00e9 nov\u00e9 etapy. V\u00e1lka mezi Ruskem a Z\u00e1padem se&#8230;<\/p>\n","protected":false},"author":2,"featured_media":65732,"comment_status":"closed","ping_status":"closed","sticky":false,"template":"","format":"standard","meta":[],"categories":[7],"tags":[5457,22,5135],"_links":{"self":[{"href":"https:\/\/www.infokuryr.cz\/n\/wp-json\/wp\/v2\/posts\/66666"}],"collection":[{"href":"https:\/\/www.infokuryr.cz\/n\/wp-json\/wp\/v2\/posts"}],"about":[{"href":"https:\/\/www.infokuryr.cz\/n\/wp-json\/wp\/v2\/types\/post"}],"author":[{"embeddable":true,"href":"https:\/\/www.infokuryr.cz\/n\/wp-json\/wp\/v2\/users\/2"}],"replies":[{"embeddable":true,"href":"https:\/\/www.infokuryr.cz\/n\/wp-json\/wp\/v2\/comments?post=66666"}],"version-history":[{"count":1,"href":"https:\/\/www.infokuryr.cz\/n\/wp-json\/wp\/v2\/posts\/66666\/revisions"}],"predecessor-version":[{"id":66670,"href":"https:\/\/www.infokuryr.cz\/n\/wp-json\/wp\/v2\/posts\/66666\/revisions\/66670"}],"wp:featuredmedia":[{"embeddable":true,"href":"https:\/\/www.infokuryr.cz\/n\/wp-json\/wp\/v2\/media\/65732"}],"wp:attachment":[{"href":"https:\/\/www.infokuryr.cz\/n\/wp-json\/wp\/v2\/media?parent=66666"}],"wp:term":[{"taxonomy":"category","embeddable":true,"href":"https:\/\/www.infokuryr.cz\/n\/wp-json\/wp\/v2\/categories?post=66666"},{"taxonomy":"post_tag","embeddable":true,"href":"https:\/\/www.infokuryr.cz\/n\/wp-json\/wp\/v2\/tags?post=66666"}],"curies":[{"name":"wp","href":"https:\/\/api.w.org\/{rel}","templated":true}]}}