{"id":66665,"date":"2024-11-22T00:35:43","date_gmt":"2024-11-21T23:35:43","guid":{"rendered":"https:\/\/www.infokuryr.cz\/n\/?p=66665"},"modified":"2024-11-21T16:45:52","modified_gmt":"2024-11-21T15:45:52","slug":"usa-blokuji-navrh-na-primeri-v-gaze-izrael-zavrazdil-88-palestincu","status":"publish","type":"post","link":"https:\/\/www.infokuryr.cz\/n\/2024\/11\/22\/usa-blokuji-navrh-na-primeri-v-gaze-izrael-zavrazdil-88-palestincu\/","title":{"rendered":"USA blokuj\u00ed n\u00e1vrh na p\u0159\u00edm\u011b\u0159\u00ed v Gaze, Izrael zavra\u017edil 88 Palestinc\u016f"},"content":{"rendered":"<div id=\"fb-root\"><\/div>\n<p><strong>T\u00e9m\u011b\u0159 90 Palestinc\u016f bylo \u00fadajn\u011b zabito p\u0159i izraelsk\u00fdch \u00faderech v severn\u00edm p\u00e1smu Gazy v noci z 20. na 21. listopadu pot\u00e9, co Spojen\u00e9 st\u00e1ty vetovaly rezoluci Rady bezpe\u010dnosti OSN po\u017eaduj\u00edc\u00ed p\u0159\u00edm\u011b\u0159\u00ed.<\/strong><\/p>\n<p>Z\u00e1chran\u00e1\u0159i a p\u0159edstavitel\u00e9 m\u00e9di\u00ed v Gaze uvedli, \u017ee nejm\u00e9n\u011b 66 bylo zabito, v\u010detn\u011b \u017een a d\u011bt\u00ed, kdy\u017e bylo zasa\u017eeno n\u011bkolik dom\u016f ukr\u00fdvaj\u00edc\u00edch vys\u00eddlen\u00e9 osoby pobl\u00ed\u017e nemocnice Kamal Adwan ve m\u011bst\u011b Beit Lahia. Mnoho ob\u011bt\u00ed bylo hl\u00e1\u0161eno ve sp\u00e1nku, kdy\u017e byly zabity.<\/p>\n<p>Dal\u0161\u00edch 22 lid\u00ed bylo zabito p\u0159i n\u00e1letu na d\u016fm v severn\u00ed \u010dtvrti Sheikh Radwan ve m\u011bst\u011b Gaza, podle agentury pro civiln\u00ed obranu.<\/p>\n<p>Dal\u0161\u00ed ob\u011bti byly pozd\u011bji hl\u00e1\u0161eny v ji\u017en\u00ed Gaze. Nemocnice ve m\u011bst\u011b Khan Younis uvedla, \u017ee p\u0159ijala t\u011bla 24 lid\u00ed zabit\u00fdch p\u0159i izraelsk\u00e9 vojensk\u00e9 akci tam a v bl\u00edzk\u00e9 oblasti Rafah, kter\u00e1 le\u017e\u00ed na hranici P\u00e1sma s Egyptem.<\/p>\n<p>Stoj\u00ed za zm\u00ednku, \u017ee OSN 19. listopadu varovala, \u017ee \u010d\u00e1sti severn\u00ed Gazy jsou pod izraelsk\u00fdm oble\u017een\u00edm a b\u011bhem 40 dn\u016f nebyla dod\u00e1na prakticky \u017e\u00e1dn\u00e1 humanit\u00e1rn\u00ed pomoc.<\/p>\n<p>Posledn\u00ed ob\u011bti zv\u00fd\u0161ily po\u010det ob\u011bt\u00ed izraelsk\u00e9 v\u00e1lky v Gaze, kter\u00e1 za\u010dala p\u0159ed v\u00edce ne\u017e 13 m\u011bs\u00edci, na v\u00edce ne\u017e 44 000. \u017deny a d\u011bti \u00fadajn\u011b tvo\u0159\u00ed v\u011bt\u0161inu ob\u011bt\u00ed. V\u00edce ne\u017e 104 000 dal\u0161\u00edch bylo \u00fadajn\u011b v P\u00e1smu dosud zran\u011bno.<\/p>\n<p>Posledn\u00ed \u00fadery na Gazu p\u0159i\u0161ly jen p\u00e1r hodin pot\u00e9, co rezoluce Rady bezpe\u010dnosti OSN vyz\u00fdvaj\u00edc\u00ed k zastaven\u00ed palby v P\u00e1smu a propu\u0161t\u011bn\u00ed izraelsk\u00fdch zajatc\u016f nepro\u0161la, kdy\u017e USA v 15\u010dlenn\u00e9m org\u00e1nu odevzdaly osamocen\u00fd ne. Bylo to po\u010dtvrt\u00e9, co administrativa americk\u00e9ho prezidenta Joea Bidena vetovala takovou rezoluci od za\u010d\u00e1tku v\u00e1lky.<\/p>\n<p>Navzdory siln\u00e9 podpo\u0159e USA vydal Mezin\u00e1rodn\u00ed trestn\u00ed soud (ICC) 21. listopadu zatyka\u010de na izraelsk\u00e9ho premi\u00e9ra Benjamina Netanjahua a b\u00fdval\u00e9ho ministra obrany Yoava Gallanta.<\/p>\n<p>T\u0159i soudci p\u0159edsoudn\u00edho sen\u00e1tu I. ICC jednomysln\u011b vydali zatyka\u010de na z\u00e1klad\u011b obvin\u011bn\u00ed ze zlo\u010din\u016f proti lidskosti a v\u00e1le\u010dn\u00fdch zlo\u010din\u016f, kter\u00e9 \u017ealobce soudu Karim Khan tvrd\u00ed, \u017ee byly sp\u00e1ch\u00e1ny b\u011bhem st\u00edh\u00e1n\u00ed sou\u010dasn\u00e9 v\u00e1lky v Gaze.<\/p>\n<p>Netanjahu i Gallant budou zodpov\u011bdn\u00ed za zat\u010den\u00ed, pokud cestuj\u00ed do kter\u00e9koli z v\u00edce ne\u017e 120 zem\u00ed, kter\u00e9 jsou smluvn\u00edmi stranami ICC.<\/p>\n<p>Soud tak\u00e9 vydal zatyka\u010d na Mohammeda Deifa, vojensk\u00e9ho velitele hnut\u00ed Ham\u00e1s vl\u00e1dnouc\u00edho v Gaze, kv\u016fli \u00fatoku na Izrael ze 7. \u0159\u00edjna, kter\u00fd loni rozpoutal v\u00e1lku. Izrael tvrd\u00ed, \u017ee zabil Deifa, ale Ham\u00e1s jeho smrt nikdy form\u00e1ln\u011b nep\u0159iznal.<\/p>\n<p>Rozhodnut\u00ed ICC zv\u00fd\u0161\u00ed tlak na Netanjahuovu vl\u00e1du. V\u00e1lka v Gaze v\u0161ak pravd\u011bpodobn\u011b neskon\u010d\u00ed bez zm\u011bny postoje USA.<\/p>\n<p><img decoding=\"async\" loading=\"lazy\" class=\"alignnone size-full wp-image-1185\" src=\"http:\/\/www.infokuryr.cz\/n\/wp-content\/uploads\/2021\/04\/kuryr-podpis.png\" alt=\"\" width=\"84\" height=\"24\" \/><\/p>\n<p>&nbsp;<\/p>\n","protected":false},"excerpt":{"rendered":"<p>T\u00e9m\u011b\u0159 90 Palestinc\u016f bylo \u00fadajn\u011b zabito p\u0159i izraelsk\u00fdch \u00faderech v severn\u00edm p\u00e1smu Gazy v noci&#8230;<\/p>\n","protected":false},"author":2,"featured_media":52973,"comment_status":"closed","ping_status":"closed","sticky":false,"template":"","format":"standard","meta":[],"categories":[7],"tags":[107,405,871,37],"_links":{"self":[{"href":"https:\/\/www.infokuryr.cz\/n\/wp-json\/wp\/v2\/posts\/66665"}],"collection":[{"href":"https:\/\/www.infokuryr.cz\/n\/wp-json\/wp\/v2\/posts"}],"about":[{"href":"https:\/\/www.infokuryr.cz\/n\/wp-json\/wp\/v2\/types\/post"}],"author":[{"embeddable":true,"href":"https:\/\/www.infokuryr.cz\/n\/wp-json\/wp\/v2\/users\/2"}],"replies":[{"embeddable":true,"href":"https:\/\/www.infokuryr.cz\/n\/wp-json\/wp\/v2\/comments?post=66665"}],"version-history":[{"count":0,"href":"https:\/\/www.infokuryr.cz\/n\/wp-json\/wp\/v2\/posts\/66665\/revisions"}],"wp:featuredmedia":[{"embeddable":true,"href":"https:\/\/www.infokuryr.cz\/n\/wp-json\/wp\/v2\/media\/52973"}],"wp:attachment":[{"href":"https:\/\/www.infokuryr.cz\/n\/wp-json\/wp\/v2\/media?parent=66665"}],"wp:term":[{"taxonomy":"category","embeddable":true,"href":"https:\/\/www.infokuryr.cz\/n\/wp-json\/wp\/v2\/categories?post=66665"},{"taxonomy":"post_tag","embeddable":true,"href":"https:\/\/www.infokuryr.cz\/n\/wp-json\/wp\/v2\/tags?post=66665"}],"curies":[{"name":"wp","href":"https:\/\/api.w.org\/{rel}","templated":true}]}}