{"id":66652,"date":"2024-11-21T07:31:37","date_gmt":"2024-11-21T06:31:37","guid":{"rendered":"https:\/\/www.infokuryr.cz\/n\/?p=66652"},"modified":"2024-11-21T07:31:37","modified_gmt":"2024-11-21T06:31:37","slug":"pri-izraelskem-ostrelovani-pasma-gazy-zahynulo-vice-nez-30-lidi","status":"publish","type":"post","link":"https:\/\/www.infokuryr.cz\/n\/2024\/11\/21\/pri-izraelskem-ostrelovani-pasma-gazy-zahynulo-vice-nez-30-lidi\/","title":{"rendered":"P\u0159i izraelsk\u00e9m ost\u0159elov\u00e1n\u00ed P\u00e1sma Gazy zahynulo v\u00edce ne\u017e 30 lid\u00ed"},"content":{"rendered":"<div id=\"fb-root\"><\/div>\n<p class=\"lead\"><strong>T\u0159icet lid\u00ed bylo zabito a v\u00edce ne\u017e 100 bylo zran\u011bno v d\u016fsledku izraelsk\u00e9ho ost\u0159elov\u00e1n\u00ed obytn\u00e9 oblasti v severn\u00edm p\u00e1smu Gazy, informovala palestinsk\u00e1 televizn\u00ed stanice Al Aks\u00e1.<\/strong><\/p>\n<p><em>&#8222;T\u0159icet lid\u00ed bylo zabito a v\u00edce ne\u017e 100 bylo zran\u011bno po (Izraelsk\u00e9m) ost\u0159elov\u00e1n\u00ed obytn\u00e9 oblasti v bl\u00edzkosti nemocnice Kamal Adwan v severn\u00edm p\u00e1smu Gazy,&#8220;<span class=\"after-quote\"> &#8211; uv\u00e1d\u00ed zpr\u00e1va kan\u00e1lu.<\/span><\/em><\/p>\n<h2>Teroristick\u00fd st\u00e1t: Izrael za\u00fato\u010dil na syrskou Palm\u00fdru a zabil 36 lid\u00ed<br \/>\n<img decoding=\"async\" class=\"aligncenter\" src=\"https:\/\/img3.eadaily.com\/c600x369\/o\/a5d\/514ce536e1810d6a056cf09ca3177.jpeg\" \/><\/h2>\n<p class=\"lead\"><strong>\u00datok IDF na syrsk\u00e9 m\u011bsto Palm\u00fdra zabil 36 lid\u00ed a v\u00edce ne\u017e 50 zranil.\u00a0<a href=\"https:\/\/sana.sy\/?p=2169322\" target=\"_blank\" rel=\"noopener\">Informovala o<\/a>\u00a0tom\u00a0syrsk\u00e1 agentura SANA.<\/strong><\/p>\n<p><span>Dnes p\u0159ibli\u017en\u011b ve 13:30 zah\u00e1jila izraelsk\u00e1 arm\u00e1da leteck\u00fd \u00fatok z oblasti al-Tanf a zas\u00e1hla \u0159adu budov ve m\u011bst\u011b Palm\u00fdra, zdroj ze syrsk\u00e9ho ministerstva obrany sd\u00edlen\u00fd s agenturou. V d\u016fsledku toho bylo zabito 36 civilist\u016f a v\u00edce ne\u017e 50 bylo zran\u011bno. Na c\u00edlech \u00fatoku a v okol\u00ed byly zp\u016fsobeny zna\u010dn\u00e9 materi\u00e1ln\u00ed \u0161kody.<\/span><\/p>\n<p><span>Jak uvedla m\u00e9dia<\/span><span>\u00a0, podle rusk\u00e9ho velvyslance v Libanonu Alexandra Rudakova Izrael nebojuje proti terorist\u016fm, ale proti civiln\u00edmu obyvatelstvu.<\/span><\/p>\n<p><em>&#8222;Navzdory jak\u00fdmkoli v\u00fdzv\u00e1m a prohl\u00e1\u0161en\u00edm izraelsk\u00e9 ve\u0159ejnosti je to, co se d\u011bje a co d\u011blaj\u00ed v p\u00e1smu Gazy, v Libanonu a na dal\u0161\u00edch \u00fazem\u00edch, hrozn\u00e9,&#8220;<span class=\"after-quote\">\u00a0&#8211; \u0159ekl Rudakov.<\/span><\/em><\/p>\n<p><img decoding=\"async\" loading=\"lazy\" class=\"alignnone size-full wp-image-1185\" src=\"http:\/\/www.infokuryr.cz\/n\/wp-content\/uploads\/2021\/04\/kuryr-podpis.png\" alt=\"\" width=\"84\" height=\"24\" \/><\/p>\n<p>&nbsp;<\/p>\n","protected":false},"excerpt":{"rendered":"<p>T\u0159icet lid\u00ed bylo zabito a v\u00edce ne\u017e 100 bylo zran\u011bno v d\u016fsledku izraelsk\u00e9ho ost\u0159elov\u00e1n\u00ed obytn\u00e9&#8230;<\/p>\n","protected":false},"author":2,"featured_media":66653,"comment_status":"closed","ping_status":"closed","sticky":false,"template":"","format":"standard","meta":[],"categories":[7],"tags":[2011,348,178,107,871,147],"_links":{"self":[{"href":"https:\/\/www.infokuryr.cz\/n\/wp-json\/wp\/v2\/posts\/66652"}],"collection":[{"href":"https:\/\/www.infokuryr.cz\/n\/wp-json\/wp\/v2\/posts"}],"about":[{"href":"https:\/\/www.infokuryr.cz\/n\/wp-json\/wp\/v2\/types\/post"}],"author":[{"embeddable":true,"href":"https:\/\/www.infokuryr.cz\/n\/wp-json\/wp\/v2\/users\/2"}],"replies":[{"embeddable":true,"href":"https:\/\/www.infokuryr.cz\/n\/wp-json\/wp\/v2\/comments?post=66652"}],"version-history":[{"count":0,"href":"https:\/\/www.infokuryr.cz\/n\/wp-json\/wp\/v2\/posts\/66652\/revisions"}],"wp:featuredmedia":[{"embeddable":true,"href":"https:\/\/www.infokuryr.cz\/n\/wp-json\/wp\/v2\/media\/66653"}],"wp:attachment":[{"href":"https:\/\/www.infokuryr.cz\/n\/wp-json\/wp\/v2\/media?parent=66652"}],"wp:term":[{"taxonomy":"category","embeddable":true,"href":"https:\/\/www.infokuryr.cz\/n\/wp-json\/wp\/v2\/categories?post=66652"},{"taxonomy":"post_tag","embeddable":true,"href":"https:\/\/www.infokuryr.cz\/n\/wp-json\/wp\/v2\/tags?post=66652"}],"curies":[{"name":"wp","href":"https:\/\/api.w.org\/{rel}","templated":true}]}}