{"id":66648,"date":"2024-11-21T07:15:39","date_gmt":"2024-11-21T06:15:39","guid":{"rendered":"https:\/\/www.infokuryr.cz\/n\/?p=66648"},"modified":"2024-11-21T07:15:58","modified_gmt":"2024-11-21T06:15:58","slug":"jindrich-kulhavy-strach-je-siren-zamerne","status":"publish","type":"post","link":"https:\/\/www.infokuryr.cz\/n\/2024\/11\/21\/jindrich-kulhavy-strach-je-siren-zamerne\/","title":{"rendered":"Jind\u0159ich Kulhav\u00fd: Strach je \u0161\u00ed\u0159en z\u00e1m\u011brn\u011b"},"content":{"rendered":"<div id=\"fb-root\"><\/div>\n<p><strong><span class=\"anotation\">Boj\u00edc\u00ed se \u010dlov\u011bk je ide\u00e1ln\u00edm materi\u00e1lem p\u0159edur\u010den\u00fdm k manipulaci.<\/span><\/strong><\/p>\n<div id=\"pagetext\">\n<p>\u00a0 V historii lidstva jde o jeden z nejz\u00e1sadn\u011bj\u0161\u00edch n\u00e1stroj\u016f ovl\u00e1dnut\u00ed okol\u00ed. Prvn\u00edmi n\u00e1znaky byli r\u016fzn\u00ed \u0161amani, pozd\u011bji jejich m\u00edsto p\u0159evzaly r\u016fzn\u00e9 modely n\u00e1bo\u017eenstv\u00ed a c\u00edrkv\u00ed nab\u00edzej\u00edc\u00ed mimo strach i rozh\u0159e\u0161en\u00ed a cestu ven, samoz\u0159ejm\u011b draze placenou. Nejd\u0159\u00edve souputn\u00edkem, pozd\u011bji p\u0159eva\u017euj\u00edc\u00edm faktorem, se staly politick\u00e9 ideologie. V\u0161ichni si pamatujeme kdysi n\u00e1m v\u0161t\u011bpovanou posloupnost \u2013 otrok\u00e1\u0159stv\u00ed, feudalizmus, kapitalismus, socialismus a kone\u010dn\u011b n\u011bk\u00fdm vytu\u017een\u00fd komunismus. Ani bychom si to uv\u011bdomovali, v sou\u010dasnosti \u017eijeme ve velmi paradoxn\u00ed sl\u00e1tanin\u011b v\u0161ech t\u011bchto typ\u016f spole\u010dnosti. Sv\u016fj pod\u00edl na tom maj\u00ed m\u00e9dia.<\/p>\n<p>\u010casto om\u00edl\u00e1na fr\u00e1ze, kterou m\u00e1 p\u0159edstavovat svoboda, je vlastn\u011b naprosto nejm\u00e9n\u011b dostupn\u00fdm bodem existence lidstva. V\u0161echny z\u00e1kony maj\u00edc\u00ed d\u00e1vat lidstvu \u0159\u00e1d jsou omezuj\u00edc\u00edmi faktory pr\u00e1v\u011b t\u00e9 svobody. A jak v\u00edme, jejich po\u010det se zvy\u0161uje a snad nikdy jich nebylo tolik, jak je vytv\u00e1\u0159\u00ed sou\u010dasn\u00e1 vl\u00e1dnouc\u00ed t\u0159\u00edda. P\u0159edev\u0161\u00edm v Bruselu jsou z\u00e1konod\u00e1rci obzvl\u00e1\u0161t\u011b aktivn\u00ed a mno\u017estv\u00ed idiotsk\u00fdch nesmysl\u016f \u0161\u00ed\u0159\u00edc\u00edch se z Evropsk\u00e9 komise n\u00e1s vrac\u00ed v koloto\u010di opakuj\u00edc\u00edch se spole\u010densk\u00fdch z\u0159\u00edzen\u00ed ve v\u011bt\u0161\u00ed m\u00ed\u0159e do otrok\u00e1\u0159stv\u00ed. Jeho modern\u00ed forma je skryta do soci\u00e1ln\u00edch kredit\u016f, o\u010dkovac\u00edch povinnost\u00ed a \u201epot\u0159ebn\u00e9ho\u201c zaps\u00e1n\u00ed ob\u010dan\u016f do tolika registr\u016f, \u017ee si jejich mno\u017estv\u00ed ani neuv\u011bdomujeme. Je-li nad n\u00e1mi kontrola, je mo\u017eno n\u00e1m k\u00e1zat jakoukoli ideologii a z\u00e1rove\u0148 n\u00e1s trestat, pokud ji nep\u0159ijmeme.<\/p>\n<p>D\u016fkazem s je\u0161t\u011b mokr\u00fdm p\u00edsmem byla ned\u00e1vn\u00e1 covidhysterie a je t\u0159eba si p\u0159ipomenout ty, kte\u0159\u00ed u n\u00e1s byli aktivn\u00edm \u0159\u00edd\u00edc\u00edm org\u00e1nem cel\u00e9 \u201eoperace\u201c. U vl\u00e1dy bylo ANO, jeho\u017e politici cht\u011bli trestat jedince, kte\u0159\u00ed se vzep\u0159eli, ov\u0161em v televizi tak tolik dnes obl\u00edben\u00fd jiho\u010desk\u00fd hejtman za ODS Kuba p\u0159\u00e1l smrt t\u011bm, kte\u0159\u00ed odm\u00edtali podstoupit vakcinaci. A nebyl s\u00e1m, podobn\u00fd p\u0159\u00edstup m\u011bla vl\u00e1dn\u00ed ekipa i jej\u00ed opozice s v\u00fdjimkou SPD. Covid m\u00e1me za sebou, Japonci o\u010dkov\u00e1n\u00ed proti n\u011bmu nazvali nejv\u011bt\u0161\u00edm zlo\u010dinem prov\u00e1d\u011bn\u00e9m na lidstvu a n\u011bkte\u0159\u00ed tehdej\u0161\u00ed propag\u00e1to\u0159i (nap\u0159. hostom\u0161t\u00ed) ji\u017e oto\u010dili. Nicm\u00e9n\u011b test na strach se osv\u011bd\u010dil a Leyenov\u00e1 nad\u00e1le tla\u010d\u00ed na evropsk\u00e9 o\u010dkovac\u00ed pr\u016fkazy a pokra\u010dov\u00e1n\u00ed vakcinace. Kdy\u017e ne \u010dasem na covid, najdou si, p\u0159\u00edpadn\u011b vyrob\u00ed, nov\u00e9ho stra\u0161\u00e1ka. Ostatn\u011b, \u010d\u00edm jin\u00fdm jsou Green Deal a boj s CO2 (trapn\u00e1 lo\u017e vyum\u011blkovan\u00e1 k dokonalosti), kdy\u017e ne snahou op\u011bt p\u0159esv\u011bd\u010dit dav o pot\u0159eb\u011b omezit se ve jm\u00e9nu z\u00e1chrany \u00fadajn\u011b p\u0159eh\u0159\u00e1t\u00e9 planety?<\/p>\n<p>Plno lid\u00ed si v\u0161e toto uv\u011bdomuje, p\u0159esto zateplujete domy jedovat\u00fdm polystyrenem, na st\u0159echy d\u00e1v\u00e1te ekologicky z\u00e1vadn\u00e9 syst\u00e9my slo\u017een\u00e9 ze sol\u00e1rn\u00edch panel\u016f, stav\u00ed se naprosto nerentabiln\u00ed v\u011btn\u00e9 elektr\u00e1rny a star\u0161\u00ed auta je\u0161t\u011b dokonale funk\u010dn\u00ed kon\u010d\u00ed ve \u0161rotu, aby je nahradila elektrick\u00e1 monstra s bateriemi, jejich\u017e v\u00fdroba i recyklace budou jednou \u010dernou m\u016frou. Pokud jste si toho nev\u0161imli, v\u011bt\u0161ina podobn\u00fdch nesmysl\u016f kon\u010d\u00ed za p\u00e1r let v d\u00ed\u0159e zvan\u00e9 zapomn\u011bn\u00ed a \u010dek\u00e1 to i tuto etapu. Jde o to p\u0159ekonat obdob\u00ed vzestupu popularity hovadin a po\u010dkat na n\u00e1vrat zdrav\u00e9ho rozumu. M\u016f\u017ee to trvat m\u011bs\u00edce, roky, v hor\u0161\u00edm p\u0159\u00edpad\u011b desetilet\u00ed, ale nakonec se v\u017edy uk\u00e1\u017ee, \u017ee ideologie maj\u00edc\u00ed trhliny um\u0159e na to, jak jsou tyto velk\u00e9. Green Deal je pln\u00fd ji\u017e od za\u010d\u00e1tku.<\/p>\n<p>Moment\u00e1ln\u011b n\u00e1s stra\u0161\u00ed jadernou v\u00e1lkou, kterou rozpoutat je tak snadn\u00e9, pokud by na n\u00ed do\u0161lo, um\u0159e 5 mld. lid\u00ed p\u0159edev\u0161\u00edm ze severn\u00ed polokoule. , Dr\u00e1bov\u00e9 \u010di Nerudov\u00e9, ale norm\u00e1ln\u011b uva\u017euj\u00edc\u00ed \u010dlov\u011bk tu\u0161\u00ed, \u017ee by to mohlo b\u00fdt posledn\u00ed p\u0159\u00e1n\u00ed. Ruska se zde bude \u0159e\u0161it ukon\u010den\u00ed Green Dealu a konec Leyenov\u00e9, Fialy a liberalismu, tedy novodob\u00e9ho otroctv\u00ed.<\/p>\n<p><a href=\"https:\/\/www.inadhled.live\/uvaha-dne\/strach-je-sireny-zamerne\/\">Jind\u0159ich Kulhav\u00fd<\/a><\/p>\n<\/div>\n<p><img decoding=\"async\" loading=\"lazy\" class=\"alignnone size-full wp-image-48136\" src=\"http:\/\/www.infokuryr.cz\/n\/wp-content\/uploads\/2024\/02\/kulhavy-jindrich.jpg\" alt=\"\" width=\"219\" height=\"221\" srcset=\"https:\/\/www.infokuryr.cz\/n\/wp-content\/uploads\/2024\/02\/kulhavy-jindrich.jpg 219w, https:\/\/www.infokuryr.cz\/n\/wp-content\/uploads\/2024\/02\/kulhavy-jindrich-150x150.jpg 150w\" sizes=\"(max-width: 219px) 100vw, 219px\" \/><\/p>\n<p>&nbsp;<\/p>\n","protected":false},"excerpt":{"rendered":"<p>Boj\u00edc\u00ed se \u010dlov\u011bk je ide\u00e1ln\u00edm materi\u00e1lem p\u0159edur\u010den\u00fdm k manipulaci. \u00a0 V historii lidstva jde o&#8230;<\/p>\n","protected":false},"author":2,"featured_media":66649,"comment_status":"closed","ping_status":"closed","sticky":false,"template":"","format":"standard","meta":[],"categories":[6],"tags":[1503,35,925],"_links":{"self":[{"href":"https:\/\/www.infokuryr.cz\/n\/wp-json\/wp\/v2\/posts\/66648"}],"collection":[{"href":"https:\/\/www.infokuryr.cz\/n\/wp-json\/wp\/v2\/posts"}],"about":[{"href":"https:\/\/www.infokuryr.cz\/n\/wp-json\/wp\/v2\/types\/post"}],"author":[{"embeddable":true,"href":"https:\/\/www.infokuryr.cz\/n\/wp-json\/wp\/v2\/users\/2"}],"replies":[{"embeddable":true,"href":"https:\/\/www.infokuryr.cz\/n\/wp-json\/wp\/v2\/comments?post=66648"}],"version-history":[{"count":0,"href":"https:\/\/www.infokuryr.cz\/n\/wp-json\/wp\/v2\/posts\/66648\/revisions"}],"wp:featuredmedia":[{"embeddable":true,"href":"https:\/\/www.infokuryr.cz\/n\/wp-json\/wp\/v2\/media\/66649"}],"wp:attachment":[{"href":"https:\/\/www.infokuryr.cz\/n\/wp-json\/wp\/v2\/media?parent=66648"}],"wp:term":[{"taxonomy":"category","embeddable":true,"href":"https:\/\/www.infokuryr.cz\/n\/wp-json\/wp\/v2\/categories?post=66648"},{"taxonomy":"post_tag","embeddable":true,"href":"https:\/\/www.infokuryr.cz\/n\/wp-json\/wp\/v2\/tags?post=66648"}],"curies":[{"name":"wp","href":"https:\/\/api.w.org\/{rel}","templated":true}]}}