{"id":66642,"date":"2024-11-21T06:58:56","date_gmt":"2024-11-21T05:58:56","guid":{"rendered":"https:\/\/www.infokuryr.cz\/n\/?p=66642"},"modified":"2024-11-21T06:58:56","modified_gmt":"2024-11-21T05:58:56","slug":"jiri-paroubek-kokain-trava-nebo-spiritus","status":"publish","type":"post","link":"https:\/\/www.infokuryr.cz\/n\/2024\/11\/21\/jiri-paroubek-kokain-trava-nebo-spiritus\/","title":{"rendered":"Ji\u0159\u00ed Paroubek: Kokain, tr\u00e1va nebo \u0161piritus?"},"content":{"rendered":"<div id=\"fb-root\"><\/div>\n<p><strong>To u\u017e ned\u00e1vaj\u00ed ani ti nejv\u011bt\u0161\u00ed a nejzaslepen\u011bj\u0161\u00ed podporovatel\u00e9 vl\u00e1dy z \u0159ad koment\u00e1tor\u016f a expert\u016f. Nezaznamenal jsem ani jednoho, kter\u00fd by se t\u0159eba jen n\u00e1znakem sna\u017eil zastat premi\u00e9ra Fialy, kter\u00fd rozohn\u011bn\u011b, jako kdysi M. Jake\u0161, prezentoval sv\u00e9 sm\u011bl\u00e9 vize. Za vize to pova\u017euje jen on s\u00e1m, zbytek n\u00e1roda se p\u0159e, zda se premi\u00e9r u\u017e definitivn\u011b zbl\u00e1znil, nebo m\u00e1 sv\u00e9 spoluob\u010dany za \u00fapln\u011b tup\u00e9 st\u00e1do bez \u0161petky rozumu.<\/strong><\/p>\n<p>Za t\u0159icetp\u011bt let po p\u00e1du b\u00fdval\u00e9ho re\u017eimu jsme n\u011bmeck\u00e9 a rakousk\u00e9 platy zdaleka nedot\u00e1hli. N\u011bkte\u0159\u00ed ekonomov\u00e9 spo\u010d\u00edtali, \u017ee t\u00edmto tempem je m\u016f\u017eeme dohonit v roce 2075. To kdy\u017e v\u0161e p\u016fjde hodn\u011b hladce, co\u017e ov\u0161em dnes v\u016fbec nevypad\u00e1. V\u00e1lka n\u00e1m zdra\u017euje v\u0161echny suroviny, zelen\u00e1 EU usilovn\u011b pracuje na destrukci pr\u016fmyslu a energetiky a k tomu jsme se zav\u00e1zali zbrojit jako snad nikdy. D\u00edky tomu roste st\u00e1tn\u00ed dluh rychlost\u00ed ka\u0161e z poh\u00e1dky Hrne\u010dku va\u0159. Optimisti vid\u00ed situaci jako v\u00e1\u017enou, realist\u00e9 ji maj\u00ed za tak\u0159ka zoufalou. P\u0159esto Petr Fiala blouzn\u00ed o bleskov\u00e9m p\u0159erodu na\u0161\u00ed ekonomiky z montovny na mozkovnu. Kdy\u017e ho nech\u00e1me je\u0161t\u011b chv\u00edli vl\u00e1dnout, tak z na\u0161ich d\u00fdchavi\u010dn\u00fdch a ospal\u00fdch univerzit ud\u011bl\u00e1 sv\u011btovou \u0161pi\u010dku. K tomu samoz\u0159ejm\u011b zajist\u00ed jen tak mimochodem platy jako v N\u011bmecku.<\/p>\n<p>Takov\u00e9 fantaz\u00edrov\u00e1n\u00ed skute\u010dn\u011b m\u016f\u017ee b\u00fdt p\u0159\u00edznakem v\u00e1\u017en\u00e9ho du\u0161evn\u00edho onemocn\u011bn\u00ed. Ale sp\u00ed\u0161e to na m\u011b d\u011bl\u00e1 dojem, \u017ee Petr Fiala unik\u00e1 p\u0159ed realitou vlastn\u00ed neschopnosti bu\u010f nadm\u011brnou\u00a0konzumac\u00ed alkoholu, ale sp\u00ed\u0161 si p\u0159ed vystoupen\u00edm dal n\u011bco ost\u0159ej\u0161\u00edho.\u00a0 Kone\u010dn\u011b jeho brn\u011bnsk\u00e1 stranick\u00e1 kolegyn\u011b a prim\u00e1torka se p\u0159i p\u0159\u00edprav\u011b lajny nechala dokonce vyfotit. Pak to n\u011bjak zamluvila, \u017ee asi zkou\u0161ela kvalitu pr\u00e1\u0161kov\u00e9ho cukru. V\u00a0\u00favahu je\u0161t\u011b p\u0159ipad\u00e1, \u017ee\u00a0Barto\u0161 na posledn\u00ed sch\u016fzce u premi\u00e9ra zapomn\u011bl, v\u00a0rozru\u0161en\u00ed z\u00a0vyhazovu, s\u00e1\u010dek se svoj\u00ed denn\u00ed d\u00e1vkou tr\u00e1vy.<\/p>\n<p>Soudn\u00fd \u010dlov\u011bk ve st\u0159\u00edzliv\u00e9m stavu by nic podobn\u00e9ho ze sv\u00fdch \u00fast toti\u017e nevypustil. Nev\u00edm, zda je hor\u0161\u00ed m\u00edt za premi\u00e9ra neschopn\u00e9ho tlu\u010dhubu nebo narkomana.<\/p>\n<p><a href=\"https:\/\/vasevec.info\/domaci-politika\/kokain-trava-nebo-spiritus\">Ji\u0159\u00ed Paroubek<\/a><\/p>\n<p><img decoding=\"async\" loading=\"lazy\" class=\"alignnone size-medium wp-image-66160\" src=\"http:\/\/www.infokuryr.cz\/n\/wp-content\/uploads\/2024\/11\/paroubek-jiri-300x208.jpeg\" alt=\"\" width=\"300\" height=\"208\" srcset=\"https:\/\/www.infokuryr.cz\/n\/wp-content\/uploads\/2024\/11\/paroubek-jiri-300x208.jpeg 300w, https:\/\/www.infokuryr.cz\/n\/wp-content\/uploads\/2024\/11\/paroubek-jiri.jpeg 318w\" sizes=\"(max-width: 300px) 100vw, 300px\" \/><\/p>\n<p>&nbsp;<\/p>\n","protected":false},"excerpt":{"rendered":"<p>To u\u017e ned\u00e1vaj\u00ed ani ti nejv\u011bt\u0161\u00ed a nejzaslepen\u011bj\u0161\u00ed podporovatel\u00e9 vl\u00e1dy z \u0159ad koment\u00e1tor\u016f a expert\u016f&#8230;.<\/p>\n","protected":false},"author":2,"featured_media":66245,"comment_status":"closed","ping_status":"closed","sticky":false,"template":"","format":"standard","meta":[],"categories":[6],"tags":[1503,535,122,99],"_links":{"self":[{"href":"https:\/\/www.infokuryr.cz\/n\/wp-json\/wp\/v2\/posts\/66642"}],"collection":[{"href":"https:\/\/www.infokuryr.cz\/n\/wp-json\/wp\/v2\/posts"}],"about":[{"href":"https:\/\/www.infokuryr.cz\/n\/wp-json\/wp\/v2\/types\/post"}],"author":[{"embeddable":true,"href":"https:\/\/www.infokuryr.cz\/n\/wp-json\/wp\/v2\/users\/2"}],"replies":[{"embeddable":true,"href":"https:\/\/www.infokuryr.cz\/n\/wp-json\/wp\/v2\/comments?post=66642"}],"version-history":[{"count":0,"href":"https:\/\/www.infokuryr.cz\/n\/wp-json\/wp\/v2\/posts\/66642\/revisions"}],"wp:featuredmedia":[{"embeddable":true,"href":"https:\/\/www.infokuryr.cz\/n\/wp-json\/wp\/v2\/media\/66245"}],"wp:attachment":[{"href":"https:\/\/www.infokuryr.cz\/n\/wp-json\/wp\/v2\/media?parent=66642"}],"wp:term":[{"taxonomy":"category","embeddable":true,"href":"https:\/\/www.infokuryr.cz\/n\/wp-json\/wp\/v2\/categories?post=66642"},{"taxonomy":"post_tag","embeddable":true,"href":"https:\/\/www.infokuryr.cz\/n\/wp-json\/wp\/v2\/tags?post=66642"}],"curies":[{"name":"wp","href":"https:\/\/api.w.org\/{rel}","templated":true}]}}