{"id":66636,"date":"2024-11-21T06:43:17","date_gmt":"2024-11-21T05:43:17","guid":{"rendered":"https:\/\/www.infokuryr.cz\/n\/?p=66636"},"modified":"2024-11-21T06:43:17","modified_gmt":"2024-11-21T05:43:17","slug":"zbynek-fiala-kdyz-jde-o-zivot","status":"publish","type":"post","link":"https:\/\/www.infokuryr.cz\/n\/2024\/11\/21\/zbynek-fiala-kdyz-jde-o-zivot\/","title":{"rendered":"Zbyn\u011bk Fiala: Kdy\u017e jde o \u017eivot"},"content":{"rendered":"<div id=\"fb-root\"><\/div>\n<p><strong>Nen\u00ed to jen nere\u00e1ln\u00fd rozpo\u010det, co vr\u0161\u00ed dluhy pro ty, kdo p\u0159ijdou po nich. A nejde jenom o pen\u00edze.<\/strong><\/p>\n<p>Sn\u011bmovna nest\u00edh\u00e1. Konec roku se bl\u00ed\u017e\u00ed, a to je pekeln\u00fd p\u0159ed\u011bl, jak\u00fd p\u0159ed Kolumbem p\u0159edstavoval okraj ploch\u00e9 zem\u011b, za kter\u00fdm se z\u0159\u00edt\u00edte do hlubin bez mo\u017enosti n\u00e1vratu. V\u0161imn\u011bme si t\u0159eba rizika nezabrzditeln\u00e9ho r\u016fstu poslaneck\u00fdch a ministersk\u00fdch plat\u016f, pokud se nepoda\u0159\u00ed konec roku n\u011bjak legislativn\u011b odsunout. Nedivme se, \u017ee v\u00a0takov\u00e9 atmosf\u00e9\u0159e je schv\u00e1len\u00fd po\u0159ad 119. sch\u016fze Poslaneck\u00e9 sn\u011bmovny pln\u00fd p\u0159edloh, kter\u00e9 svou nal\u00e9havost\u00ed vytla\u010duj\u00ed jedna druhou.<\/p>\n<p>Co d\u0159\u00edv? Bez \u010deho se opravdu neobejdeme? D\u016fchody u\u017e se poda\u0159ilo zru\u0161it, tam by to mohlo zadrhnout jen v\u00a0Sen\u00e1tu. Ale co by to bylo za v\u00e1noce, kdyby m\u011bly b\u00fdt bez zv\u00fd\u0161en\u00ed televizn\u00edch a rozhlasov\u00fdch poplatk\u016f?<\/p>\n<p>A te\u010f k\u00a0tomu naru\u0161\u00ed hladk\u00fd chod na\u0161eho nejvy\u0161\u0161\u00edho z\u00e1konod\u00e1rn\u00e9ho sboru svrh\u00e1v\u00e1n\u00ed jeho p\u0159edsedkyn\u011b Pekari-Adamov\u00e9. Odehraje se na zvl\u00e1\u0161tn\u00ed sch\u016fzi na n\u00e1vrh opozice, proto\u017ee pan\u00ed p\u0159edsedkyn\u011b pr\u00fd na svou funkci nesta\u010d\u00ed. To je opravdu hloup\u00fd argument. Chceme se pustit do srovn\u00e1v\u00e1n\u00ed, kdo ano? Bude se hledat, kdo sta\u010d\u00ed? A jak by se \u0159e\u0161ila jedn\u00e1n\u00ed sn\u011bmovny, kdyby slab\u0161\u00ed kusy skon\u010dily v\u00a0Bohnic\u00edch pod uzav\u0159en\u00edm? A jak nalo\u017eit s p\u0159\u00edtomnost\u00ed z\u00e1stupc\u016f vl\u00e1dy??<\/p>\n<p>Zabije se \u010das pro schv\u00e1len\u00ed st\u00e1tn\u00edho rozpo\u010dtu iluzorn\u00edch p\u0159\u00edjm\u016f. O v\u00fddaj\u00edch v\u00edme, ale kde na n\u011b vz\u00edt? V\u00a0poh\u00e1dk\u00e1ch je to snadn\u00e9, \u0159ekne se: \u201eOsl\u00ed\u010dku, ot\u0159es se!\u201c. Ne \u017ee by se to nedalo vyzkou\u0161et, o osly nem\u00e1 na\u0161e reprezentace nouzi a jist\u011b by se na\u0161el n\u011bkdo, kdo by s\u00a0nimi r\u00e1d zat\u0159epal. T\u0159eba zadarmo, tak\u0159\u00edkaj\u00edc brig\u00e1dnicky, kdyby se uk\u00e1zalo, \u017ee je to jedin\u00e1 cesta, jak udr\u017eet zemi nad vodou.<\/p>\n<p>\u010ce\u0161i jsou v\u0161ak povahy holubi\u010d\u00ed, a tak dost\u00e1v\u00e1 p\u0159ednost osv\u011bd\u010den\u00fd postup feldkur\u00e1ta Katze: \u201eTo se n\u00e1m to hoduje, kdy\u017e n\u00e1m ciz\u00ed lidi p\u016fj\u010dujou!\u201c Ne\u0159\u00edk\u00e1m, \u017ee hodujeme v\u0161ichni, ale v\u0161eho do \u010dasu. Karta se obr\u00e1t\u00ed, a\u017e dojde na spl\u00e1cen\u00ed.<\/p>\n<p>Nev\u00edm taky, jak to je to s\u00a0tou bezednou rozpo\u010dtovou d\u00edrou \u0159e\u0161eno v\u011bdecky. Z\u00a0n\u011bkter\u00fdch vyj\u00e1d\u0159en\u00ed pana premi\u00e9ra by se dalo vytu\u0161it, \u017ee metoda nejrychlej\u0161\u00edho zadlu\u017eov\u00e1n\u00ed v\u00a0EU je nejvhodn\u011bj\u0161\u00ed pro skokov\u00e9 p\u0159ibl\u00ed\u017een\u00ed k\u00a0vysn\u011bn\u00fdm mzd\u00e1m jako v\u00a0Bavorsku. Aspo\u0148 pro n\u011bkoho.<\/p>\n<p>\u00dastava prav\u00ed, \u017ee sn\u011bmovna je suver\u00e9n, a tak je nechme, a\u0165 se vyblbnou. Jen\u017ee oby\u010dejn\u011b to b\u00fdv\u00e1 tak, \u017ee ty nejd\u016fle\u017eit\u011bj\u0161\u00ed v\u011bci z\u016fstanou na okraji z\u00e1jmu.<\/p>\n<p>V\u00a0seznamu p\u0159edloh p\u0159ed prvn\u00edm \u010dten\u00edm, kter\u00e9 mohou m\u00edt opravdu celon\u00e1rodn\u00ed dopad, je tak\u00e9 novela mysliveck\u00e9ho z\u00e1kona. Co chceme od myslivc\u016f? Aby st\u0159\u00edleli. \u010cesko je pln\u00e9 p\u0159emno\u017een\u00e9 sp\u00e1rkat\u00e9 zv\u011b\u0159e, kter\u00e1 neumo\u017e\u0148uje p\u0159irozenou obnovu lesa, proto\u017ee spase v\u0161echny semen\u00e1\u010dky, ledva vykouknou ze zem\u011b. Nediv\u00edm se j\u00ed, jsou nejchutn\u011bj\u0161\u00ed., A tak zv\u00ed\u0159at je moc a p\u0159irozen\u00e9 pastvy m\u00e1lo. Jen\u017ee myslivci dost nest\u0159\u00edlej\u00ed a z\u00e1kon to m\u00e1 zm\u011bnit.<\/p>\n<p>Jde o klima, o kter\u00e9m se te\u010f jedn\u00e1 na 29. klimatick\u00e9 konferenci COP v\u00a0Lim\u011b. T\u00e9matem mezin\u00e1rodn\u00edch jedn\u00e1n\u00ed jsou obrovsk\u00e9 pen\u00edze, kter\u00e9 je t\u0159eba vynalo\u017eit, aby se zachovala nad\u011bje, \u017ee glob\u00e1ln\u00ed teploty nestoupnou v\u00edc ne\u017e o 1,5 stupn\u011b Celsia. Pokud jde o \u010cesko, pr\u016fm\u011brn\u00e1 teplota u n\u00e1s vzrostla od roku 1990 o 2 stupn\u011b Celsia. Zm\u011bn\u011bn\u00e9 klima zat\u00edm vn\u00edm\u00e1me sp\u00ed\u0161e bodov\u011b, jako t\u0159eba na Jesenicku, ale zato drtiv\u011b. Premi\u00e9r Petr Fiala p\u0159i sv\u00e9m vystoupen\u00ed v\u00a0Lim\u011b nab\u00edzel \u010desk\u00e9 zku\u0161enosti, jak br\u00e1nit n\u011b\u010demu, co jsme d\u00e1vno sami vytvo\u0159ili.<\/p>\n<p>U n\u00e1s se ot\u00e1zka klimatu oby\u010dejn\u011b omezuje jen na prd\u00edc\u00ed kr\u00e1vy, kv\u016fli kter\u00fdm jsou elektrick\u00e1 auta hol\u00fd nesmysl. Jen\u017ee poni\u010den\u00e9 \u010desk\u00e9 lesy maj\u00ed srovnatelnou produkci uhl\u00edku jako doprava, jak p\u0159ipomn\u011bl Jakub Hru\u0161ka z\u00a0akademick\u00e9ho \u00fastavu pro v\u00fdzkum klimatick\u00e9 zm\u011bny. Pa\u0159ezy, kter\u00e9 byly po k\u016frovcov\u00e9 kalamit\u011b, uhl\u00edk nezachycuj\u00ed, naopak jej sv\u00fdm hnit\u00edm uvol\u0148uj\u00ed. Stejn\u011b tak biomasa v\u00a0okol\u00ed pa\u0159ez\u016f, kter\u00e1 hyne nechr\u00e1n\u011bn\u00e1 pod \u017ehav\u00fdm sluncem.<\/p>\n<p>Zaj\u00edmav\u00fd p\u0159\u00edsp\u011bvek v\u00a0podzimn\u00edm \u010d\u00edsle Zpr\u00e1v lesnick\u00e9ho v\u00fdzkumu o studii Z\u00e1soby uhl\u00edku v\u00a0lesn\u00edch p\u016fd\u00e1ch a lesn\u00ed hospod\u00e1\u0159stv\u00ed, jde trochu hloub\u011bji:<\/p>\n<p><em>\u201eKv\u016fli zv\u00fd\u0161en\u00e9 respiraci z\u00a0rozkladu organick\u00e9 hmoty a t\u011b\u017eebn\u00edch zbytk\u016f se obnovovan\u00e9 porosty do\u010dasn\u011b st\u00e1vaj\u00ed zdrojem emis\u00ed oxidu uhli\u010dit\u00e9ho do atmosf\u00e9ry. O tom, na jak dlouhou dobu, se informace do zna\u010dn\u00e9 m\u00edry rozch\u00e1zej\u00ed. Rebane et al. (2020) zjistili pro hemibore\u00e1ln\u00ed lesy v\u00a0Estonsku, \u017ee \u0161est let po holose\u010dn\u00e9 t\u011b\u017eb\u011b funguje nov\u00fd porost jako slab\u00fd sink uhl\u00edku, po osmi letech je ji\u017e pout\u00e1n\u00ed CO2 v\u00fdrazn\u00e9.<\/em><\/p>\n<p><em>Grelle et al. (2023) uv\u00e1d\u011bj\u00ed pro holose\u010dnou obnovu les\u016f ve smrkov\u00fdch porostech ji\u017en\u00edho \u0160v\u00e9dska n\u00e1vrat k\u00a0pout\u00e1n\u00ed uhl\u00edku po 8\u201313 letech. Tento z\u00e1v\u011br bude pravd\u011bpodobn\u011b relevantn\u00ed i pro podm\u00ednky sou\u010dasn\u00fdch kalamitn\u00edch holin po \u00fahynu smrkov\u011b dominantn\u00edch porost\u016f v\u00a0\u010cesk\u00e9 republice.\u201c<\/em><\/p>\n<p>Zaznamen\u00e1v\u00e1 to i \u010derstv\u00e1 Zpr\u00e1va o stavu \u017eivotn\u00edho prost\u0159ed\u00ed v\u00a0\u010cR za rok 2023, kter\u00e1 poukazuje na \u201estav na\u0161ich les\u016f, kter\u00e9 se v\u00a0uplynul\u00fdch letech zm\u011bnily z\u00a0pohlcova\u010de sklen\u00edkov\u00fdch plyn\u016f v\u00a0jejich v\u00fdznamn\u00e9ho producenta.\u201c<\/p>\n<p>Nejsme v\u00a0tom sami. Lesy se rozpadaj\u00ed v\u00a0\u0159ad\u011b dal\u0161\u00edch zem\u00ed. Na jednom odborn\u00e9m webu jsem narazil jsem na skoro neuv\u011b\u0159itelnou zpr\u00e1vu, \u017ee Finsko, kter\u00e9 m\u00e1 nejambici\u00f3zn\u011bj\u0161\u00ed c\u00edl uhl\u00edkov\u00e9 neutrality ve vysp\u011bl\u00e9m sv\u011bt\u011b, zaznamenalo v\u00a0posledn\u00edch letech z\u00e1nik sv\u00e9ho kdysi obrovsk\u00e9ho pohlcov\u00e1n\u00ed uhl\u00edku p\u016fdou. A tak p\u0159esto\u017ee sn\u00ed\u017eilo emise ve v\u0161ech odv\u011btv\u00edch o\u00a043 %, celkov\u00e9 emise zem\u011b (po zapo\u010dten\u00ed p\u016fdy a vegetace) z\u016fstaly nezm\u011bn\u011bny.<\/p>\n<p>Z\u016fsta\u0148me v\u00a0\u010cesku. \u201e<em>A\u010dkoli se celkov\u00e1 bilance lesnictv\u00ed zlep\u0161ila, kv\u016fli k\u016frovcov\u00e9 kalamit\u011b produkuj\u00ed lesy st\u00e1le v\u00edce uhl\u00edku, ne\u017e kolik dok\u00e1\u017eou pohltit. Lesy se v posti\u017een\u00fdch oblastech postupn\u011b obnovuj\u00ed, ale jejich celkov\u00e9 zdrav\u00ed z\u016fst\u00e1v\u00e1 neuspokojiv\u00e9, hlavn\u011b kv\u016fli nevhodn\u00e9 druhov\u00e9 skladb\u011b strom\u016f,\u201c<\/em>\u00a0konstatuje zm\u00edn\u011bn\u00e1 zpr\u00e1va M\u017dP.<\/p>\n<p>A jsme u j\u00e1dra v\u011bci. Druhov\u00e1 skladba je nevhodn\u00e1, proto\u017ee v\u00a0um\u011bl\u00e9 v\u00fdsadb\u011b nad\u00e1le dominuj\u00ed smrky, kter\u00fdm teplej\u0161\u00ed klima d\u00e1vno nesv\u011bd\u010d\u00ed. Smrk je zd\u00e1nliv\u011b ekonomicky v\u00fdhodn\u011bj\u0161\u00ed.<\/p>\n<p>Lesy by proto mohla v\u00fdrazn\u011bji vylep\u0161it p\u0159irozen\u00e1 obnova z\u00a0n\u00e1let\u016f vhodn\u011bj\u0161\u00edch d\u0159evin, jako jsou listn\u00e1\u010de nebo jedle, ale tu zase blokuje p\u0159emno\u017een\u00e1 sp\u00e1rkat\u00e1 zv\u011b\u0159. Pro\u010d je p\u0159emno\u017een\u00e1? Myslivci to nevid\u00ed?<\/p>\n<p>V\u0161ichni myslivci nejsou slep\u00ed ke stavu lesa, ale mysliveck\u00e9 pr\u00e1vo se d\u00e1 koupit, a tak p\u0159ivedlo do honiteb i osoby, kter\u00e9 \u017eij\u00ed \u00fapln\u011b jinde a zaj\u00edm\u00e1 je jen, aby se za ty prachy dalo b\u011bhem t\u011bch p\u00e1r hodin, kdy vyraz\u00ed s\u00a0flintou do lesa, n\u011bco trefit. Lesy s\u00a0hustou zv\u011b\u0159\u00ed l\u00e1kaj\u00ed tak\u00e9 nepom\u011brn\u011b bonitn\u011bj\u0161\u00ed zahrani\u010dn\u00ed z\u00e1jemce, kte\u0159\u00ed r\u00e1di pust\u00ed chlup za\u00a0par\u00e1dn\u00ed trofej. I majitel\u00e9 honiteb se tak chovaj\u00ed ekonomicky.<\/p>\n<p>Honitby nejsou toto\u017en\u00e9 s\u00a0vlastnictv\u00edm. Kdy\u017e v\u00e1m zv\u011b\u0159 \u0161kod\u00ed a nem\u00e1te pr\u00e1vo honitby, nesm\u00edte ji st\u0159elit. A kdy\u017e si nevysta\u010d\u00edte s\u00a0pran\u00fd\u0159ov\u00e1n\u00edm na n\u00e1st\u011bnce, m\u016f\u017eete st\u00e1t po\u017e\u00e1dat o n\u00e1hradu \u0161kody. Ta je oby\u010dejn\u011b miziv\u00e1, proto\u017ee \u2013 jak v\u00a0\u00fater\u00fd znovu upozornil v\u00a0\u010cesk\u00e9m rozhlase Jakub Hru\u0161ka \u2013 tato \u0161koda nezahrnuje fakt, \u017ee kdy\u017e zv\u00ed\u0159ata spasou semen\u00e1\u010dky, majitel lesa byl p\u0159ipraven o jeho p\u0159irozenou obnovu.<\/p>\n<p>Pro \u0159e\u0161en\u00ed p\u0159emno\u017een\u00e9 zv\u011b\u0159e proto m\u00e1 jednoduch\u00e9 \u0159e\u0161en\u00ed. P\u0159enesme na myslivce plnou \u0161kodu. M\u00e1 na mysli n\u00e1klady na obnovu lesa novou v\u00fdsadbou. I tak mu to vych\u00e1z\u00ed na t\u011b\u017ek\u00e9 tis\u00edce.<\/p>\n<p>Ale nezapom\u00ednejme, \u017ee \u010cesko m\u00e1 tak\u00e9 n\u011bjak\u00e9 mezin\u00e1rodn\u00ed z\u00e1vazky v\u00a0oblasti sni\u017eov\u00e1n\u00ed sklen\u00edkov\u00fdch plyn\u016f, kter\u00e9 bu\u010f zvl\u00e1dne, nebo si mus\u00ed povolenky koupit. Nev\u011b\u0159\u00edm, \u017ee jsme tak dob\u0159\u00ed jako Finsko, kter\u00e9 \u00fasporami jinde uh\u00e1jilo nulov\u00fd p\u0159\u00edr\u016fstek, kdy\u017e do\u0161lo i na zapo\u010dten\u00ed les\u016f. Nejen ve st\u00e1tn\u00edm rozpo\u010dtu, i v\u00a0\u010desk\u00fdch les\u00edch nar\u016fst\u00e1 obrovsk\u00fd dluh, kter\u00fd lehkomysln\u011b vytv\u00e1\u0159\u00edme, proto\u017ee spl\u00e1cet ho budou ti po n\u00e1s. Tak a\u0165 se p\u011bkn\u011b dus\u00ed\u2026<\/p>\n<p>Ze zm\u00edn\u011bn\u00e9 studie o z\u00e1sob\u00e1ch uhl\u00edku v\u00a0lesn\u00edch p\u016fd\u00e1ch se z\u00e1rove\u0148 dov\u00edd\u00e1me, jak dlouho to trv\u00e1, ne\u017e se d\u00e1 les po n\u011bjak\u00e9m ni\u010div\u00e9m z\u00e1sahu dohromady. V\u00a0ji\u017en\u00edm \u0160v\u00e9dsku po\u010d\u00edtaj\u00ed s\u00a08 a\u017e 13 lety. Proto Jakub Hru\u0161ka doporu\u010duje, aby se je\u0161t\u011b v\u00edce upustilo od po\u017eadavku rychle holiny zales\u0148ovat, proto\u017ee do p\u011bti let, na kolik se tento interval prodlu\u017euje v\u00a0navrhovan\u00e9 novele lesnick\u00e9ho z\u00e1kona, nesta\u010d\u00ed. P\u0159\u00edroda to tak rychle nest\u00edh\u00e1. Dejme j\u00ed v\u011bt\u0161\u00ed \u0161anci, proto\u017ee pot\u0159ebuje nejm\u00e9n\u011b t\u011bch 13 nebo 15 let, aby uk\u00e1zala, co opravdu um\u00ed.<\/p>\n<p>Jinak se zapoj\u00ed \u010dlov\u011bk, a ten d\u00e1 p\u0159ednost smrk\u016fm.<\/p>\n<p>Smrky jsou podle p\u0159eva\u017euj\u00edc\u00edho m\u00edn\u011bn\u00ed ekonomi\u010dt\u011bj\u0161\u00ed, p\u0159esto\u017ee zvy\u0161uj\u00ed riziko rozpadu porost\u016f v\u00a0d\u016fsledku sucha a dal\u0161\u00edch vliv\u016f zm\u011bn\u011bn\u00e9ho klimatu. N\u00e1klady st\u00e1tu na dodr\u017een\u00ed mezin\u00e1rodn\u00edch klimatick\u00fdch z\u00e1vazk\u016f se v\u00a0takov\u00e9 \u00favaze ignoruj\u00ed. Tak\u00e9 p\u0159emno\u017een\u00e9 honitby jsou v\u00a0p\u0159eva\u017euj\u00edc\u00edm m\u00edn\u011bn\u00ed pova\u017eov\u00e1ny za ekonomicky v\u00fdhodn\u011bj\u0161\u00ed, p\u0159esto\u017ee n\u00e1s klimaticky ohro\u017euj\u00ed do t\u00e9 m\u00edry, \u017ee lidem v\u00a0n\u011bkter\u00fdch oblastech (Jesenicko) seberou \u00fapln\u011b v\u0161echno, i budoucnost.<\/p>\n<p>V\u00a0z\u00e1v\u011bre\u010dn\u00e9 zpr\u00e1v\u011b o dopadech novely z\u00e1kona o myslivosti na relaci (zpr\u00e1va RIA) u\u017e se to nepatrn\u011b vyva\u017euje:<\/p>\n<p>\u201eNovela z\u00e1kona o myslivosti m\u00e1 hlavn\u00ed c\u00edl, kter\u00fdm je sn\u00ed\u017een\u00ed \u0161kod zv\u011b\u0159\u00ed, zejm\u00e9na zv\u011b\u0159\u00ed sp\u00e1rkatou (v\u010detn\u011b prasete divok\u00e9ho). Napln\u011bn\u00edm tohoto c\u00edle se sn\u00ed\u017e\u00ed nejen samotn\u00e9 \u0161kody zp\u016fsoben\u00e9 zv\u011b\u0159\u00ed, ale dojde i ke sn\u00ed\u017een\u00ed n\u00e1klad\u016f na preventivn\u00ed opat\u0159en\u00ed (ochranu proti \u0161kod\u00e1m zv\u011b\u0159\u00ed) ze strany lesnicky a zem\u011bd\u011blsky hospoda\u0159\u00edc\u00edch osob. Lze tak \u0159\u00edci, \u017ee novela m\u00e1 pozitivn\u00ed vliv na podnik\u00e1n\u00ed v\u00a0oblasti zem\u011bd\u011blstv\u00ed a lesnictv\u00ed. Na druhou stranu m\u016f\u017ee v\u00a0n\u011bkter\u00fdch honitb\u00e1ch vlivem \u00fabytku sp\u00e1rkat\u00e9 zv\u011b\u0159e doj\u00edt ke sn\u00ed\u017een\u00ed v\u00fdnosu z\u00a0myslivosti (sn\u00ed\u017een\u00ed n\u00e1jmu za honitby, pokles loveck\u00e9 nab\u00eddky, pokles p\u0159\u00edjm\u016f z\u00a0loveck\u00e9 turistiky).\u201c<\/p>\n<p>Co je to za logiku, kterou se \u0159\u00edd\u00ed ekonomie?<\/p>\n<p>E.F. Schumacher, od jeho\u017e p\u0159elomov\u00e9 knihy Mal\u00e9 je mil\u00e9 (Small is Beautifull) uplynulo 50 let, rozli\u0161uje ekonomii a moudrost. Ekonomie uva\u017euje v\u00a0kr\u00e1tk\u00e9m horizontu, sleduje jen vlastn\u00ed \u00fazk\u00fd z\u00e1jem a vid\u00ed jen pen\u00edze a zisk. Vzduch pro ni nem\u00e1 \u017e\u00e1dnou cenu \u2013 do zaveden\u00ed emisn\u00edch povolenek, samoz\u0159ejm\u011b. Jedin\u011b moudrost v\u00ed, \u017ee spole\u010dn\u00e9 v\u011bci, jako je zdrav\u00e1 p\u016fda, pravideln\u00e1 vl\u00e1ha nebo p\u0159edch\u00e1zen\u00ed zne\u010di\u0161t\u011bn\u00ed rozhoduje o kvalit\u011b \u017eivota, p\u0159esto\u017ee o tom nevypov\u00edd\u00e1 \u017e\u00e1dn\u00e1 cenovka.<\/p>\n<p>Rozhodovat o les\u00edch, honitb\u011b a p\u0159irozen\u00e9 obnov\u011b by se proto m\u011blo moud\u0159e, nikoliv ekonomicky. A m\u011blo by se to st\u00e1t co nejd\u0159\u00edve, proto\u017ee kdy\u017e jde o \u017eivot, jde v\u0161echno ostatn\u00ed stranou.<\/p>\n<p><a href=\"https:\/\/vasevec.info\/domaci-politika\/kdyz-jde-o-zivot\">Zbyn\u011bk Fiala<\/a><\/p>\n<p><img decoding=\"async\" loading=\"lazy\" class=\"alignnone size-medium wp-image-18520\" src=\"http:\/\/www.infokuryr.cz\/n\/wp-content\/uploads\/2022\/11\/zbynek-fiala-300x208.jpg\" alt=\"\" width=\"300\" height=\"208\" srcset=\"https:\/\/www.infokuryr.cz\/n\/wp-content\/uploads\/2022\/11\/zbynek-fiala-300x208.jpg 300w, https:\/\/www.infokuryr.cz\/n\/wp-content\/uploads\/2022\/11\/zbynek-fiala.jpg 318w\" sizes=\"(max-width: 300px) 100vw, 300px\" \/><\/p>\n<p>&nbsp;<\/p>\n","protected":false},"excerpt":{"rendered":"<p>Nen\u00ed to jen nere\u00e1ln\u00fd rozpo\u010det, co vr\u0161\u00ed dluhy pro ty, kdo p\u0159ijdou po nich. A&#8230;<\/p>\n","protected":false},"author":2,"featured_media":1097,"comment_status":"closed","ping_status":"closed","sticky":false,"template":"","format":"standard","meta":[],"categories":[6],"tags":[1042,59,45,477,844],"_links":{"self":[{"href":"https:\/\/www.infokuryr.cz\/n\/wp-json\/wp\/v2\/posts\/66636"}],"collection":[{"href":"https:\/\/www.infokuryr.cz\/n\/wp-json\/wp\/v2\/posts"}],"about":[{"href":"https:\/\/www.infokuryr.cz\/n\/wp-json\/wp\/v2\/types\/post"}],"author":[{"embeddable":true,"href":"https:\/\/www.infokuryr.cz\/n\/wp-json\/wp\/v2\/users\/2"}],"replies":[{"embeddable":true,"href":"https:\/\/www.infokuryr.cz\/n\/wp-json\/wp\/v2\/comments?post=66636"}],"version-history":[{"count":0,"href":"https:\/\/www.infokuryr.cz\/n\/wp-json\/wp\/v2\/posts\/66636\/revisions"}],"wp:featuredmedia":[{"embeddable":true,"href":"https:\/\/www.infokuryr.cz\/n\/wp-json\/wp\/v2\/media\/1097"}],"wp:attachment":[{"href":"https:\/\/www.infokuryr.cz\/n\/wp-json\/wp\/v2\/media?parent=66636"}],"wp:term":[{"taxonomy":"category","embeddable":true,"href":"https:\/\/www.infokuryr.cz\/n\/wp-json\/wp\/v2\/categories?post=66636"},{"taxonomy":"post_tag","embeddable":true,"href":"https:\/\/www.infokuryr.cz\/n\/wp-json\/wp\/v2\/tags?post=66636"}],"curies":[{"name":"wp","href":"https:\/\/api.w.org\/{rel}","templated":true}]}}