{"id":66625,"date":"2024-11-21T06:03:05","date_gmt":"2024-11-21T05:03:05","guid":{"rendered":"https:\/\/www.infokuryr.cz\/n\/?p=66625"},"modified":"2024-11-21T06:03:05","modified_gmt":"2024-11-21T05:03:05","slug":"za-valky-zachranil-300-000-civilistu-byli-to-ale-gojimove-tak-po-nem-pes-nestekne","status":"publish","type":"post","link":"https:\/\/www.infokuryr.cz\/n\/2024\/11\/21\/za-valky-zachranil-300-000-civilistu-byli-to-ale-gojimove-tak-po-nem-pes-nestekne\/","title":{"rendered":"Za v\u00e1lky zachr\u00e1nil 300 000 civilist\u016f, Byli to ale gojimov\u00e9, tak po n\u011bm pes ne\u0161t\u011bkne"},"content":{"rendered":"<div id=\"fb-root\"><\/div>\n<p>V\u011bt\u0161ina asi zn\u00e1 p\u0159\u00edb\u011bh o n\u011bmeck\u00e9m podnikate<strong>li O. Schindlerovi, kter\u00fd za 2. sv\u011btov\u00e9 v\u00e1lky zachr\u00e1nil asi 1100 \u017did\u016f p\u0159ed nacistickou persekuc\u00ed.<\/strong>\u00a0Schindler je veleben a oslavov\u00e1na nikdo mu nep\u0159ipom\u00edn\u00e1 jeho \u010dlenstv\u00ed v NSDAP, \u010di zbohatnut\u00ed na \u017eidovsk\u00e9 pr\u00e1ci a kooperaci s SS a Wehrmachtem.<\/p>\n<p>P\u0159itom\u00a0<strong>existoval N\u011bmec, kter\u00fd za v\u00e1lky zachr\u00e1nil 300 000 civilist\u016f p\u0159ed t\u00e9m\u011b\u0159 jistou smrt\u00ed. Jmenoval se John Rabe a vedl n\u011bmeckou pobo\u010dku Siemensu v \u010d\u00ednsk\u00e9m nankinu. Kdy\u017e Japonsko napadlo v roce 1937, tak postupovalo k hlavn\u00edmu m\u011bstu tehdej\u0161\u00ed \u010ciny Nankinu. Japonsk\u00e9 jednotky rozpoutaly p\u0159i \u00fatoku na m\u011bsto nep\u0159edstaviteln\u00fd teror. Vra\u017ed\u011bn\u00ed a zn\u00e1sil\u0148ov\u00e1n\u00ed \u017een a d\u00edvek bylo b\u011b\u017enou normou, st\u00edn\u00e1n\u00ed hlav zajatc\u016f rovn\u011b\u017e. Celkov\u011b se ob\u011bti tzv. nankinsk\u00e9ho masakru odhaduj\u00ed na 300 000 osob, kter\u00e9 byly povra\u017ed\u011bny b\u011bhem asi 2 m\u011bs\u00edc\u016f<\/strong> a byla to polovina obyvatel m\u011bsta.<\/p>\n<p>Tomu se rozhodl \u010delit pr\u00e1v\u011b\u00a0<strong>J. Rabe, kter\u00fd jako z\u00e1stupce \u201espojeneck\u00e9ho \u201c N\u011bmecka z\u0159\u00eddil v nankinu bezpe\u010dnostn\u00ed z\u00f3nu a on s\u00e1m se stal \u010dlenem jej\u00edho veden\u00ed. Sv\u00e9ho \u010dlenstv\u00ed v NSDAP vyu\u017e\u00edval p\u0159i jedn\u00e1n\u00ed s Japonci a n\u011bkolikr\u00e1t vyv\u00e1zl jen se \u0161t\u011bst\u00edm. Na \u00faplatky Japonc\u016fm a n\u00e1kup potravin pou\u017eil v\u0161echny sv\u00e9 \u00faspory. Dokonce napsal dopis A. Hitlerovi, kde ho \u017e\u00e1dal o intervenci u japonsk\u00e9 vl\u00e1dy. Kdy\u017e byla pozd\u011bji \u201ebezpe\u010dnostn\u00ed z\u00f3na\u201c uzn\u00e1na ofici\u00e1ln\u00edmi japonsk\u00fdmi \u00fa\u0159ady a jej\u00ed obyvatel\u00e9 byly u\u0161et\u0159eni.\u00a0<\/strong>Zbytek m\u011bsta byl ale zcela zni\u010den a jeho obyvatel\u00e9 vyvra\u017ed\u011bni.<\/p>\n<p>Kdy\u017e se<strong>\u00a0Rabe vr\u00e1til v roce 1938 do N\u011bmecka, byl vysl\u00fdch\u00e1n gestapem a uv\u011bzn\u011bn. Po z\u00e1sahu veden\u00ed firmy Siemens byl ale propu\u0161t\u011bn a m\u011bl z\u00e1kaz o nankinsk\u00e9m masakru ve\u0159ejn\u011b mluvit. Firma Siemens ho z obav o jeho \u017eivot rad\u011bji vyslala do sv\u00e9 pobo\u010dky v Afganist\u00e1nu.<\/strong><\/p>\n<p><strong>Po v\u00e1lce byl Rabe \u201edenacizov\u00e1n\u201c a v\u011bzn\u011bn a\u017e do roku 1946 a p\u0159i\u0161el o ve\u0161ker\u00fd majetek. \u017dil s rodinou t\u011b\u017ece nemocn\u00fd ve velk\u00e9 chudob\u011b. Kdy\u017e se o jeho osudu dozv\u011bd\u011bli obyvatel\u00e9 Nankinu, po\u0159\u00e1dali na jeho podporu pen\u011b\u017en\u00ed a potravinov\u00e9 sb\u00edrky<\/strong>, kter\u00e9 mu pos\u00edlali do N\u011bmecka, Rabe zem\u0159el v naprost\u00e9 chudob\u011b v roce 1950.<\/p>\n<p><strong>V roce 1996 byl jeho hrob p\u0159em\u00edst\u011bn na \u017e\u00e1dost obyvatel m\u011bsta do Nankinu, kde byl Rabe s poctami znovu poh\u0159ben<\/strong>. O jeho osudu byl nato\u010den zaj\u00edmav\u00fd film, kter\u00fd je ke shl\u00e9dnut\u00ed na\u00a0<a href=\"https:\/\/www.csfd.cz\/film\/241326-john-rabe-ctihodny-obcan-treti-rise\/prehled\/\">youtub<\/a>e\u00a0<a href=\"https:\/\/www.youtube.com\/watch?v=hs33LspS9BY\">odkaz je zde<\/a>.<\/p>\n<p>O jeho osud se ale nikdo nezaj\u00edm\u00e1.\u00a0<strong>V\u017edy\u0165 t\u011bch 300 000 zachr\u00e1n\u011bn\u00fdch \u010ci\u0148an\u016f byli p\u0159ece gojimov\u00e9 a ti nejsou d\u016fle\u017eit\u00ed.. Stejn\u011b jako se po\u0159\u00e1d p\u0159ipom\u00edn\u00e1 6 mi.l \u017eidovsk\u00fdch ob\u011bt\u00ed a na 27 mil ob\u011bt\u00ed n\u00e1rod\u016f SSSR nikdo ani nevzdechne.<\/strong>\u00a0V\u017edy\u0165 to byli p\u0159ece \u201eRus\u00e1ci\u201c.<\/p>\n<p>Nen\u00ed \u010das to zm\u011bnit a v\u00e1\u017eit si v\u0161ech ob\u011bt\u00ed stejn\u011b?<\/p>\n<figure class=\"wp-block-image size-full\"><img decoding=\"async\" loading=\"lazy\" class=\"wp-image-17831\" src=\"https:\/\/ceskavec.com\/wp-content\/uploads\/2024\/10\/image-13.png\" alt=\"\" width=\"220\" height=\"191\" \/><\/figure>\n<p>\u010c\u00edn\u0161t\u00ed zajatci jsou poh\u0159b\u00edv\u00e1ni za \u017eiva japonskou arm\u00e1dou\u2026<\/p>\n<p><a href=\"https:\/\/ceskavec.com\/2024\/11\/za-valky-zachranil-300-000-civilistu-byli-to-ale-gojimove-tak-po-nem-pes-nestekne\">Mike Don\u00e1k<\/a>, Texas, USA<\/p>\n<p>&nbsp;<\/p>\n","protected":false},"excerpt":{"rendered":"<p>V\u011bt\u0161ina asi zn\u00e1 p\u0159\u00edb\u011bh o n\u011bmeck\u00e9m podnikateli O. Schindlerovi, kter\u00fd za 2. sv\u011btov\u00e9 v\u00e1lky zachr\u00e1nil&#8230;<\/p>\n","protected":false},"author":2,"featured_media":66626,"comment_status":"closed","ping_status":"closed","sticky":false,"template":"","format":"standard","meta":[],"categories":[7],"tags":[5068,398,1074,40],"_links":{"self":[{"href":"https:\/\/www.infokuryr.cz\/n\/wp-json\/wp\/v2\/posts\/66625"}],"collection":[{"href":"https:\/\/www.infokuryr.cz\/n\/wp-json\/wp\/v2\/posts"}],"about":[{"href":"https:\/\/www.infokuryr.cz\/n\/wp-json\/wp\/v2\/types\/post"}],"author":[{"embeddable":true,"href":"https:\/\/www.infokuryr.cz\/n\/wp-json\/wp\/v2\/users\/2"}],"replies":[{"embeddable":true,"href":"https:\/\/www.infokuryr.cz\/n\/wp-json\/wp\/v2\/comments?post=66625"}],"version-history":[{"count":0,"href":"https:\/\/www.infokuryr.cz\/n\/wp-json\/wp\/v2\/posts\/66625\/revisions"}],"wp:featuredmedia":[{"embeddable":true,"href":"https:\/\/www.infokuryr.cz\/n\/wp-json\/wp\/v2\/media\/66626"}],"wp:attachment":[{"href":"https:\/\/www.infokuryr.cz\/n\/wp-json\/wp\/v2\/media?parent=66625"}],"wp:term":[{"taxonomy":"category","embeddable":true,"href":"https:\/\/www.infokuryr.cz\/n\/wp-json\/wp\/v2\/categories?post=66625"},{"taxonomy":"post_tag","embeddable":true,"href":"https:\/\/www.infokuryr.cz\/n\/wp-json\/wp\/v2\/tags?post=66625"}],"curies":[{"name":"wp","href":"https:\/\/api.w.org\/{rel}","templated":true}]}}