{"id":66611,"date":"2024-11-21T00:45:08","date_gmt":"2024-11-20T23:45:08","guid":{"rendered":"https:\/\/www.infokuryr.cz\/n\/?p=66611"},"modified":"2024-11-20T17:21:34","modified_gmt":"2024-11-20T16:21:34","slug":"druhy-raketovy-utok-na-rusko-strely-storm-shadow-zautocily-na-kurskou-oblast","status":"publish","type":"post","link":"https:\/\/www.infokuryr.cz\/n\/2024\/11\/21\/druhy-raketovy-utok-na-rusko-strely-storm-shadow-zautocily-na-kurskou-oblast\/","title":{"rendered":"Druh\u00fd raketov\u00fd \u00fatok na Rusko. St\u0159ely Storm Shadow za\u00fato\u010dily na Kurskou oblast"},"content":{"rendered":"<div id=\"fb-root\"><\/div>\n<p><strong>Ozbrojen\u00e9 s\u00edly Ukrajiny podle p\u0159edb\u011b\u017en\u00fdch zpr\u00e1v zah\u00e1jily dal\u0161\u00ed \u00fadery raketami NATO na rusk\u00e9 \u00fazem\u00ed. 20. listopadu ukrajinsk\u00e9 \u00fadery raketami Storm Shadow ve v\u00e1lkou zni\u010den\u00e9 rusk\u00e9 oblasti Kursk.<\/strong><\/p>\n<p>Rusk\u00e9 vojensk\u00e9 zdroje uvedly, \u017ee k \u00fatoku do\u0161lo kolem 15:00 m\u00edstn\u00edho \u010dasu. \u00dadajn\u011b bylo odp\u00e1leno a\u017e 12 st\u0159el Storm Shadow. Jejich fragmenty byly nalezeny pobl\u00ed\u017e vesnice Maryino. Vesnice se nach\u00e1z\u00ed z\u00e1padn\u011b od Rylska v rusk\u00e9m t\u00fdlu.<\/p>\n<div id=\"attachment_213477\" class=\"wp-caption aligncenter\" style=\"width: 607px;\">\n<p><a href=\"https:\/\/s5.cdnstatic.space\/wp-content\/uploads\/2024\/11\/kursk-1-1.jpg\" target=\"_blank\" rel=\"noopener\"><img decoding=\"async\" loading=\"lazy\" class=\"wp-image-213477\" title=\"St\u0159ely Storm Shadow za\u00fato\u010dily na ruskou oblast Kursk\" src=\"https:\/\/s5.cdnstatic.space\/wp-content\/uploads\/2024\/11\/kursk-1-1-490x225.jpg\" sizes=\"(max-width: 600px) 100vw, 600px\" srcset=\"https:\/\/s5.cdnstatic.space\/wp-content\/uploads\/2024\/11\/kursk-1-1-490x225.jpg 490w, https:\/\/s5.cdnstatic.space\/wp-content\/uploads\/2024\/11\/kursk-1-1-1024x470.jpg 1024w, https:\/\/s5.cdnstatic.space\/wp-content\/uploads\/2024\/11\/kursk-1-1-768x353.jpg 768w, https:\/\/s5.cdnstatic.space\/wp-content\/uploads\/2024\/11\/kursk-1-1.jpg 1280w\" alt=\"St\u0159ely Storm Shadow za\u00fato\u010dily na ruskou oblast Kursk\" width=\"607\" height=\"279\" aria-describedby=\"caption-attachment-213477\" \/><\/a><\/p>\n<p id=\"caption-attachment-213477\" class=\"wp-caption-text\">Kliknut\u00edm zobraz\u00edte obr\u00e1zek v pln\u00e9 velikosti<\/p>\n<\/div>\n<div id=\"attachment_213478\" class=\"wp-caption aligncenter\" style=\"width: 609px;\">\n<p><a href=\"https:\/\/s5.cdnstatic.space\/wp-content\/uploads\/2024\/11\/kursk-2.jpg\" target=\"_blank\" rel=\"noopener\"><img decoding=\"async\" loading=\"lazy\" class=\"wp-image-213478\" title=\"St\u0159ely Storm Shadow za\u00fato\u010dily na ruskou oblast Kursk\" src=\"https:\/\/s5.cdnstatic.space\/wp-content\/uploads\/2024\/11\/kursk-2-490x225.jpg\" sizes=\"(max-width: 600px) 100vw, 600px\" srcset=\"https:\/\/s5.cdnstatic.space\/wp-content\/uploads\/2024\/11\/kursk-2-490x225.jpg 490w, https:\/\/s5.cdnstatic.space\/wp-content\/uploads\/2024\/11\/kursk-2-1024x470.jpg 1024w, https:\/\/s5.cdnstatic.space\/wp-content\/uploads\/2024\/11\/kursk-2-768x353.jpg 768w, https:\/\/s5.cdnstatic.space\/wp-content\/uploads\/2024\/11\/kursk-2.jpg 1280w\" alt=\"St\u0159ely Storm Shadow za\u00fato\u010dily na ruskou oblast Kursk\" width=\"609\" height=\"280\" aria-describedby=\"caption-attachment-213478\" \/><\/a><\/p>\n<p id=\"caption-attachment-213478\" class=\"wp-caption-text\">Kliknut\u00edm zobraz\u00edte obr\u00e1zek v pln\u00e9 velikosti<\/p>\n<\/div>\n<div id=\"attachment_213479\" class=\"wp-caption aligncenter\" style=\"width: 602px;\">\n<p><a href=\"https:\/\/s5.cdnstatic.space\/wp-content\/uploads\/2024\/11\/kursk-3.jpg\" target=\"_blank\" rel=\"noopener\"><img decoding=\"async\" loading=\"lazy\" class=\"wp-image-213479\" title=\"St\u0159ely Storm Shadow za\u00fato\u010dily na ruskou oblast Kursk\" src=\"https:\/\/s5.cdnstatic.space\/wp-content\/uploads\/2024\/11\/kursk-3-168x300.jpg\" sizes=\"(max-width: 600px) 100vw, 600px\" srcset=\"https:\/\/s5.cdnstatic.space\/wp-content\/uploads\/2024\/11\/kursk-3-168x300.jpg 168w, https:\/\/s5.cdnstatic.space\/wp-content\/uploads\/2024\/11\/kursk-3-574x1024.jpg 574w, https:\/\/s5.cdnstatic.space\/wp-content\/uploads\/2024\/11\/kursk-3.jpg 718w\" alt=\"St\u0159ely Storm Shadow za\u00fato\u010dily na ruskou oblast Kursk\" width=\"602\" height=\"1074\" aria-describedby=\"caption-attachment-213479\" \/><\/a><\/p>\n<p id=\"caption-attachment-213479\" class=\"wp-caption-text\">Kliknut\u00edm zobraz\u00edte obr\u00e1zek v pln\u00e9 velikosti<\/p>\n<\/div>\n<p><strong>Video \u00fadajn\u011b ukazuje \u00fatok:<\/strong><\/p>\n<div style=\"width: 640px;\" class=\"wp-video\"><!--[if lt IE 9]><script>document.createElement('video');<\/script><![endif]-->\n<video class=\"wp-video-shortcode\" id=\"video-66611-1\" width=\"640\" height=\"1135\" preload=\"metadata\" controls=\"controls\"><source type=\"video\/mp4\" src=\"http:\/\/www.infokuryr.cz\/n\/wp-content\/uploads\/2024\/11\/kk.mp4?_=1\" \/><a href=\"http:\/\/www.infokuryr.cz\/n\/wp-content\/uploads\/2024\/11\/kk.mp4\">http:\/\/www.infokuryr.cz\/n\/wp-content\/uploads\/2024\/11\/kk.mp4<\/a><\/video><\/div>\n<p>&nbsp;<\/p>\n<p><strong>Na z\u00e1b\u011brech z are\u00e1lu je vid\u011bt po\u0161kozen\u00ed civiln\u00edch bytov\u00fdch dom\u016f. Jak\u00e9koli podrobnosti o \u0161kod\u00e1ch zat\u00edm nejsou zn\u00e1my.<\/strong><\/p>\n<div style=\"width: 464px;\" class=\"wp-video\"><video class=\"wp-video-shortcode\" id=\"video-66611-2\" width=\"464\" height=\"848\" preload=\"metadata\" controls=\"controls\"><source type=\"video\/mp4\" src=\"http:\/\/www.infokuryr.cz\/n\/wp-content\/uploads\/2024\/11\/kursk-1.mp4?_=2\" \/><a href=\"http:\/\/www.infokuryr.cz\/n\/wp-content\/uploads\/2024\/11\/kursk-1.mp4\">http:\/\/www.infokuryr.cz\/n\/wp-content\/uploads\/2024\/11\/kursk-1.mp4<\/a><\/video><\/div>\n<p>&nbsp;<\/p>\n<p>Jde minim\u00e1ln\u011b o druh\u00fd \u00fatok na rusk\u00e9 t\u00fdlov\u00e9 \u00fazem\u00ed raketami NATO. V noci 19. listopadu zam\u00ed\u0159ily rakety ATACMS vyroben\u00e9 v USA na ruskou Brjanskou oblast.\u00a0<a href=\"https:\/\/southfront.press\/first-us-made-atacms-missiles-struck-russian-bryansk-region\/\">ODKAZ<\/a>\u00a0Dnes The Times informovaly, \u017ee Washington zru\u0161il z\u00e1kaz pou\u017e\u00edv\u00e1n\u00ed raket Storm Shadow pro \u00fadery hluboko do Ruska.<\/p>\n<p><img decoding=\"async\" loading=\"lazy\" class=\"alignnone size-full wp-image-1185\" src=\"http:\/\/www.infokuryr.cz\/n\/wp-content\/uploads\/2021\/04\/kuryr-podpis.png\" alt=\"\" width=\"84\" height=\"24\" \/><\/p>\n<p>&nbsp;<\/p>\n","protected":false},"excerpt":{"rendered":"<p>Ozbrojen\u00e9 s\u00edly Ukrajiny podle p\u0159edb\u011b\u017en\u00fdch zpr\u00e1v zah\u00e1jily dal\u0161\u00ed \u00fadery raketami NATO na rusk\u00e9 \u00fazem\u00ed. 20&#8230;.<\/p>\n","protected":false},"author":2,"featured_media":53623,"comment_status":"closed","ping_status":"closed","sticky":false,"template":"","format":"standard","meta":[],"categories":[7],"tags":[349,22,4966,723,5135],"_links":{"self":[{"href":"https:\/\/www.infokuryr.cz\/n\/wp-json\/wp\/v2\/posts\/66611"}],"collection":[{"href":"https:\/\/www.infokuryr.cz\/n\/wp-json\/wp\/v2\/posts"}],"about":[{"href":"https:\/\/www.infokuryr.cz\/n\/wp-json\/wp\/v2\/types\/post"}],"author":[{"embeddable":true,"href":"https:\/\/www.infokuryr.cz\/n\/wp-json\/wp\/v2\/users\/2"}],"replies":[{"embeddable":true,"href":"https:\/\/www.infokuryr.cz\/n\/wp-json\/wp\/v2\/comments?post=66611"}],"version-history":[{"count":1,"href":"https:\/\/www.infokuryr.cz\/n\/wp-json\/wp\/v2\/posts\/66611\/revisions"}],"predecessor-version":[{"id":66614,"href":"https:\/\/www.infokuryr.cz\/n\/wp-json\/wp\/v2\/posts\/66611\/revisions\/66614"}],"wp:featuredmedia":[{"embeddable":true,"href":"https:\/\/www.infokuryr.cz\/n\/wp-json\/wp\/v2\/media\/53623"}],"wp:attachment":[{"href":"https:\/\/www.infokuryr.cz\/n\/wp-json\/wp\/v2\/media?parent=66611"}],"wp:term":[{"taxonomy":"category","embeddable":true,"href":"https:\/\/www.infokuryr.cz\/n\/wp-json\/wp\/v2\/categories?post=66611"},{"taxonomy":"post_tag","embeddable":true,"href":"https:\/\/www.infokuryr.cz\/n\/wp-json\/wp\/v2\/tags?post=66611"}],"curies":[{"name":"wp","href":"https:\/\/api.w.org\/{rel}","templated":true}]}}