{"id":66606,"date":"2024-11-21T00:43:59","date_gmt":"2024-11-20T23:43:59","guid":{"rendered":"https:\/\/www.infokuryr.cz\/n\/?p=66606"},"modified":"2024-11-20T17:04:50","modified_gmt":"2024-11-20T16:04:50","slug":"rakousko-syrsky-migrant-byl-odsouzen-za-znasilneni-a-brutalniho-skrceni-17lete-divky-na-zachode-vlakoveho-nadrazi","status":"publish","type":"post","link":"https:\/\/www.infokuryr.cz\/n\/2024\/11\/21\/rakousko-syrsky-migrant-byl-odsouzen-za-znasilneni-a-brutalniho-skrceni-17lete-divky-na-zachode-vlakoveho-nadrazi\/","title":{"rendered":"Rakousko: Syrsk\u00fd migrant byl odsouzen za zn\u00e1siln\u011bn\u00ed a brut\u00e1ln\u00edho \u0161krcen\u00ed 17let\u00e9 d\u00edvky na z\u00e1chod\u011b vlakov\u00e9ho n\u00e1dra\u017e\u00ed"},"content":{"rendered":"<div id=\"fb-root\"><\/div>\n<h2 class=\"s-tagline fw-tagline\"><span>Rakousk\u00e1 d\u00edvka byla podle \u017ealobce zn\u00e1siln\u011bna \u201ezvl\u00e1\u0161\u0165 poni\u017euj\u00edc\u00edm zp\u016fsobem\u201c<\/span><\/h2>\n<p><span>Syrsk\u00fd migrant byl nyn\u00ed usv\u011bd\u010den a odsouzen k deseti let\u016fm v\u011bzen\u00ed za zn\u00e1siln\u011bn\u00ed a napaden\u00ed 17let\u00e9 d\u00edvky na hlavn\u00edm n\u00e1dra\u017e\u00ed v Salcburku v Rakousku, kter\u00e9 je zn\u00e1m\u00e9 jako \u201em\u011bsto Mozarta\u201c.<\/span><\/p>\n<p><span>K incidentu do\u0161lo loni pot\u00e9, co d\u00edvka skon\u010dila s n\u00e1v\u0161t\u011bvou baru s p\u0159\u00edtelem. Odsouzen\u00fd mu\u017e, 27let\u00fd nezam\u011bstnan\u00fd \u017eadatel o azyl ze S\u00fdrie, za\u010dal s d\u00edvkou mluvit p\u0159ed stanic\u00ed. Bez varov\u00e1n\u00ed ji popadl za pa\u017ei a odt\u00e1hl na z\u00e1chod na stanici. Jakmile byl uvnit\u0159, d\u00edvku brut\u00e1ln\u011b zbil, \u0161krtil a n\u00e1siln\u011b zn\u00e1silnil \u201eobzvl\u00e1\u0161t\u011b poni\u017euj\u00edc\u00edm zp\u016fsobem\u201c, uvedl st\u00e1tn\u00ed z\u00e1stupce.<\/span><\/p>\n<p><span>Sy\u0159an stanul za\u010d\u00e1tkem tohoto t\u00fddne p\u0159ed salcbursk\u00fdm krajsk\u00fdm soudem. Jeho obhajoba se mu\u017ee sna\u017eila br\u00e1nit tvrzen\u00edm, \u017ee po\u0161kozen\u00e1 a jej\u00ed p\u0159\u00edtel byli opil\u00ed a brali drogy.<\/span><\/p>\n<p><span>Navzdory \u00fasil\u00ed obhajoby byl syrsk\u00fd migrant shled\u00e1n vinn\u00fdm, i kdy\u017e se proti verdiktu lze odvolat, uv\u00e1d\u00ed rakousk\u00fd zpravodajsk\u00fd server\u00a0<\/span><a href=\"https:\/\/www.heute.at\/s\/vergewaltigung-im-bahnhofsklo-27-jaehriger-verurteilt-120073150\"><span>Heute<\/span><\/a><span> .<\/span><\/p>\n<p><span>M\u011bstsk\u00e9 hlavn\u00ed vlakov\u00e9 n\u00e1dra\u017e\u00ed se v posledn\u00edch letech stalo ohniskem zlo\u010dinu a policie na to zareagovala pos\u00edlen\u00edm hl\u00eddek.<\/span><\/p>\n<p><span>Samotn\u00e9 Rakousko se pot\u00fdk\u00e1 s n\u00e1r\u016fstem kriminality t\u00fdkaj\u00edc\u00ed se migrant\u016f. Jak Remix informoval na za\u010d\u00e1tku tohoto roku, 17 nezletil\u00fdch migrant\u016f bylo\u00a0<\/span><a href=\"austria: 17 migrant minors arrested for year-long gang rape of Vienna schoolgirl\"><span>zat\u010deno<\/span><\/a><span> za hromadn\u00e9 zn\u00e1siln\u011bn\u00ed v\u00edde\u0148sk\u00e9 12let\u00e9 \u0161kola\u010dky v pr\u016fb\u011bhu roku. Ti sam\u00ed nezletil\u00ed byli propu\u0161t\u011bni pouh\u00fd den po sv\u00e9m zat\u010den\u00ed.<\/span><\/p>\n<p><span>Tak\u00e9 letos\u00a0<\/span><a href=\"https:\/\/rmx.news\/crime\/austrian-schoolgirl-found-dead-in-afghan-refugees-apartment-drugged-and-raped\/\"><span>byl zat\u010den<\/span><\/a><span>\u00a0afgh\u00e1nsk\u00fd migrant za zn\u00e1siln\u011bn\u00ed a udu\u0161en\u00ed 14let\u00e9 d\u00edvky k smrti ve sv\u00e9m byt\u011b ve V\u00eddni. Tak\u00e9 letos dva al\u017e\u00edr\u0161t\u00ed migranti\u00a0<\/span><a href=\"https:\/\/rmx.news\/article\/algerian-migrants-arrested-in-austria-for-rape-of-teenage-girls-held-at-gunpoint\/\"><span>zn\u00e1silnili dv\u011b d\u00edvky,<\/span><\/a><span>\u00a014 a 15, se zbran\u00ed v ruce pot\u00e9, co je zamkli v byt\u011b.<\/span><\/p>\n<p><span>Za\u010d\u00e1tkem leto\u0161n\u00edho roku byly ve V\u00eddni\u00a0<\/span><a href=\"https:\/\/rmx.news\/crime\/austria-3-sex-workers-brutally-murdered-by-afghan-migrant-in-vienna-brothel\/\"><span>brut\u00e1ln\u011b zavra\u017ed\u011bny<\/span><\/a><span>\u00a0t\u0159i prostitutky afgh\u00e1nsk\u00fdm migrantem, kter\u00fd \u017eeny zmasakroval pot\u00e9, co mu byl odep\u0159en vstup. Policie kv\u016fli zlo\u010dinu popsala \u201estra\u0161n\u00e9 obrazy\u201c.<\/span><\/p>\n<p><span>Jeden z nejzn\u00e1m\u011bj\u0161\u00edch p\u0159\u00edpad\u016f se datuje do roku 2022, kdy byla 13let\u00e1 Leonie hromadn\u011b zn\u00e1siln\u011bna a zavra\u017ed\u011bna t\u0159emi afgh\u00e1nsk\u00fdmi migranty ve V\u00eddni.<\/span><\/p>\n<p><img decoding=\"async\" loading=\"lazy\" class=\"alignnone size-full wp-image-1185\" src=\"http:\/\/www.infokuryr.cz\/n\/wp-content\/uploads\/2021\/04\/kuryr-podpis.png\" alt=\"\" width=\"84\" height=\"24\" \/><\/p>\n<p>&nbsp;<\/p>\n","protected":false},"excerpt":{"rendered":"<p>Rakousk\u00e1 d\u00edvka byla podle \u017ealobce zn\u00e1siln\u011bna \u201ezvl\u00e1\u0161\u0165 poni\u017euj\u00edc\u00edm zp\u016fsobem\u201c Syrsk\u00fd migrant byl nyn\u00ed usv\u011bd\u010den a&#8230;<\/p>\n","protected":false},"author":2,"featured_media":66607,"comment_status":"closed","ping_status":"closed","sticky":false,"template":"","format":"standard","meta":[],"categories":[7],"tags":[551,120,324,858,366],"_links":{"self":[{"href":"https:\/\/www.infokuryr.cz\/n\/wp-json\/wp\/v2\/posts\/66606"}],"collection":[{"href":"https:\/\/www.infokuryr.cz\/n\/wp-json\/wp\/v2\/posts"}],"about":[{"href":"https:\/\/www.infokuryr.cz\/n\/wp-json\/wp\/v2\/types\/post"}],"author":[{"embeddable":true,"href":"https:\/\/www.infokuryr.cz\/n\/wp-json\/wp\/v2\/users\/2"}],"replies":[{"embeddable":true,"href":"https:\/\/www.infokuryr.cz\/n\/wp-json\/wp\/v2\/comments?post=66606"}],"version-history":[{"count":0,"href":"https:\/\/www.infokuryr.cz\/n\/wp-json\/wp\/v2\/posts\/66606\/revisions"}],"wp:featuredmedia":[{"embeddable":true,"href":"https:\/\/www.infokuryr.cz\/n\/wp-json\/wp\/v2\/media\/66607"}],"wp:attachment":[{"href":"https:\/\/www.infokuryr.cz\/n\/wp-json\/wp\/v2\/media?parent=66606"}],"wp:term":[{"taxonomy":"category","embeddable":true,"href":"https:\/\/www.infokuryr.cz\/n\/wp-json\/wp\/v2\/categories?post=66606"},{"taxonomy":"post_tag","embeddable":true,"href":"https:\/\/www.infokuryr.cz\/n\/wp-json\/wp\/v2\/tags?post=66606"}],"curies":[{"name":"wp","href":"https:\/\/api.w.org\/{rel}","templated":true}]}}