{"id":66512,"date":"2024-11-20T00:40:21","date_gmt":"2024-11-19T23:40:21","guid":{"rendered":"https:\/\/www.infokuryr.cz\/n\/?p=66512"},"modified":"2024-11-19T15:21:24","modified_gmt":"2024-11-19T14:21:24","slug":"jake-jsou-sily-rychle-reakce-eu-a-cile-nadchazejicich-cviceni","status":"publish","type":"post","link":"https:\/\/www.infokuryr.cz\/n\/2024\/11\/20\/jake-jsou-sily-rychle-reakce-eu-a-cile-nadchazejicich-cviceni\/","title":{"rendered":"Jak\u00e9 jsou s\u00edly rychl\u00e9 reakce EU a c\u00edle nadch\u00e1zej\u00edc\u00edch cvi\u010den\u00ed?"},"content":{"rendered":"<div id=\"fb-root\"><\/div>\n<div class=\"elementor-element elementor-element-1fb4c2c elementor-widget elementor-widget-theme-post-content\" data-id=\"1fb4c2c\" data-element_type=\"widget\" data-widget_type=\"theme-post-content.default\">\n<div class=\"elementor-widget-container\">\n<p><span>Patn\u00e1ct \u010dlensk\u00fdch zem\u00ed EU a p\u0159es 1700 voj\u00e1k\u016f se podle Evropsk\u00e9 slu\u017eby pro vn\u011bj\u0161\u00ed \u010dinnost (ESV\u010c) z\u00fa\u010dastn\u00ed druh\u00e9ho vojensk\u00e9ho cvi\u010den\u00ed Evropsk\u00e9 unie (LIVEX) v n\u011bmeck\u00e9m Bergenu od 25. listopadu do 10. prosince.<\/span><\/p>\n<p><span>Vojensk\u00e9 cvi\u010den\u00ed v p\u0159\u00edm\u00e9m p\u0159enosu (LIVEX) je sou\u010d\u00e1st\u00ed strategick\u00e9ho kompasu EU, jeho\u017e c\u00edlem je vytvo\u0159it do roku 2030 schopnost Evropsk\u00e9 unie rychl\u00e9ho nasazen\u00ed (EU RDC) s c\u00edlem pos\u00edlit bezpe\u010dnostn\u00ed a obrann\u00e9 kapacity Unie.<\/span><\/p>\n<h2 id=\"1120894523-1\" class=\"wp-block-heading\"><span>Co je EU RDC?<\/span><\/h2>\n<ul class=\"wp-block-list\">\n<li><span>Pl\u00e1novan\u00fd pro rychlou reakci na krize mimo EU, byl zaveden v roce 2022<\/span><\/li>\n<li><span>Vytvo\u0159eno pro rychlou reakci na krize<\/span><\/li>\n<li><span>Skl\u00e1d\u00e1 se z a\u017e 5000 voj\u00e1k\u016f, v\u010detn\u011b pozemn\u00edch, leteck\u00fdch a n\u00e1mo\u0159n\u00edch slo\u017eek<\/span><\/li>\n<\/ul>\n<h2 id=\"1120894523-2\" class=\"wp-block-heading\"><span>Jak\u00fd je \u00fa\u010del cvi\u010den\u00ed?<\/span><\/h2>\n<p><span>Cvi\u010den\u00ed jsou ned\u00edlnou sou\u010d\u00e1st\u00ed \u0161ir\u0161\u00edho MILEX24 a maj\u00ed otestovat interoperabilitu sil rychl\u00e9 reakce EU s c\u00edlem p\u0159ipravit je na mo\u017en\u00e9 konflikty vysok\u00e9 intenzity.<\/span><\/p>\n<p><span>Man\u00e9vry se prov\u00e1d\u011bj\u00ed pod velen\u00edm Eurocorps a velitelstv\u00ed n\u011bmeck\u00e9 arm\u00e1dy.<\/span><\/p>\n<h2 id=\"1120894523-3\" class=\"wp-block-heading\"><span>Co se p\u0159i cvi\u010den\u00ed cvi\u010d\u00ed?<\/span><\/h2>\n<p><span>Spole\u010dn\u00e1 operace bude testov\u00e1na na t\u0159ech \u00farovn\u00edch velen\u00ed a \u0161t\u00e1bu: strategick\u00e9, taktick\u00e9 a opera\u010dn\u00ed.<\/span><\/p>\n<p><span>Cvi\u010den\u00ed zahrnuj\u00ed nasazen\u00ed bojov\u00e9 skupiny slo\u017een\u00e9 z horsk\u00e9 p\u011bchoty, lehk\u00e9\/pos\u00edlen\u00e9 p\u011bchoty, zdravotnick\u00fdch prvk\u016f Medical Task Force (MED TF) a rakousk\u00e9ho praporu bojov\u00e9 podpory.<\/span><\/p>\n<p><span>Mnohon\u00e1rodn\u00edho cvi\u010den\u00ed se z\u00fa\u010dastn\u00ed Rakousko, Belgie, N\u011bmecko, \u0158ecko, \u0160pan\u011blsko, Francie, Ma\u010farsko, Chorvatsko, Irsko, Lucembursko, Litva, Nizozemsko, Polsko, Rumunsko a \u0160v\u00e9dsko.<\/span><\/p>\n<p><span>EU uspo\u0159\u00e1dala sv\u00e9 posledn\u00ed \u017eiv\u00e9 cvi\u010den\u00ed ve \u0160pan\u011blsku v roce 2023 s odvol\u00e1n\u00edm na \u00fadajnou bezpe\u010dnostn\u00ed hrozbu ze strany Ruska. Prezident Vladimir Putin\u00a0<\/span><a href=\"https:\/\/sputnikglobe.com\/20240327\/claims-about-russias-alleged-plan-to-attack-europe-after-ukraine-are-nonsense---putin-1117592612.html#:~:text=Putin%20Dismisses%20%27Nonsense%27%20Claims%20of%20Alleged%20Russian%20Plan%20to%20Attack%20Europe%20After%20Ukraine\" target=\"_blank\" rel=\"noreferrer noopener\"><span>tato tvrzen\u00ed odm\u00edtl jako nepodlo\u017een\u00e1<\/span><\/a><span>\u00a0a ozna\u010dil je za taktiku, jak uv\u00e9st ve\u0159ejnost v omyl a ospravedlnit vy\u0161\u0161\u00ed vojensk\u00e9 v\u00fddaje.<\/span><\/p>\n<\/div>\n<\/div>\n<div class=\"elementor-element elementor-element-8c57238 quelle dc-has-condition dc-condition-empty elementor-widget elementor-widget-heading\" data-id=\"8c57238\" data-element_type=\"widget\" data-widget_type=\"heading.default\">\n<div class=\"elementor-widget-container\">\n<h3 class=\"elementor-heading-title elementor-size-default\"><span style=\"font-size: 10pt;\"><a href=\"https:\/\/sputnikglobe.com\/20241115\/what-are-eu-rapid-deployment-forces--goals-of-upcoming-drills---1120894523.html\" target=\"_blank\" rel=\"nofollow noopener\">Zdroj<\/a><\/span><\/h3>\n<p>&nbsp;<\/p>\n<\/div>\n<\/div>\n","protected":false},"excerpt":{"rendered":"<p>Patn\u00e1ct \u010dlensk\u00fdch zem\u00ed EU a p\u0159es 1700 voj\u00e1k\u016f se podle Evropsk\u00e9 slu\u017eby pro vn\u011bj\u0161\u00ed \u010dinnost&#8230;<\/p>\n","protected":false},"author":2,"featured_media":1818,"comment_status":"closed","ping_status":"closed","sticky":false,"template":"","format":"standard","meta":[],"categories":[7],"tags":[80,304,41],"_links":{"self":[{"href":"https:\/\/www.infokuryr.cz\/n\/wp-json\/wp\/v2\/posts\/66512"}],"collection":[{"href":"https:\/\/www.infokuryr.cz\/n\/wp-json\/wp\/v2\/posts"}],"about":[{"href":"https:\/\/www.infokuryr.cz\/n\/wp-json\/wp\/v2\/types\/post"}],"author":[{"embeddable":true,"href":"https:\/\/www.infokuryr.cz\/n\/wp-json\/wp\/v2\/users\/2"}],"replies":[{"embeddable":true,"href":"https:\/\/www.infokuryr.cz\/n\/wp-json\/wp\/v2\/comments?post=66512"}],"version-history":[{"count":0,"href":"https:\/\/www.infokuryr.cz\/n\/wp-json\/wp\/v2\/posts\/66512\/revisions"}],"wp:featuredmedia":[{"embeddable":true,"href":"https:\/\/www.infokuryr.cz\/n\/wp-json\/wp\/v2\/media\/1818"}],"wp:attachment":[{"href":"https:\/\/www.infokuryr.cz\/n\/wp-json\/wp\/v2\/media?parent=66512"}],"wp:term":[{"taxonomy":"category","embeddable":true,"href":"https:\/\/www.infokuryr.cz\/n\/wp-json\/wp\/v2\/categories?post=66512"},{"taxonomy":"post_tag","embeddable":true,"href":"https:\/\/www.infokuryr.cz\/n\/wp-json\/wp\/v2\/tags?post=66512"}],"curies":[{"name":"wp","href":"https:\/\/api.w.org\/{rel}","templated":true}]}}