{"id":66488,"date":"2024-11-19T06:52:57","date_gmt":"2024-11-19T05:52:57","guid":{"rendered":"https:\/\/www.infokuryr.cz\/n\/?p=66488"},"modified":"2024-11-19T06:52:57","modified_gmt":"2024-11-19T05:52:57","slug":"borrell-z-eu-potvrzuje-ze-usa-potvrdily-pouziti-ukrajine-rakety-dlouheho-doletu","status":"publish","type":"post","link":"https:\/\/www.infokuryr.cz\/n\/2024\/11\/19\/borrell-z-eu-potvrzuje-ze-usa-potvrdily-pouziti-ukrajine-rakety-dlouheho-doletu\/","title":{"rendered":"Borrell z EU potvrzuje, \u017ee USA potvrdily pou\u017eit\u00ed Ukrajin\u011b rakety dlouh\u00e9ho doletu"},"content":{"rendered":"<div id=\"fb-root\"><\/div>\n<p><span style=\"font-size: 18pt;\"><strong>Bidenova administrativa povolila pou\u017eit\u00ed raket vyroben\u00fdch v USA s dosahem 300 km k \u00faderu hluboko do Ruska, \u0159ekl nejvy\u0161\u0161\u00ed diplomat bloku<\/strong><\/span><\/p>\n<p>Odch\u00e1zej\u00edc\u00ed \u0161\u00e9f EU pro zahrani\u010dn\u00ed politiku Josep Borrell potvrdil zpr\u00e1vy, \u017ee Washington zru\u0161il omezen\u00ed na Ukrajinu v pou\u017e\u00edv\u00e1n\u00ed raket dlouh\u00e9ho doletu dodan\u00fdch USA proti c\u00edl\u016fm hluboko uvnit\u0159 Ruska. Tento krok by znamenal z\u00e1sadn\u00ed posun v politice Washingtonu ohledn\u011b ukrajinsk\u00e9ho konfliktu.<\/p>\n<p>List The New York Times v ned\u011bli s odvol\u00e1n\u00edm na nejmenovan\u00e9 americk\u00e9 p\u0159edstavitele uvedl, \u017ee americk\u00fd prezident Joe Biden \u00fadajn\u011b zru\u0161il omezen\u00ed pro ukrajinsk\u00e9 pou\u017e\u00edv\u00e1n\u00ed raket ATACMS.<\/p>\n<p>Borrell byl po\u017e\u00e1d\u00e1n, aby se ke zpr\u00e1v\u00e1m a na\u010dasov\u00e1n\u00ed Bidenova \u00fadajn\u00e9ho rozhodnut\u00ed vyj\u00e1d\u0159il b\u011bhem pond\u011bln\u00ed tiskov\u00e9 konference.<\/p>\n<p>B\u00edl\u00fd d\u016fm \u201epovolil pou\u017eit\u00ed sv\u00fdch zbran\u00ed v okruhu a\u017e 300 km (k z\u00e1sahu) na rusk\u00e1 \u00fazem\u00ed,\u201c \u0159ekl novin\u00e1\u0159\u016fm podle n\u011bkolika m\u00e9di\u00ed.<\/p>\n<p>&#8222;Nen\u00ed to tolik, pokud jde o vzd\u00e1lenost, nesah\u00e1 to hluboko do zem\u011b, ale je to rozhodnut\u00ed Bidenovy administrativy,&#8220; \u0159ekl nejvy\u0161\u0161\u00ed diplomat EU. Poznamenal, \u017ee Bidenova administrativa \u201edlouhou dobu \u0159\u00edkala \u201ane\u2018 a pak nakonec \u0159\u00edkaj\u00ed ano.<\/p>\n<p>Kreml reaguje na Biden\u016fv krok na Ukrajin\u011b\u010cT\u011aTE V\u00cdCE: Kreml reaguje na Biden\u016fv krok na Ukrajin\u011b<br \/>\n\u201ePro\u010d se tak rozhodli nyn\u00ed a ne p\u0159ed (prezidentsk\u00fdmi) volbami? Nev\u00edm,\u201c \u0159ekl Borrell.<\/p>\n<p>A\u017e dosud bylo pou\u017e\u00edv\u00e1n\u00ed z\u00e1padn\u00edch zbran\u00ed dlouh\u00e9ho doletu proti mezin\u00e1rodn\u011b uzn\u00e1van\u00e9mu rusk\u00e9mu \u00fazem\u00ed zak\u00e1z\u00e1no podporovateli Kyjeva z obav, \u017ee by to mohlo v\u00e9st k eskalaci nep\u0159\u00e1telstv\u00ed.<\/p>\n<p>V pond\u011bl\u00ed mluv\u010d\u00ed americk\u00e9ho ministerstva zahrani\u010d\u00ed Matthew Miller \u0159ekl, \u017ee nem\u016f\u017ee \u201epotvrdit \u017e\u00e1dn\u00e9 zm\u011bny v politice\u201c.<\/p>\n<p>Borrell byl tak\u00e9 dot\u00e1z\u00e1n na postoje \u010dlensk\u00fdch st\u00e1t\u016f EU k t\u00e9to z\u00e1le\u017eitosti s t\u00edm, \u017ee se o tom diskutovalo, ale jde o \u201en\u00e1rodn\u00ed rozhodnut\u00ed\u201c a ka\u017ed\u00fd \u010dlensk\u00fd st\u00e1t p\u0159ijme rozhodnut\u00ed, a\u017e bude p\u0159ipraven.<\/p>\n<p>&#8222;Dnes o tom nebylo rozhodnuto,&#8220; uvedl.Francouzsk\u00fd den\u00edk Le Figaro v ned\u011bli tak\u00e9 uvedl, \u017ee Francie a Spojen\u00e9 kr\u00e1lovstv\u00ed n\u00e1sledovaly p\u0159\u00edklad Washingtonu a rozhodly se povolit \u00fadery sv\u00fdmi zbran\u011bmi hluboko uvnit\u0159 Ruska. Den\u00edk v\u0161ak pozd\u011bji smazal sv\u00e9 tvrzen\u00ed, \u017ee zem\u011b povolily pou\u017eit\u00ed st\u0159el SCALP\/Storm Shadow pro takov\u00e9 \u00fatoky.<\/p>\n<p>Ministr zahrani\u010d\u00ed Jean-Noel Barrot v pond\u011bl\u00ed novin\u00e1\u0159\u016fm \u0159ekl, \u017ee Pa\u0159\u00ed\u017e st\u00e1le zva\u017euje, zda Ukrajin\u011b povol\u00ed zam\u011b\u0159it rusk\u00e9 \u00fazem\u00ed raketami dodan\u00fdmi z Francie.<\/p>\n<p>Rusk\u00fd prezident Vladimir Putin varoval z\u00e1padn\u00ed zem\u011b, aby nedovolily Ukrajin\u011b pou\u017e\u00edt jejich zbran\u011b dlouh\u00e9ho doletu k \u00faderu na Rusko, a poznamenal, \u017ee by to mohlo v\u00e9st k p\u0159\u00edm\u00e9 konfrontaci a mo\u017en\u00e1 i jadern\u00e9 v\u00e1lce. Argumentoval t\u00edm, \u017ee Kyjev by nebyl schopen takov\u00e9 \u00fatoky prov\u00e9st s\u00e1m, proto\u017ee takov\u00e9 \u00fatoky se spol\u00e9haj\u00ed na \u00fadaje o c\u00edlen\u00ed poskytnut\u00e9 NATO.<\/p>\n<p><img decoding=\"async\" loading=\"lazy\" class=\"alignnone size-full wp-image-1185\" src=\"http:\/\/www.infokuryr.cz\/n\/wp-content\/uploads\/2021\/04\/kuryr-podpis.png\" alt=\"\" width=\"84\" height=\"24\" \/><\/p>\n<p>&nbsp;<\/p>\n","protected":false},"excerpt":{"rendered":"<p>Bidenova administrativa povolila pou\u017eit\u00ed raket vyroben\u00fdch v USA s dosahem 300 km k \u00faderu hluboko&#8230;<\/p>\n","protected":false},"author":2,"featured_media":37370,"comment_status":"closed","ping_status":"closed","sticky":false,"template":"","format":"standard","meta":[],"categories":[7],"tags":[6276,349,37],"_links":{"self":[{"href":"https:\/\/www.infokuryr.cz\/n\/wp-json\/wp\/v2\/posts\/66488"}],"collection":[{"href":"https:\/\/www.infokuryr.cz\/n\/wp-json\/wp\/v2\/posts"}],"about":[{"href":"https:\/\/www.infokuryr.cz\/n\/wp-json\/wp\/v2\/types\/post"}],"author":[{"embeddable":true,"href":"https:\/\/www.infokuryr.cz\/n\/wp-json\/wp\/v2\/users\/2"}],"replies":[{"embeddable":true,"href":"https:\/\/www.infokuryr.cz\/n\/wp-json\/wp\/v2\/comments?post=66488"}],"version-history":[{"count":0,"href":"https:\/\/www.infokuryr.cz\/n\/wp-json\/wp\/v2\/posts\/66488\/revisions"}],"wp:featuredmedia":[{"embeddable":true,"href":"https:\/\/www.infokuryr.cz\/n\/wp-json\/wp\/v2\/media\/37370"}],"wp:attachment":[{"href":"https:\/\/www.infokuryr.cz\/n\/wp-json\/wp\/v2\/media?parent=66488"}],"wp:term":[{"taxonomy":"category","embeddable":true,"href":"https:\/\/www.infokuryr.cz\/n\/wp-json\/wp\/v2\/categories?post=66488"},{"taxonomy":"post_tag","embeddable":true,"href":"https:\/\/www.infokuryr.cz\/n\/wp-json\/wp\/v2\/tags?post=66488"}],"curies":[{"name":"wp","href":"https:\/\/api.w.org\/{rel}","templated":true}]}}