{"id":66390,"date":"2024-11-18T00:33:50","date_gmt":"2024-11-17T23:33:50","guid":{"rendered":"https:\/\/www.infokuryr.cz\/n\/?p=66390"},"modified":"2024-11-17T15:17:10","modified_gmt":"2024-11-17T14:17:10","slug":"petr-kral-washingtonske-jaro-nadeje","status":"publish","type":"post","link":"https:\/\/www.infokuryr.cz\/n\/2024\/11\/18\/petr-kral-washingtonske-jaro-nadeje\/","title":{"rendered":"Petr Kr\u00e1l: Washingtonsk\u00e9 jaro nad\u011bje"},"content":{"rendered":"<div id=\"fb-root\"><\/div>\n<p><strong>Petr Fiala si tento t\u00fdden telefonoval s\u00a0nov\u011b zvolen\u00fdm americk\u00fdm prezidentem Donaldem Trumpem a hovor ozna\u010dil za v\u00fdborn\u00fd. Co tato informace znamen\u00e1? Fiala, kter\u00fd je u ob\u010dan\u016f extr\u00e9mn\u011b nepopul\u00e1rn\u00ed se sna\u017e\u00ed vl\u00edsat do p\u0159\u00edzn\u011b mocn\u00fdch. Nov\u00fd americk\u00fd prezident toti\u017e vyvolal paniku u bruselsk\u00fdch ba\u017ein i u jejich \u010desk\u00fdch kolaborant\u016f.<\/strong><\/p>\n<h2>Raduj\u00ed se Klaus, Orb\u00e1n, Fico, Dugin a Medved\u011bv<\/h2>\n<p>Pra\u017esk\u00e1 kav\u00e1rna se vyd\u011bsila a n\u011bkte\u0159\u00ed jej\u00ed p\u0159edstavitel\u00e9 dostali hysterick\u00fd z\u00e1chvat, a tak jako Bob Kartouz p\u00ed\u0161\u00ed na seznamu o tot\u00e1ln\u00ed katastrof\u011b, kter\u00e1 se zvolen\u00edm Trumpa postihla Z\u00e1pad. V\u00a0\u010dl\u00e1nku \u201e<i>Trump jako nejv\u011bt\u0161\u00ed prohra demokracie ve 21. stolet\u00ed: \u010cesko zchudne a bude v\u00edce ohro\u017eeno<\/i>\u201c, mimo jin\u00e9 lk\u00e1: \u201e<i>Na\u0161e bezpe\u010dnost, ekonomick\u00e1 situace Evropy a zejm\u00e9na budoucnost demokracie jsou v rukou \u010dlov\u011bka, kter\u00fd nev\u00e1hal po\u0161tvat l\u016fzu proti demokracii. Spole\u010dn\u011b s n\u00edm se c\u00edt\u00ed jako v\u00edt\u011bzov\u00e9 Klaus, Orb\u00e1n, Fico, Dugin a Medved\u011bv.<\/i>\u201c<\/p>\n<p>Kartouz, kter\u00fd pat\u0159\u00ed k\u00a0fanatick\u00fdm stoupenc\u016fm Fialovy vl\u00e1dy a je tak\u00e9 \u0161edou eminenc\u00ed na ministerstvu \u0161kolstv\u00ed, pak d\u00e1v\u00e1 pr\u016fchod sv\u00e9mu hn\u011bvu. \u201e<i>Jestli n\u011bkdo up\u0159ednost\u0148uje notorick\u00e9ho lh\u00e1\u0159e, hoch\u0161taplera, ubo\u017e\u00e1ka, kter\u00fd sexu\u00e1ln\u011b \u00fato\u010d\u00ed na \u017eeny, parazita demokracie, jen\u017e demokracii po\u0161kozuje vylhanou demagogi\u00ed o zmanipulovan\u00fdch volb\u00e1ch, protorasistu z\u00e1m\u011brn\u011b d\u00e9monizuj\u00edc\u00edho imigranty a mluv\u00edc\u00edho jazykem nacist\u016f, nevzd\u011blan\u00e9ho elit\u00e1\u0159e se sm\u011b\u0161n\u00fdm nevkusem vypov\u00eddaj\u00edc\u00edm o osobnostn\u00ed poru\u0161e, je politov\u00e1n\u00edhodn\u00fd bez ohledu na d\u016fvody, kter\u00e9 ho k tomu vedou. Jestli je takov\u00fd \u010dlov\u011bk v politick\u00e9 pozici, je nebezpe\u010dn\u00fd pro spole\u010dnost.<\/i>\u201c<\/p>\n<p>Krom\u011b takov\u00fdchto a podobn\u00fdch reakc\u00ed m\u016f\u017eeme ale tak\u00e9 zaznamenat opatrn\u00fd postoj kav\u00e1rny, kter\u00fd p\u0159ipom\u00edn\u00e1 postoj komunistick\u00e9 nomenklatury t\u011bsn\u011b po listopadu 1989, kdy mnoz\u00ed z komunistick\u00e9 v\u011brchu\u0161ky byli uji\u0161\u0165ov\u00e1ni, \u017ee nebude tak zle, nebo\u0165 glob\u00e1ln\u00ed procesy po\u010d\u00edtaj\u00ed i s\u00a0nimi, jen je t\u0159eba odhodit nejen rud\u00e9 kn\u00ed\u017eky, ale tak\u00e9 stereotypy v\u010detn\u011b t\u011bch jako je d\u016fraz na tradi\u010dn\u00ed rodinu, kter\u00e1 je z\u00e1kladem st\u00e1tu a tak\u00e9 na n\u00e1rod a st\u00e1t.<\/p>\n<h2>Fiala se Trumpovi dovolal<\/h2>\n<p>I kdy\u017e tomu mnoz\u00ed z\u00a0komunistick\u00e9 nomenklatury, \u00fapln\u011b nerozum\u011bli, u\u010dinili tak, a vpluli do nov\u00e9ho re\u017eimu a stali se d\u00edky kontakt\u016fm informac\u00edm a ulit\u00fdm pen\u011bz\u016fm skute\u010dn\u00fdmi v\u00edt\u011bzi listopadov\u00e9ho p\u0159evratu. Stejn\u011b tak dnes se mnoz\u00ed z\u00a0vl\u00e1dn\u00ed garnitury ohl\u00ed\u017eej\u00ed jeden po druh\u00e9m a ptaj\u00ed se, jestli plat\u00ed, co \u0159\u00edk\u00e1 Kartouz a co platilo je\u0161t\u011b v\u010dera, kdy Petr Pavel s\u00a0jeho loutkovodi\u010dem Kol\u00e1\u0159em ozna\u010dovali Trumpa za odpudivou bytost a spolu s\u00a0ostatn\u00edmi nepokryt\u011b fandili Harrisov\u00e9, nebo zda Fiala ur\u010dil telefon\u00e1tem nov\u00fd kurs.<\/p>\n<p>Pr\u00e1v\u011b v\u00a0t\u00e9to perspektiv\u011b je t\u0159eba nahl\u00ed\u017eet na telefon\u00e1t neobl\u00edben\u00e9ho premi\u00e9ra s\u00a0v\u00edt\u011bzem americk\u00fdch voleb. Pr\u00e1v\u011b aby uklidnil arm\u00e1du sluh\u016f liber\u00e1ln\u011b \u2013 demokratick\u00e9 nomenklatury uskute\u010dnil p\u0159edem domluven\u00fd zdvo\u0159ilostn\u00ed telefon\u00e1t o kter\u00e9m Trump ani neinformoval, nebo\u0165 jej bere jako povinnou \u00falitbu. Zato Fiala n\u00e1m m\u016f\u017ee namluvit co chce a ze zdvo\u0159ilostn\u00ed p\u011btiminutovky n\u00e1m navypr\u00e1v\u00ed p\u0159\u00edb\u011bh o v\u00fdborn\u00e9m rozhovoru o Ukrajin\u011b a vzpom\u00ednk\u00e1ch Trumpa na Prahu.<\/p>\n<p>Zaj\u00edmav\u011bj\u0161\u00ed ne\u017e zdvo\u0159ilostn\u00ed obsah rozhovoru sluhy s\u00a0nov\u00fdm p\u00e1nem (sou\u010dasn\u00e1 vl\u00e1dn\u00ed garnitura a na n\u00ed nav\u00e1zan\u00e1 arm\u00e1da byrokracie, je jen p\u0159evodovou p\u00e1kou americk\u00fdch a bruselsk\u00fdch z\u00e1jm\u016f) je, kudy se Fiala k\u00a0nov\u00e9mu vl\u00e1dci Z\u00e1padu probojoval. Je velmi pravd\u011bpodobn\u00e9, \u017ee hovor zprost\u0159edkoval Fial\u016fv loutkovodi\u010d poradce pro bezpe\u010dnostn\u00ed ot\u00e1zky Tom\u00e1\u0161 Pojar, kter\u00fd se u\u017e p\u0159ed volbou nenechal vyv\u00e9st z m\u00edry a poukazoval v\u00a0rozhovorech na to, \u017ee zvolen\u00ed Trumpa, nebude \u017e\u00e1dn\u00e1 trag\u00e9die a \u017ee bude t\u0159eba se s nov\u00fdm v\u016fdcem domluvit.<\/p>\n<h2>Kardin\u00e1l Richelie \u010desk\u00e9 politiky Tom\u00e1\u0161 Pojar<\/h2>\n<p>Pr\u00e1v\u011b Pojar pat\u0159\u00ed k\u00a0architekt\u016fm bezpe\u010dnostn\u00ed strategie sou\u010dasn\u00e9 \u010desk\u00e9 vl\u00e1dy, kter\u00e1 spolu s\u00a0pobaltsk\u00fdmi zem\u011bmi a Polskem pat\u0159\u00ed k\u00a0protirusk\u00fdm jest\u0159\u00e1b\u016fm v\u00a0Evrop\u011b a st\u00e1l i za prvn\u00ed PR cestou Fialy do Kyjeva po zah\u00e1jen\u00ed SVO, kter\u00e1 do zna\u010dn\u00e9 m\u00edry ur\u010dila nov\u00fd kurs v\u00e1haj\u00edc\u00ed Evropy k\u00a0bojuj\u00edc\u00ed Ukrajin\u011b.<\/p>\n<p>\u010c\u00edm si v\u0161ak tento kardin\u00e1l Richelie sou\u010dasn\u00e9 \u010desk\u00e9 politiky vyslou\u017eil ostruhy, \u017ee m\u00e1 p\u0159\u00edstup k\u00a0imperi\u00e1ln\u00edmu dvoru? A to bez ohledu na st\u0159\u00edd\u00e1n\u00ed vl\u00e1dc\u016f v\u00a0B\u00edl\u00e9m dom\u011b. Jak\u00fdm kouzlem asi tento mu\u017e vl\u00e1dne, \u017ee m\u00e1 p\u0159\u00edstup do nejvy\u0161\u0161\u00edch pater z\u00e1padn\u00ed politiky a otev\u00edr\u00e1 tak dve\u0159e sv\u00e9mu chr\u00e1n\u011bnci Petru Fialovi?<\/p>\n<h2>\u010clov\u011bk v\u00a0t\u00edsni, ministerstvo zahrani\u010d\u00ed a Izrael<\/h2>\n<p>Abychom to pochopili mus\u00edme se pod\u00edvat zbl\u00edzka na jeho kari\u00e9ru, kter\u00e1 dob\u0159e ukazuje kudy vedou cesty do vysok\u00fdch pater moci v\u00a0na\u0161\u00ed zemi. Od roku 1995 p\u016fsobil v\u00a0neziskovce \u010clov\u011bk v t\u00edsni, kde se stal o dva roky pozd\u011bji \u0159editelem. V organizaci p\u016fsobil a\u017e do roku 2005. Za Cyrila Svobody nastoupil jako n\u00e1m\u011bstek ministra zahrani\u010dn\u00edch v\u011bc\u00ed a p\u0159e\u017eil tam Sa\u0161u Vondru a Karla Schwarzenberga. Jako prvn\u00ed n\u00e1m\u011bstek, m\u011bl na starosti bezpe\u010dnostn\u00ed ot\u00e1zky, z\u00e1le\u017eitosti EU a bilater\u00e1ln\u00ed vztahy s evropsk\u00fdmi st\u00e1ty. V letech 2010 a\u017e 2014 potom zast\u00e1val pozici velvyslance \u010cesk\u00e9 republiky v Izraeli.<\/p>\n<p>A pr\u00e1v\u011b zde mus\u00edme hledat linku, kter\u00e1 mu v\u00a0dne\u0161n\u00ed pozici poradce pro n\u00e1rodn\u00ed bezpe\u010dnost Petra Fialy otev\u00edr\u00e1 dve\u0159e do v\u0161ech salon\u016f, kde se rozhoduje o glob\u00e1ln\u00edch ot\u00e1zk\u00e1ch Evropy a USA. Jako sionista m\u00e1 pochopiteln\u011b dve\u0159e v\u0161ech z\u00e1padn\u00edch vl\u00e1d a p\u0159edpokoj\u016f l\u00f3\u017e\u00ed, kde se tvo\u0159\u00ed glob\u00e1ln\u00ed politika otev\u0159en\u00e9.<\/p>\n<p>Pr\u00e1v\u011b p\u0159es tuto linku se z\u0159ejm\u011b dostal p\u0159es sionistu Jareda Kushnera, kter\u00fd je zet\u011bm Donalda Trumpa a b\u011bhem minul\u00e9ho mand\u00e1tu byl jedn\u00edm z jeho nejd\u016fle\u017eit\u011bj\u0161\u00edch poradc\u016f pro ot\u00e1zky n\u00e1rodn\u00ed bezpe\u010dnosti, k\u00a0sou\u010dasn\u00e9mu vl\u00e1dci B\u00edl\u00e9ho domu. A pr\u00e1v\u011b na sionistickou kliku, v\u00a0okol\u00ed Trumpa spol\u00e9haj\u00ed globalist\u00e9, jako na pojistku, \u017ee nedojde k\u00a0z\u00e1sadn\u00edm zm\u011bn\u00e1m. V\u00a0Demokratick\u00e9 administrativ\u011b dr\u017eeli sionist\u00e9 tak\u00e9 rozhoduj\u00edc\u00ed pozice, tak\u017ee jejich moc je zd\u00e1nliv\u011b neot\u0159esiteln\u00e1.<\/p>\n<h2>Sestavov\u00e1n\u00ed Trumpova kabinetu<\/h2>\n<p>Jestli tomu bude stejn\u011b, i v druh\u00e9m Trumpov\u011b funk\u010dn\u00edm obdob\u00ed si mus\u00edme po\u010dkat a\u017e bude zn\u00e1ma cel\u00e1 sestava Trumpovi vl\u00e1dy, nebo\u0165 pr\u00e1v\u011b pom\u011br sionist\u016f k\u00a0ostatn\u00edm \u010dlen\u016fm kabinetu n\u00e1m mnoh\u00e9 napov\u00ed. Medi\u00e1ln\u00ed na\u0161ept\u00e1va\u010di u\u017e vid\u011bli v\u00a0nov\u00e9 vl\u00e1d\u011b globalisty \u2013 b\u00fdval\u00e9ho ministra zahrani\u010d\u00ed Mike Pompea a Nikki Haleyovou. To ov\u0161em Trump odm\u00edtl o vybral si sen\u00e1tora za Floridu a sv\u00e9ho soka z\u00a0republik\u00e1nsk\u00fdch prim\u00e1rek Marca Rubia, kter\u00fd je zn\u00e1m konzervativn\u00edmi n\u00e1zory o obhajobou tradi\u010dn\u00ed rodiny, a proti\u010d\u00ednsk\u00fdmi postoji. Co se t\u00fd\u010de Ukrajiny, je sp\u00ed\u0161e vla\u017en\u00fd, a v\u00a0sen\u00e1tu hlasoval proti dal\u0161\u00ed finan\u010dn\u00ed a vojensk\u00e9 podo\u0159e kyjevsk\u00e9 junty.<\/p>\n<p>Person\u00e1ln\u00ed \u0161\u00e9fkou B\u00edl\u00e9ho domu bude Susie Wilesov\u00e1, kter\u00e1 m\u00e1 jako mana\u017eerka jeho volebn\u00ed kampan\u011b lv\u00ed pod\u00edl na jeho v\u00edt\u011bzstv\u00ed. Jako velvyslankyni Spojen\u00fdch st\u00e1t\u016f p\u0159i OSN si Trump vybral republik\u00e1nskou \u010dlenku Sn\u011bmovny reprezentant\u016f Elise Stefanikovou. Ta sice zprvu byla velkou kriti\u010dkou nov\u011b zvolen\u00e9ho prezidenta, postupem \u010dasu se ale stala jeho velkou zast\u00e1nkyn\u00ed a nyn\u00ed dr\u017e\u00ed jeho kurs.<\/p>\n<p>D\u016fle\u017eit\u00fd post ministra obrany by m\u011bl obsadit moder\u00e1tor televize FOX News a veter\u00e1n N\u00e1rodn\u00ed gardy Pete Hegseth, kter\u00fd slou\u017eil v Afgh\u00e1nist\u00e1nu, Ir\u00e1ku a na kub\u00e1nsk\u00e9m Guant\u00e1namu. Pat\u0159\u00ed mezi kritiky NATO a s arm\u00e1dou se podle sv\u00fdch slov roze\u0161el v roce 2021 pot\u00e9, co byl ozna\u010den za extremistu kv\u016fli sv\u00fdm postoj\u016fm nam\u00ed\u0159en\u00fdm proti woke \u00fachylk\u00e1m v\u00a0arm\u00e1d\u011b.<\/p>\n<h2>Vy\u010dist\u00ed Pet Hegseth Pentagon?<\/h2>\n<p>\u201eJe mi ct\u00ed ozn\u00e1mit, \u017ee jsem nominoval Peta Hegsetha do m\u00e9ho kabinetu jako ministra obrany. Pete str\u00e1vil cel\u00fd sv\u016fj \u017eivot jako bojovn\u00edk za voj\u00e1ky a za zemi. Pete je tvrd\u00fd, chytr\u00fd a opravdov\u00fd zast\u00e1nce Ameriky na prvn\u00edm m\u00edst\u011b. Peteova ned\u00e1vn\u00e1 kniha \u201e<i>V\u00e1lka proti v\u00e1le\u010dn\u00edk\u016fm<\/i>\u201c str\u00e1vila dev\u011bt t\u00fddn\u016f na seznamu bestseller\u016f New York Times. Nikdo nebojuje tvrd\u011bji za voj\u00e1ky a Pete bude odv\u00e1\u017en\u00fdm a vlasteneck\u00fdm zast\u00e1ncem na\u0161\u00ed politiky,\u201c uvedl Trump k\u00a0jeho nominaci.<\/p>\n<p>MInisterstvo efektivity, kter\u00e9 by m\u011blo prov\u00e9st odbyrokratizov\u00e1n\u00ed st\u00e1tn\u00edho apar\u00e1tu a omezen\u00ed nehospod\u00e1rn\u00fdch v\u00fddaj\u016f povede byznysman Elon Musk spolu s ne\u00fasp\u011b\u0161n\u00fdm uchaze\u010dem o republik\u00e1nskou prezidentskou nominaci Vivikem Ramaswamym. \u0160\u00e9fem CIA, se m\u00e1 st\u00e1t b\u00fdval\u00fd \u0159editel americk\u00fdch zpravodajsk\u00fdch slu\u017eeb (DNI) John Ratcliff.<\/p>\n<p>Do \u010dela ministerstva pro vnit\u0159n\u00ed bezpe\u010dnost, kter\u00e9 mimo jin\u00e9 dohl\u00ed\u017e\u00ed na migra\u010dn\u00ed politiku \u010di sleduje teroristick\u00e9 a kybernetick\u00e9 hrozby, vybral Trump republik\u00e1nskou guvern\u00e9rku Ji\u017en\u00ed Dakoty Kristi Noemovou, kter\u00e1 je jeho velkou spojenkyn\u00ed. Za zvl\u00e1\u0161tn\u00edho vyslance pro Bl\u00edzk\u00fd v\u00fdchod si Trump vybral sv\u00e9ho dlouholet\u00e9ho p\u0159\u00edtele a realitn\u00edho investora Stevena Witkoffa.<\/p>\n<h2>Kennedy nastupuje a co Alex Jones?<\/h2>\n<p>Omezit migraci budou m\u00edt za \u00fakol dva kl\u00ed\u010dov\u00ed zast\u00e1nci tvrd\u00e9 imigra\u010dn\u00ed politiky, Stephen Miller a Tom Homan, co\u017e signalizuje, \u017ee Trump mysl\u00ed v\u00e1\u017en\u011b sv\u016fj slib zp\u0159\u00edsn\u011bn\u00ed imigrace. Homan prohl\u00e1sil, \u017ee bude up\u0159ednost\u0148ovat deportaci neleg\u00e1ln\u00edch p\u0159ist\u011bhovalc\u016f, kte\u0159\u00ed p\u0159edstavuj\u00ed hrozbu pro ve\u0159ejnou a n\u00e1rodn\u00ed bezpe\u010dnost. Ministrem spravedlnosti by se m\u011bl st\u00e1t republik\u00e1nsk\u00fd kongresman Matt Gaetz, kter\u00fd se tento t\u00fdden s okam\u017eitou platnost\u00ed vzdal k\u0159esla ve Sn\u011bmovn\u011b reprezentant\u016f.<\/p>\n<p>Na d\u016fle\u017eitou pozici poradce pro n\u00e1rodn\u00ed bezpe\u010dnost si Trump vybral republik\u00e1nsk\u00e9ho kongresmana Michaela Waltze, kter\u00fd hlasoval proti dal\u0161\u00ed pomoci Ukrajin\u011b. Vyslou\u017eil\u00fd voj\u00e1k Waltz je \u010dlenem Sn\u011bmovny reprezentant\u016f za Floridu a bude m\u00edt d\u016fle\u017eit\u00e9 slovo v\u00a0ot\u00e1zce dal\u0161\u00edho v\u00fdvoje v\u00e1lek na Ukrajin\u011b a na Bl\u00edzk\u00e9m v\u00fdchod\u011b, nebo p\u0159i vztaz\u00edch s \u010c\u00ednou. Walz ov\u0161em je\u0161t\u011b neobdr\u017eel ofici\u00e1ln\u00ed nominaci.<\/p>\n<p>Ministerstvo zdravotnictv\u00ed povede bojovn\u00edk proti covidismu a Big Pharm\u011b Robert Kennedy, kter\u00fd pat\u0159\u00ed podle ofici\u00e1ln\u00edch m\u00e9di\u00ed k\u00a0hlavn\u00edm dezinform\u00e1tor\u016fm a vyhl\u00e1sil v\u00e1lku o\u010dkovac\u00edmu pr\u016fmyslu. Na post mluv\u010d\u00edho Trumpovi administrativy by m\u011bl nastoupit \u201ekonspir\u00e1tor\u201c \u0161\u00e9fredaktor Info Wars Alex Jones. Tato nominace ale je\u0161t\u011b nen\u00ed potvrzena.<\/p>\n<h2>Washingtonsk\u00e9 jaro nad\u011bje<\/h2>\n<p>Pr\u00e1v\u011b nominace Kennedyho a pokud se potvrd\u00ed i nominace Jonese, bude d\u016fle\u017eit\u00fdm lakmusov\u00fdm pap\u00edrkem, jak bude tvrd\u00e1 Trumpova administrativa v\u016f\u010di globalistick\u00fdm ba\u017ein\u00e1m. Rozhoduj\u00edc\u00ed slovo p\u0159i v\u00fdb\u011bru kandid\u00e1t\u016f m\u00e1 \u00fadajn\u011b \u0161ed\u00e1 eminence Donald\u016fv syn Donald Trump Jr., kter\u00fd minul\u00fd t\u00fdden vzk\u00e1zal Zelensk\u00e9mu, \u017ee p\u0159ijde za 38 dn\u00ed o kapesn\u00e9.<\/p>\n<p>V\u0161echny tyto skute\u010dnosti a samoz\u0159ejm\u011b i osoba viceprezidenta J. D. Vance, kter\u00fd se tento t\u00fdden tvrd\u011b op\u0159el do cenzury v\u00a0USA a v\u00a0Evrop\u011b, ukazuj\u00ed \u017ee Trumpova administrativa, nebude t\u00edm, co ta minul\u00e1, i kdy\u017e nepochybn\u011b tam bude hr\u00e1t sionistick\u00e1 linka d\u016fle\u017eitou roli, nebude z\u0159ejm\u011b tou hlavn\u00ed lini\u00ed. Mo\u017en\u00e1 budou Pojarov\u00e9 s\u00a0Fialou a dal\u0161\u00edmi evropsk\u00fdmi globalisty p\u0159ekvapeni, \u017ee Trump mnoho slib\u016f mysl\u00ed doopravdy. Dosavadn\u00ed obsazen\u00ed vl\u00e1dn\u00edch post\u016f, nasv\u011bd\u010duje tomu, \u017ee nep\u016fjde jen o perestrojku, ale o skute\u010dnou kontrarevoluci v\u016f\u010di dosavadn\u00edmu globalistick\u00e9mu kurzu.<\/p>\n<p>Kam a\u017e ve sv\u00e9m ta\u017een\u00ed proti globlistick\u00e9 hyd\u0159e zajde uvid\u00edme p\u0159\u00ed\u0161t\u00ed rok. Ka\u017edop\u00e1dn\u011b n\u00e1s m\u016f\u017ee \u010dekat Washingtonsk\u00e9 jaro nad\u011bje.<\/p>\n<p>Do\u010dk\u00e1me se?<\/p>\n<p><a href=\"https:\/\/zvedavec.news\/komentare\/2024\/11\/10289-washingtonske-jaro-nadeje.htm\">Petr Kr\u00e1l<\/a><\/p>\n<p>&nbsp;<\/p>\n","protected":false},"excerpt":{"rendered":"<p>Petr Fiala si tento t\u00fdden telefonoval s\u00a0nov\u011b zvolen\u00fdm americk\u00fdm prezidentem Donaldem Trumpem a hovor ozna\u010dil&#8230;<\/p>\n","protected":false},"author":2,"featured_media":18724,"comment_status":"closed","ping_status":"closed","sticky":false,"template":"","format":"standard","meta":[],"categories":[6],"tags":[535,122,4151,452],"_links":{"self":[{"href":"https:\/\/www.infokuryr.cz\/n\/wp-json\/wp\/v2\/posts\/66390"}],"collection":[{"href":"https:\/\/www.infokuryr.cz\/n\/wp-json\/wp\/v2\/posts"}],"about":[{"href":"https:\/\/www.infokuryr.cz\/n\/wp-json\/wp\/v2\/types\/post"}],"author":[{"embeddable":true,"href":"https:\/\/www.infokuryr.cz\/n\/wp-json\/wp\/v2\/users\/2"}],"replies":[{"embeddable":true,"href":"https:\/\/www.infokuryr.cz\/n\/wp-json\/wp\/v2\/comments?post=66390"}],"version-history":[{"count":0,"href":"https:\/\/www.infokuryr.cz\/n\/wp-json\/wp\/v2\/posts\/66390\/revisions"}],"wp:featuredmedia":[{"embeddable":true,"href":"https:\/\/www.infokuryr.cz\/n\/wp-json\/wp\/v2\/media\/18724"}],"wp:attachment":[{"href":"https:\/\/www.infokuryr.cz\/n\/wp-json\/wp\/v2\/media?parent=66390"}],"wp:term":[{"taxonomy":"category","embeddable":true,"href":"https:\/\/www.infokuryr.cz\/n\/wp-json\/wp\/v2\/categories?post=66390"},{"taxonomy":"post_tag","embeddable":true,"href":"https:\/\/www.infokuryr.cz\/n\/wp-json\/wp\/v2\/tags?post=66390"}],"curies":[{"name":"wp","href":"https:\/\/api.w.org\/{rel}","templated":true}]}}