{"id":66380,"date":"2024-11-18T00:38:53","date_gmt":"2024-11-17T23:38:53","guid":{"rendered":"https:\/\/www.infokuryr.cz\/n\/?p=66380"},"modified":"2024-11-17T15:28:05","modified_gmt":"2024-11-17T14:28:05","slug":"dalsi-rakety-a-drony-zasahly-izrael","status":"publish","type":"post","link":"https:\/\/www.infokuryr.cz\/n\/2024\/11\/18\/dalsi-rakety-a-drony-zasahly-izrael\/","title":{"rendered":"Dal\u0161\u00ed rakety a drony zas\u00e1hly Izrael"},"content":{"rendered":"<div id=\"fb-root\"><\/div>\n<p><strong>Dva samostatn\u00e9 \u00fatoky bezpilotn\u00edmi letouny a raketami zam\u00ed\u0159ily 17. listopadu na severn\u00ed Izrael, p\u0159i\u010dem\u017e jeden byl vypu\u0161t\u011bn z Ir\u00e1ku a druh\u00fd z Libanonu.<\/strong><\/p>\n<p>Izraelsk\u00e9 obrann\u00e9 s\u00edly (IDF) r\u00e1no uvedly, \u017ee sebevra\u017eedn\u00fd dron vypu\u0161t\u011bn\u00fd na Izrael \u201ez v\u00fdchodu\u201c, co\u017e je k\u00f3d pro Ir\u00e1k, byl zachycen protivzdu\u0161nou obranou nad ji\u017en\u00edm Izraelem. V Yavne, Ness Zion\u011b a n\u011bkolika dal\u0161\u00edch osad\u00e1ch se rozezn\u011bly varovn\u00e9 sir\u00e9ny.<\/p>\n<p>Zat\u00edmco IDF uvedla, \u017ee dron byl sest\u0159elen, z\u00e1b\u011bry zve\u0159ejn\u011bn\u00e9 na soci\u00e1ln\u00edch s\u00edt\u00edch uk\u00e1zaly oblak kou\u0159e nad ant\u00e9nn\u00ed farmou komunika\u010dn\u00ed spole\u010dnosti Bezeq pobl\u00ed\u017e osady Rehovot. Hebrejsk\u00e1 m\u00e9dia nehl\u00e1sila \u017e\u00e1dn\u00e9 ob\u011bti.<\/p>\n<p>\u00datok byl pravd\u011bpodobn\u011b proveden Isl\u00e1msk\u00fdm odporem v Ir\u00e1ku, kter\u00fd o den d\u0159\u00edve zah\u00e1jil asi sedm bezpilotn\u00edch \u00fatok\u016f proti Izraeli.<\/p>\n<p><iframe loading=\"lazy\" src=\"https:\/\/s5.cdnstatic.space\/wp-content\/uploads\/2024\/11\/IMG_3849.mp4\" width=\"600\" height=\"338\" data-mce-fragment=\"1\"><\/iframe><\/p>\n<p><iframe loading=\"lazy\" src=\"https:\/\/s5.cdnstatic.space\/wp-content\/uploads\/2024\/11\/IMG_3852.mp4\" width=\"600\" height=\"338\" data-mce-fragment=\"1\"><\/iframe><\/p>\n<p>Pozd\u011bji t\u011bsn\u011b p\u0159ed polednem IDF uvedla, \u017ee z Libanonu byla na Z\u00e1padn\u00ed Galileu a m\u011bsto Haifa vypu\u0161t\u011bna palba asi 20 raket.<\/p>\n<p>N\u011bkter\u00e9 z raket byly zachyceny protivzdu\u0161nou obranou, zat\u00edmco ostatn\u00ed zas\u00e1hly otev\u0159en\u00e9 oblasti, podle arm\u00e1dy, kter\u00e1 uvedla, \u017ee \u00fatok si nevy\u017e\u00e1dal \u017e\u00e1dn\u00e9 ob\u011bti. Byly tak\u00e9 zve\u0159ejn\u011bny videoz\u00e1znamy ukazuj\u00edc\u00ed n\u011bkolik \u00fasp\u011b\u0161n\u00fdch odposlech\u016f.<\/p>\n<p>K odpov\u011bdnosti se pozd\u011bji p\u0159ihl\u00e1sil Hizball\u00e1h a v prohl\u00e1\u0161en\u00ed uvedl, \u017ee ost\u0159eloval oblast Krayot, kter\u00e1 se nach\u00e1z\u00ed p\u0159\u00edmo na sever od Haify.<\/p>\n<p><iframe loading=\"lazy\" src=\"https:\/\/s5.cdnstatic.space\/wp-content\/uploads\/2024\/11\/twitsave.com_zMMzLIDN82-U_vwk.mp4\" width=\"600\" height=\"338\" data-mce-fragment=\"1\"><\/iframe><\/p>\n<p>Raketov\u00e9 a bezpilotn\u00ed \u00fatoky jsou pravideln\u011b zam\u011b\u0159eny na Izrael od vypuknut\u00ed v\u00e1lky v p\u00e1smu Gazy v \u0159\u00edjnu lo\u0148sk\u00e9ho roku, p\u0159i\u010dem\u017e n\u011bkter\u00e9 drony byly vypu\u0161t\u011bny a\u017e z Ir\u00e1ku a Jemenu. \u00datoky vzrostly pot\u00e9, co IDF eskalovaly sv\u00e9 operace proti Hizball\u00e1hu v Libanonu.<\/p>\n<p>Zat\u00edmco mnoho z t\u011bchto \u00fatok\u016f bylo \u00fasp\u011b\u0161n\u00fdch, je t\u011b\u017ek\u00e9 odhadnout, kolik ztr\u00e1t zp\u016fsobila p\u0159\u00edsn\u00e1 vojensk\u00e1 cenzura v Izraeli.<\/p>\n<p><img decoding=\"async\" loading=\"lazy\" class=\"alignnone size-full wp-image-1185\" src=\"http:\/\/www.infokuryr.cz\/n\/wp-content\/uploads\/2021\/04\/kuryr-podpis.png\" alt=\"\" width=\"84\" height=\"24\" \/><\/p>\n<p>&nbsp;<\/p>\n","protected":false},"excerpt":{"rendered":"<p>Dva samostatn\u00e9 \u00fatoky bezpilotn\u00edmi letouny a raketami zam\u00ed\u0159ily 17. listopadu na severn\u00ed Izrael, p\u0159i\u010dem\u017e jeden&#8230;<\/p>\n","protected":false},"author":2,"featured_media":25353,"comment_status":"closed","ping_status":"closed","sticky":false,"template":"","format":"standard","meta":[],"categories":[7],"tags":[107,349,1863,5135],"_links":{"self":[{"href":"https:\/\/www.infokuryr.cz\/n\/wp-json\/wp\/v2\/posts\/66380"}],"collection":[{"href":"https:\/\/www.infokuryr.cz\/n\/wp-json\/wp\/v2\/posts"}],"about":[{"href":"https:\/\/www.infokuryr.cz\/n\/wp-json\/wp\/v2\/types\/post"}],"author":[{"embeddable":true,"href":"https:\/\/www.infokuryr.cz\/n\/wp-json\/wp\/v2\/users\/2"}],"replies":[{"embeddable":true,"href":"https:\/\/www.infokuryr.cz\/n\/wp-json\/wp\/v2\/comments?post=66380"}],"version-history":[{"count":0,"href":"https:\/\/www.infokuryr.cz\/n\/wp-json\/wp\/v2\/posts\/66380\/revisions"}],"wp:featuredmedia":[{"embeddable":true,"href":"https:\/\/www.infokuryr.cz\/n\/wp-json\/wp\/v2\/media\/25353"}],"wp:attachment":[{"href":"https:\/\/www.infokuryr.cz\/n\/wp-json\/wp\/v2\/media?parent=66380"}],"wp:term":[{"taxonomy":"category","embeddable":true,"href":"https:\/\/www.infokuryr.cz\/n\/wp-json\/wp\/v2\/categories?post=66380"},{"taxonomy":"post_tag","embeddable":true,"href":"https:\/\/www.infokuryr.cz\/n\/wp-json\/wp\/v2\/tags?post=66380"}],"curies":[{"name":"wp","href":"https:\/\/api.w.org\/{rel}","templated":true}]}}