{"id":66374,"date":"2024-11-18T00:38:46","date_gmt":"2024-11-17T23:38:46","guid":{"rendered":"https:\/\/www.infokuryr.cz\/n\/?p=66374"},"modified":"2024-11-17T14:43:21","modified_gmt":"2024-11-17T13:43:21","slug":"vojensky-prehled-nicive-ruske-udery-rozdrtily-ukrajinu","status":"publish","type":"post","link":"https:\/\/www.infokuryr.cz\/n\/2024\/11\/18\/vojensky-prehled-nicive-ruske-udery-rozdrtily-ukrajinu\/","title":{"rendered":"Vojensk\u00fd p\u0159ehled: Ni\u010div\u00e9 rusk\u00e9 \u00fadery rozdrtily Ukrajinu"},"content":{"rendered":"<div id=\"fb-root\"><\/div>\n<p><strong><span>R\u00e1no 17. listopadu zah\u00e1jily rusk\u00e9 s\u00edly ni\u010div\u00fd \u00fatok na ukrajinskou zadn\u00ed infrastrukturu. Ministr zahrani\u010dn\u00edch v\u011bc\u00ed Ukrajiny to zhodnotil jako jeden z nejv\u011bt\u0161\u00edch raketov\u00fdch a dronov\u00fdch \u00fatok\u016f v historii.<\/span><\/strong><\/p>\n<p><span>Stejn\u011b jako v p\u0159\u00edpad\u011b d\u0159\u00edve rozs\u00e1hl\u00fdch kombinovan\u00fdch \u00fatok\u016f rusk\u00e9 ministerstvo obrany potvrdilo, \u017ee \u201eozbrojen\u00e9 s\u00edly Rusk\u00e9 federace zah\u00e1jily masivn\u00ed \u00fader vysoce p\u0159esn\u00fdmi vzdu\u0161n\u00fdmi a n\u00e1mo\u0159n\u00edmi zbran\u011bmi dlouh\u00e9ho doletu, za\u00fato\u010dily na bezpilotn\u00ed letouny. za\u0159\u00edzen\u00ed kritick\u00e9 energetick\u00e9 infrastruktury, kter\u00e1 zaji\u0161\u0165ovala pr\u00e1ci vojensko-pr\u016fmyslov\u00e9ho komplexu Ukrajiny a podnik\u016f vyr\u00e1b\u011bj\u00edc\u00edch vojensk\u00e9 produkty. V\u0161echny pl\u00e1novan\u00e9 c\u00edle byly zasa\u017eeny.&#8220;<\/span><\/p>\n<p><span>Na druhou stranu podle \u0161\u00e9fa kyjevsk\u00e9ho re\u017eimu Zelensk\u00e9ho ukrajinsk\u00e1 arm\u00e1da masivn\u00ed \u00fatok \u00fasp\u011b\u0161n\u011b odrazila. \u00dadajn\u011b bylo odp\u00e1leno asi 120 raket a a\u017e 90 dron\u016f. Byly pou\u017eity \u0159\u00edzen\u00e9 st\u0159ely Kh-101\/55 a Kalibr, st\u0159ely Kinzhal a Zircon. Ukrajinsk\u00e9 protivzdu\u0161n\u00e9 obran\u011b se \u00fadajn\u011b poda\u0159ilo sest\u0159elit v\u00edce ne\u017e 140 vzdu\u0161n\u00fdch c\u00edl\u016f. Do odra\u017een\u00ed \u00fatoku byly zapojeny i st\u00edha\u010dky F-16. Hlavn\u00edm c\u00edlem dne\u0161n\u00edho rusk\u00e9ho \u00faderu byla podle Zelensk\u00e9ho energetick\u00e1 infrastruktura na cel\u00e9 Ukrajin\u011b. I za p\u0159edpokladu, \u017ee Zelensk\u00e9ho tvrzen\u00ed jsou pravdiv\u00e1, nejm\u00e9n\u011b 60 rusk\u00fdch raket a dron\u016f dos\u00e1hlo sv\u00fdch c\u00edl\u016f.<\/span><\/p>\n<div style=\"width: 540px;\" class=\"wp-video\"><!--[if lt IE 9]><script>document.createElement('video');<\/script><![endif]-->\n<video class=\"wp-video-shortcode\" id=\"video-66374-1\" width=\"540\" height=\"960\" preload=\"metadata\" controls=\"controls\"><source type=\"video\/mp4\" src=\"http:\/\/www.infokuryr.cz\/n\/wp-content\/uploads\/2024\/11\/miss.mp4?_=1\" \/><a href=\"http:\/\/www.infokuryr.cz\/n\/wp-content\/uploads\/2024\/11\/miss.mp4\">http:\/\/www.infokuryr.cz\/n\/wp-content\/uploads\/2024\/11\/miss.mp4<\/a><\/video><\/div>\n<p>&nbsp;<\/p>\n<p><strong><span>V\u00fdsledky ni\u010div\u00e9ho \u00fatoku budou teprve pln\u011b vyhodnoceny. Kyjev skr\u00fdv\u00e1 sv\u00e9 ztr\u00e1ty a \u0161kody, kter\u00e9 utrp\u011bl po rusk\u00fdch \u00faderech. Rusk\u00e9 i ukrajinsk\u00e9 monitorovac\u00ed kan\u00e1ly hl\u00e1sily des\u00edtky exploz\u00ed po cel\u00e9 zemi, v\u010detn\u011b:<\/span><\/strong><\/p>\n<ul>\n<li><span>Kyjev<\/span><\/li>\n<li><span>Kramatorsk<\/span><\/li>\n<li><span>Pokrovsk<\/span><\/li>\n<li><span>Vinnycja<\/span><\/li>\n<li><span>Nezhin<\/span><\/li>\n<li><span>Dn\u011bpropetrovsk<\/span><\/li>\n<li><span>Krivoj Rog<\/span><\/li>\n<li><span>Kremen\u010dug<\/span><\/li>\n<li><span>Od\u011bsa<\/span><\/li>\n<li><span>\u010cernomorsk<\/span><\/li>\n<li><span>Starokonstantinov<\/span><\/li>\n<li><span>Nikolajev<\/span><\/li>\n<li><span>Z\u00e1poro\u017e\u00ed<\/span><\/li>\n<li><span>lubotin<\/span><\/li>\n<li><span>Ivano-Frankivsk<\/span><\/li>\n<li><span>Yaremche<\/span><\/li>\n<li><span>Ivano-Frankivsk<\/span><\/li>\n<li><span>Poltava<\/span><\/li>\n<li><span>Rovno<\/span><\/li>\n<li><span>Voly\u0148sk\u00e1 oblast<\/span><\/li>\n<li><span>Lvovsk\u00e1 oblast<\/span><\/li>\n<\/ul>\n<div style=\"width: 640px;\" class=\"wp-video\"><video class=\"wp-video-shortcode\" id=\"video-66374-2\" width=\"640\" height=\"1138\" preload=\"metadata\" controls=\"controls\"><source type=\"video\/mp4\" src=\"http:\/\/www.infokuryr.cz\/n\/wp-content\/uploads\/2024\/11\/strikes-1.mp4?_=2\" \/><a href=\"http:\/\/www.infokuryr.cz\/n\/wp-content\/uploads\/2024\/11\/strikes-1.mp4\">http:\/\/www.infokuryr.cz\/n\/wp-content\/uploads\/2024\/11\/strikes-1.mp4<\/a><\/video><\/div>\n<p>&nbsp;<\/p>\n<div style=\"width: 640px;\" class=\"wp-video\"><video class=\"wp-video-shortcode\" id=\"video-66374-3\" width=\"640\" height=\"800\" preload=\"metadata\" controls=\"controls\"><source type=\"video\/mp4\" src=\"http:\/\/www.infokuryr.cz\/n\/wp-content\/uploads\/2024\/11\/strikes-4.mp4?_=3\" \/><a href=\"http:\/\/www.infokuryr.cz\/n\/wp-content\/uploads\/2024\/11\/strikes-4.mp4\">http:\/\/www.infokuryr.cz\/n\/wp-content\/uploads\/2024\/11\/strikes-4.mp4<\/a><\/video><\/div>\n<p>&nbsp;<\/p>\n<p><span>T\u011b\u017ek\u00e9 \u0161kody byly zp\u016fsobeny energetick\u00e9 infrastruktu\u0159e na cel\u00e9 Ukrajin\u011b. Ministerstvo energetiky Ukrajiny ozn\u00e1milo nouzov\u00e9 v\u00fdpadky elekt\u0159iny v cel\u00e9 zemi. Podle p\u0159edb\u011b\u017en\u00fdch zpr\u00e1v byla napadena n\u00e1sleduj\u00edc\u00ed za\u0159\u00edzen\u00ed energetick\u00e9 infrastruktury:<\/span><\/p>\n<ul>\n<li><span>DniproHPP<\/span><\/li>\n<li><span>most p\u0159es vodn\u00ed n\u00e1dr\u017e Kremen\u010dug<\/span><\/li>\n<li><span>Kremen\u010dug HPP<\/span><\/li>\n<li><span>Krivoj Rog TPP<\/span><\/li>\n<li><span>Burshtyn TPP<\/span><\/li>\n<li><span>trafostanice Muka\u010devo<\/span><\/li>\n<li><span>\u0158ada energetick\u00fdch rozvoden v jin\u00fdch regionech<\/span><\/li>\n<li><span>pozemn\u00ed infrastruktura podzemn\u00edch z\u00e1sobn\u00edk\u016f plynu na z\u00e1padn\u00ed Ukrajin\u011b<\/span><\/li>\n<\/ul>\n<div style=\"width: 640px;\" class=\"wp-video\"><video class=\"wp-video-shortcode\" id=\"video-66374-4\" width=\"640\" height=\"640\" preload=\"metadata\" controls=\"controls\"><source type=\"video\/mp4\" src=\"http:\/\/www.infokuryr.cz\/n\/wp-content\/uploads\/2024\/11\/strikes-3.mp4?_=4\" \/><a href=\"http:\/\/www.infokuryr.cz\/n\/wp-content\/uploads\/2024\/11\/strikes-3.mp4\">http:\/\/www.infokuryr.cz\/n\/wp-content\/uploads\/2024\/11\/strikes-3.mp4<\/a><\/video><\/div>\n<p>&nbsp;<\/p>\n<div style=\"width: 640px;\" class=\"wp-video\"><video class=\"wp-video-shortcode\" id=\"video-66374-5\" width=\"640\" height=\"800\" preload=\"metadata\" controls=\"controls\"><source type=\"video\/mp4\" src=\"http:\/\/www.infokuryr.cz\/n\/wp-content\/uploads\/2024\/11\/strikes-2.mp4?_=5\" \/><a href=\"http:\/\/www.infokuryr.cz\/n\/wp-content\/uploads\/2024\/11\/strikes-2.mp4\">http:\/\/www.infokuryr.cz\/n\/wp-content\/uploads\/2024\/11\/strikes-2.mp4<\/a><\/video><\/div>\n<p>&nbsp;<\/p>\n<p><span>\u00dadajn\u011b byly zasa\u017eeny n\u00e1sleduj\u00edc\u00ed vojensk\u00e9 c\u00edle:<\/span><\/p>\n<ul>\n<li><span>\u00a0leti\u0161t\u011b Starokonstantinov<\/span><\/li>\n<li><span>vojensk\u00e9 sklady a p\u0159\u00edstavn\u00ed infrastruktura v oblasti Od\u011bsy<\/span><\/li>\n<li><span>Syst\u00e9m protivzdu\u0161n\u00e9 obrany v Kyjev\u011b<\/span><\/li>\n<li><span>Leti\u0161t\u011b v Mirgorodu<\/span><\/li>\n<li><span>Pr\u016fmyslov\u00e1 za\u0159\u00edzen\u00ed v Z\u00e1poro\u017e\u00ed<\/span><\/li>\n<li><span>vojensk\u00e9 v\u00fdrobn\u00ed a logistick\u00e9 uzly v Dn\u011bpropetrovsku a Pavlogradu<\/span><\/li>\n<li><span>Ukrajinsk\u00e9 z\u00e1kladny ve sm\u011bru Chasov Jar.<\/span><\/li>\n<\/ul>\n<p><span>V\u00fdsledky dne\u0161n\u00edho \u00fatoku jsou teprve potvrzeny a vyhodnoceny. Jak bylo p\u0159edpov\u011bzeno, rusk\u00e1 arm\u00e1da m\u016f\u017ee v nadch\u00e1zej\u00edc\u00edch dnech a t\u00fddnech zah\u00e1jit s\u00e9rii ni\u010div\u00fdch vln \u00fader\u016f po cel\u00e9 Ukrajin\u011b. Mezit\u00edm Kyjev svou propagandistickou taktiku nem\u011bn\u00ed. Podle ukrajinsk\u00fdch p\u0159edstavitel\u016f m\u00e1 Rusko z\u00e1soby raket pro n\u011bkolik dal\u0161\u00edch podobn\u00fdch \u00fader\u016f.<\/span><\/p>\n<p><img decoding=\"async\" loading=\"lazy\" class=\"alignnone size-full wp-image-1185\" src=\"http:\/\/www.infokuryr.cz\/n\/wp-content\/uploads\/2021\/04\/kuryr-podpis.png\" alt=\"\" width=\"84\" height=\"24\" \/><\/p>\n<p>&nbsp;<\/p>\n","protected":false},"excerpt":{"rendered":"<p>R\u00e1no 17. listopadu zah\u00e1jily rusk\u00e9 s\u00edly ni\u010div\u00fd \u00fatok na ukrajinskou zadn\u00ed infrastrukturu. Ministr zahrani\u010dn\u00edch v\u011bc\u00ed&#8230;<\/p>\n","protected":false},"author":2,"featured_media":61484,"comment_status":"closed","ping_status":"closed","sticky":false,"template":"","format":"standard","meta":[],"categories":[7],"tags":[3535,22,26,5135],"_links":{"self":[{"href":"https:\/\/www.infokuryr.cz\/n\/wp-json\/wp\/v2\/posts\/66374"}],"collection":[{"href":"https:\/\/www.infokuryr.cz\/n\/wp-json\/wp\/v2\/posts"}],"about":[{"href":"https:\/\/www.infokuryr.cz\/n\/wp-json\/wp\/v2\/types\/post"}],"author":[{"embeddable":true,"href":"https:\/\/www.infokuryr.cz\/n\/wp-json\/wp\/v2\/users\/2"}],"replies":[{"embeddable":true,"href":"https:\/\/www.infokuryr.cz\/n\/wp-json\/wp\/v2\/comments?post=66374"}],"version-history":[{"count":0,"href":"https:\/\/www.infokuryr.cz\/n\/wp-json\/wp\/v2\/posts\/66374\/revisions"}],"wp:featuredmedia":[{"embeddable":true,"href":"https:\/\/www.infokuryr.cz\/n\/wp-json\/wp\/v2\/media\/61484"}],"wp:attachment":[{"href":"https:\/\/www.infokuryr.cz\/n\/wp-json\/wp\/v2\/media?parent=66374"}],"wp:term":[{"taxonomy":"category","embeddable":true,"href":"https:\/\/www.infokuryr.cz\/n\/wp-json\/wp\/v2\/categories?post=66374"},{"taxonomy":"post_tag","embeddable":true,"href":"https:\/\/www.infokuryr.cz\/n\/wp-json\/wp\/v2\/tags?post=66374"}],"curies":[{"name":"wp","href":"https:\/\/api.w.org\/{rel}","templated":true}]}}