{"id":66372,"date":"2024-11-18T00:37:47","date_gmt":"2024-11-17T23:37:47","guid":{"rendered":"https:\/\/www.infokuryr.cz\/n\/?p=66372"},"modified":"2024-11-17T14:37:36","modified_gmt":"2024-11-17T13:37:36","slug":"iransky-ministr-obrany-prijizdi-uprostred-izraelske-eskalace-do-syrie","status":"publish","type":"post","link":"https:\/\/www.infokuryr.cz\/n\/2024\/11\/18\/iransky-ministr-obrany-prijizdi-uprostred-izraelske-eskalace-do-syrie\/","title":{"rendered":"Ir\u00e1nsk\u00fd ministr obrany p\u0159ij\u00ed\u017ed\u00ed uprost\u0159ed izraelsk\u00e9 eskalace do S\u00fdrie"},"content":{"rendered":"<div id=\"fb-root\"><\/div>\n<p><strong><span>\u00cdr\u00e1nsk\u00fd ministr obrany brig\u00e1dn\u00ed gener\u00e1l Aziz Nasirzadeh p\u0159ijel do S\u00fdrie 16. listopadu, aby pos\u00edlil obrann\u00e9 a bezpe\u010dnostn\u00ed vazby mezi ob\u011bma zem\u011bmi uprost\u0159ed eskalace ze strany Izraele.<\/span><\/strong><\/p>\n<p><em>\u201eKa\u017ed\u00fd zn\u00e1 d\u016fle\u017eitou pozici Syrsk\u00e9 arabsk\u00e9 republiky v \u00edr\u00e1nsk\u00e9 zahrani\u010dn\u00ed politice,\u201c \u0159ekl Nasirzadeh novin\u00e1\u0159\u016fm po sv\u00e9m p\u0159\u00edjezdu podle syrsk\u00e9ho provl\u00e1dn\u00edho listu Al-Watan.<\/em><\/p>\n<p><em>\u201eP\u0159ijeli jsme do Dama\u0161ku na z\u00e1klad\u011b pozv\u00e1n\u00ed syrsk\u00e9ho ministra obrany a budeme m\u00edt sch\u016fzky s politick\u00fdmi a vojensk\u00fdmi p\u0159edstaviteli, abychom prodiskutovali n\u011bkolik spole\u010dn\u00fdch probl\u00e9m\u016f mezi ob\u011bma zem\u011bmi, zejm\u00e9na v oblasti obrany a bezpe\u010dnosti, s c\u00edlem roz\u0161\u00ed\u0159it spolupr\u00e1ci a v\u00fdm\u011bnu. odbornost mezi ob\u011bma stranami,\u201c dodal.<\/em><\/p>\n<p><span>Nasirzadeh tak\u00e9 ocenil zku\u0161enosti S\u00fdrie v boji proti terorismu a jej\u00ed roli v region\u00e1ln\u00ed \u201eose odporu\u201c, kter\u00e1 je proti Izraeli.<\/span><\/p>\n<p><em>&#8222;S\u00fdrie m\u00e1 prastarou historii a hlubok\u00e9 zku\u0161enosti s bojem proti terorismu a je kl\u00ed\u010dov\u00fdm zast\u00e1ncem v ose odporu,&#8220; \u0159ekl a zd\u016fraznil, \u017ee &#8222;jsme p\u0159ipraveni poskytnout ve\u0161ker\u00e9 prost\u0159edky podpory tomuto p\u0159\u00e1telsk\u00e9mu st\u00e1tu,&#8220; \u0159ekl ministr.\u00a0<\/em><\/p>\n<p><span>Nasirzadeh 17. listopadu jednal o obrann\u00e9 spolupr\u00e1ci se sv\u00fdm syrsk\u00fdm prot\u011bj\u0161kem gener\u00e1lporu\u010d\u00edkem Ali Mahm\u00fadem Abb\u00e1sem.<\/span><\/p>\n<p><span>Oba minist\u0159i vyzdvihli kl\u00ed\u010dovou roli region\u00e1ln\u00edch zem\u00ed p\u0159i zaji\u0161\u0165ov\u00e1n\u00ed bezpe\u010dnosti a vyzvali ke sta\u017een\u00ed zahrani\u010dn\u00edch sil z regionu, uvedla \u00edr\u00e1nsk\u00e1 poloofici\u00e1ln\u00ed agentura Tasnim News Agency.<\/span><\/p>\n<p><span>P\u0159i zva\u017eov\u00e1n\u00ed pl\u00e1n\u016f spolupr\u00e1ce mezi \u00cdr\u00e1nem a S\u00fdri\u00ed v boji proti terorismu oba minist\u0159i rovn\u011b\u017e zhodnotili region\u00e1ln\u00ed v\u00fdvoj a podm\u00ednky fronty odporu.<\/span><\/p>\n<p><span>N\u00e1v\u0161t\u011bva se uskute\u010dnila v dob\u011b intenzivn\u011bj\u0161\u00edch izraelsk\u00fdch \u00fatok\u016f na S\u00fdrii. B\u011bhem minul\u00e9ho t\u00fddne zas\u00e1hly \u00fadery n\u011bkolik kl\u00ed\u010dov\u00fdch tras v centr\u00e1ln\u00edm guvernor\u00e1tu Homs, kter\u00e9 Hizball\u00e1h \u00fadajn\u011b pou\u017e\u00edval k p\u0159esunu zbran\u00ed do Libanonu. N\u011bkolik budov pat\u0159\u00edc\u00edch palestinsk\u00e9mu isl\u00e1msk\u00e9mu d\u017eih\u00e1du bylo rovn\u011b\u017e ter\u010dem \u00fatoku v hlavn\u00edm m\u011bst\u011b Dama\u0161ku a v jeho bl\u00edzkosti, p\u0159i\u010dem\u017e st\u00e1tn\u00ed m\u00e9dia informovala o smrti nejm\u00e9n\u011b 15 lid\u00ed.<\/span><\/p>\n<p><span>\u00cdr\u00e1n se mo\u017en\u00e1 chyst\u00e1 zv\u00fd\u0161it vojenskou podporu S\u00fdrii. Ned\u00e1vn\u00e9 zpr\u00e1vy hebrejsk\u00fdch a arabsk\u00fdch m\u00e9di\u00ed, kter\u00e9 spekulovaly, \u017ee Dama\u0161ek se pomalu vzdaluje od Teher\u00e1nu, jsou pravd\u011bpodobn\u011b nepravdiv\u00e9.<\/span><\/p>\n<p><span>Zd\u00e1 se, \u017ee Osa odporu, kter\u00e1 zahrnuje \u00cdr\u00e1n, S\u00fdrii, Hizball\u00e1h, Ham\u00e1s, Isl\u00e1msk\u00fd d\u017eih\u00e1d, H\u00fas\u00edov\u00e9 a isl\u00e1msk\u00fd odboj v Ir\u00e1ku, dr\u017e\u00ed siln\u011bj\u0161\u00ed ne\u017e d\u0159\u00edve.<\/span><\/p>\n<p><img decoding=\"async\" loading=\"lazy\" class=\"alignnone size-full wp-image-1185\" src=\"http:\/\/www.infokuryr.cz\/n\/wp-content\/uploads\/2021\/04\/kuryr-podpis.png\" alt=\"\" width=\"84\" height=\"24\" \/><\/p>\n<p>&nbsp;<\/p>\n","protected":false},"excerpt":{"rendered":"<p>\u00cdr\u00e1nsk\u00fd ministr obrany brig\u00e1dn\u00ed gener\u00e1l Aziz Nasirzadeh p\u0159ijel do S\u00fdrie 16. listopadu, aby pos\u00edlil obrann\u00e9&#8230;<\/p>\n","protected":false},"author":2,"featured_media":66373,"comment_status":"closed","ping_status":"closed","sticky":false,"template":"","format":"standard","meta":[],"categories":[7],"tags":[267,458,147],"_links":{"self":[{"href":"https:\/\/www.infokuryr.cz\/n\/wp-json\/wp\/v2\/posts\/66372"}],"collection":[{"href":"https:\/\/www.infokuryr.cz\/n\/wp-json\/wp\/v2\/posts"}],"about":[{"href":"https:\/\/www.infokuryr.cz\/n\/wp-json\/wp\/v2\/types\/post"}],"author":[{"embeddable":true,"href":"https:\/\/www.infokuryr.cz\/n\/wp-json\/wp\/v2\/users\/2"}],"replies":[{"embeddable":true,"href":"https:\/\/www.infokuryr.cz\/n\/wp-json\/wp\/v2\/comments?post=66372"}],"version-history":[{"count":0,"href":"https:\/\/www.infokuryr.cz\/n\/wp-json\/wp\/v2\/posts\/66372\/revisions"}],"wp:featuredmedia":[{"embeddable":true,"href":"https:\/\/www.infokuryr.cz\/n\/wp-json\/wp\/v2\/media\/66373"}],"wp:attachment":[{"href":"https:\/\/www.infokuryr.cz\/n\/wp-json\/wp\/v2\/media?parent=66372"}],"wp:term":[{"taxonomy":"category","embeddable":true,"href":"https:\/\/www.infokuryr.cz\/n\/wp-json\/wp\/v2\/categories?post=66372"},{"taxonomy":"post_tag","embeddable":true,"href":"https:\/\/www.infokuryr.cz\/n\/wp-json\/wp\/v2\/tags?post=66372"}],"curies":[{"name":"wp","href":"https:\/\/api.w.org\/{rel}","templated":true}]}}