{"id":66371,"date":"2024-11-18T00:36:36","date_gmt":"2024-11-17T23:36:36","guid":{"rendered":"https:\/\/www.infokuryr.cz\/n\/?p=66371"},"modified":"2024-11-17T14:37:59","modified_gmt":"2024-11-17T13:37:59","slug":"iracky-odpor-utoci-na-zivotne-dulezite-cile-v-izraeli-pomoci-dronu-shahed-101","status":"publish","type":"post","link":"https:\/\/www.infokuryr.cz\/n\/2024\/11\/18\/iracky-odpor-utoci-na-zivotne-dulezite-cile-v-izraeli-pomoci-dronu-shahed-101\/","title":{"rendered":"Ir\u00e1ck\u00fd odpor \u00fato\u010d\u00ed na \u017eivotn\u011b d\u016fle\u017eit\u00e9 c\u00edle v Izraeli pomoc\u00ed dron\u016f Shahed-101"},"content":{"rendered":"<div id=\"fb-root\"><\/div>\n<p><strong>Isl\u00e1msk\u00fd odpor v Ir\u00e1ku (IRI), zast\u0159e\u0161uj\u00edc\u00ed skupina ozbrojen\u00fdch frakc\u00ed podporovan\u00fdch \u00cdr\u00e1nem, 16. listopadu ozn\u00e1mila, \u017ee za\u00fato\u010dila na dva \u201e\u017eivotn\u011b d\u016fle\u017eit\u00e9 c\u00edle\u201c v severn\u00edm Izraeli pomoc\u00ed dron\u016f na podporu p\u00e1sma Gazy a Libanonu.<\/strong><\/p>\n<p>\u00datoky byly provedeny \u201ev reakci na masakry sp\u00e1chan\u00e9 uzurpuj\u00edc\u00ed entitou [Izrael] na civilistech, v\u010detn\u011b d\u011bt\u00ed, \u017een a star\u00fdch lid\u00ed\u201c v Gaze a Libanonu, uvedla IRI ve dvou samostatn\u00fdch prohl\u00e1\u0161en\u00edch.<\/p>\n<p>Krom\u011b toho skupina sl\u00edbila, \u017ee jej\u00ed \u201eoperace proti nep\u0159\u00e1telsk\u00fdm ba\u0161t\u00e1m [v Izraeli] budou pokra\u010dovat rostouc\u00edm tempem\u201c.<\/p>\n<p>Videoz\u00e1znamy zve\u0159ejn\u011bn\u00e9 skupinou uk\u00e1zaly start dvou sebevra\u017eedn\u00fdch dron\u016f Shahed-101 vyroben\u00fdch v \u00cdr\u00e1nu.<\/p>\n<p>Shahed-101 m\u00e1 m\u00edt dolet 900 kilometr\u016f a cestovn\u00ed rychlost 120 kilometr\u016f za hodinu s hlavic\u00ed o hmotnosti osm kilogram\u016f.<\/p>\n<p>Brzy 17. listopadu se v ji\u017en\u00ed \u010d\u00e1sti Izraelem okupovan\u00fdch syrsk\u00fdch Golansk\u00fdch v\u00fd\u0161in rozezn\u011bly sir\u00e9ny infiltrace dron\u016f. Velen\u00ed dom\u00e1c\u00ed fronty izraelsk\u00fdch obrann\u00fdch sil (IDF) pozd\u011bji v prohl\u00e1\u0161en\u00ed uvedlo, \u017ee incident \u201eskon\u010dil\u201c, ani\u017e by to d\u00e1le rozv\u00e1d\u011blo.<\/p>\n<p><iframe loading=\"lazy\" src=\"https:\/\/s5.cdnstatic.space\/wp-content\/uploads\/2024\/11\/IMG_6123.mp4\" width=\"600\" height=\"338\" data-mce-fragment=\"1\"><\/iframe><\/p>\n<p>IRI za\u010dala podnikat \u00fatoky proti Izraeli i proti sil\u00e1m Spojen\u00fdch st\u00e1t\u016f v Ir\u00e1ku a sousedn\u00ed S\u00fdrii loni v \u0159\u00edjnu v reakci na tot\u00e1ln\u00ed izraelskou v\u00e1lku v Gaze.<\/p>\n<p>Skupina eskalovala sv\u00e9 \u00fatoky proti Izraeli v z\u00e1\u0159\u00ed v reakci na pokra\u010duj\u00edc\u00ed izraelskou leteckou kampa\u0148 a pozemn\u00ed operace proti Hizball\u00e1hu v Libanonu. Podle ned\u00e1vn\u00fdch zpr\u00e1v v hebrejsk\u00fdch a arabsk\u00fdch m\u00e9di\u00edch IDF nyn\u00ed zva\u017euje reakci p\u0159\u00edmo proti Ir\u00e1ku.<\/p>\n<p><img decoding=\"async\" loading=\"lazy\" class=\"alignnone size-full wp-image-1185\" src=\"http:\/\/www.infokuryr.cz\/n\/wp-content\/uploads\/2021\/04\/kuryr-podpis.png\" alt=\"\" width=\"84\" height=\"24\" \/><\/p>\n<p>&nbsp;<\/p>\n","protected":false},"excerpt":{"rendered":"<p>Isl\u00e1msk\u00fd odpor v Ir\u00e1ku (IRI), zast\u0159e\u0161uj\u00edc\u00ed skupina ozbrojen\u00fdch frakc\u00ed podporovan\u00fdch \u00cdr\u00e1nem, 16. listopadu ozn\u00e1mila, \u017ee&#8230;<\/p>\n","protected":false},"author":2,"featured_media":55429,"comment_status":"closed","ping_status":"closed","sticky":false,"template":"","format":"standard","meta":[],"categories":[7],"tags":[267,107,6413,889],"_links":{"self":[{"href":"https:\/\/www.infokuryr.cz\/n\/wp-json\/wp\/v2\/posts\/66371"}],"collection":[{"href":"https:\/\/www.infokuryr.cz\/n\/wp-json\/wp\/v2\/posts"}],"about":[{"href":"https:\/\/www.infokuryr.cz\/n\/wp-json\/wp\/v2\/types\/post"}],"author":[{"embeddable":true,"href":"https:\/\/www.infokuryr.cz\/n\/wp-json\/wp\/v2\/users\/2"}],"replies":[{"embeddable":true,"href":"https:\/\/www.infokuryr.cz\/n\/wp-json\/wp\/v2\/comments?post=66371"}],"version-history":[{"count":0,"href":"https:\/\/www.infokuryr.cz\/n\/wp-json\/wp\/v2\/posts\/66371\/revisions"}],"wp:featuredmedia":[{"embeddable":true,"href":"https:\/\/www.infokuryr.cz\/n\/wp-json\/wp\/v2\/media\/55429"}],"wp:attachment":[{"href":"https:\/\/www.infokuryr.cz\/n\/wp-json\/wp\/v2\/media?parent=66371"}],"wp:term":[{"taxonomy":"category","embeddable":true,"href":"https:\/\/www.infokuryr.cz\/n\/wp-json\/wp\/v2\/categories?post=66371"},{"taxonomy":"post_tag","embeddable":true,"href":"https:\/\/www.infokuryr.cz\/n\/wp-json\/wp\/v2\/tags?post=66371"}],"curies":[{"name":"wp","href":"https:\/\/api.w.org\/{rel}","templated":true}]}}