{"id":66363,"date":"2024-11-18T00:31:43","date_gmt":"2024-11-17T23:31:43","guid":{"rendered":"https:\/\/www.infokuryr.cz\/n\/?p=66363"},"modified":"2024-11-17T14:08:43","modified_gmt":"2024-11-17T13:08:43","slug":"antarkticky-led-roste-uz-44-let-klimaalarmiste-jsou-naprosto-bezradni","status":"publish","type":"post","link":"https:\/\/www.infokuryr.cz\/n\/2024\/11\/18\/antarkticky-led-roste-uz-44-let-klimaalarmiste-jsou-naprosto-bezradni\/","title":{"rendered":"Antarktick\u00fd led roste u\u017e 44 let \u2013 klimaalarmist\u00e9 jsou naprosto bezradn\u00ed"},"content":{"rendered":"<div id=\"fb-root\"><\/div>\n<p><strong><span>Glob\u00e1ln\u00ed klima je vrto\u0161iv\u00e9 a ne\u0159\u00edd\u00ed se v\u0161emi obskurn\u00edmi klimatick\u00fdmi modely. To je tak\u00e9 z\u0159ejm\u00e9, pokud jde o antarktick\u00fd mo\u0159sk\u00fd led. Nov\u00e1 studie nav\u00edc ukazuje, \u017ee neexistuje \u017e\u00e1dn\u00fd prokazateln\u00fd vliv \u010dlov\u011bka na v\u00fdvoj ledu na ji\u017en\u00edm p\u00f3lu. Op\u011bt to nezapad\u00e1 do sc\u00e9n\u00e1\u0159\u016f soudn\u00e9ho dne klimatick\u00fdch alarmist\u016f.<\/span><\/strong><\/p>\n<p><span>Je to znovu: pravda prolomila ledy klimatick\u00e9 hysterie. Nov\u00e1 v\u011bdeck\u00e1 studie nazvan\u00e1 \u201e\u00a0<\/span><a href=\"https:\/\/tc.copernicus.org\/articles\/18\/2141\/2024\/tc-18-2141-2024.pdf\" target=\"_blank\" rel=\"noreferrer noopener\"><span>Zdroje n\u00edzkofrekven\u010dn\u00ed variability pozorovan\u00e9ho mo\u0159sk\u00e9ho ledu v Antarktid\u011b<\/span><\/a><span>\u00a0\u201c potvrzuje to, co kritick\u00e9 mysli dlouho tu\u0161ily \u2013\u00a0<\/span><strong><span>mo\u0159sk\u00fd led kolem Antarktidy od roku 1979 nep\u0159etr\u017eit\u011b p\u0159ib\u00fdv\u00e1.<\/span><\/strong><span> Zat\u00edmco na\u0161i samozvan\u00ed zachr\u00e1nci klimatu se nikdy neunav\u00ed p\u0159edpov\u00eddat, \u017ee pol\u00e1rn\u00ed ledov\u00e9 \u010depi\u010dky brzy roztajou, satelitn\u00ed data ukazuj\u00ed \u00fapln\u011b jin\u00fd obr\u00e1zek. Studie, kterou napsali \u010dty\u0159i v\u011bdci zab\u00fdvaj\u00edc\u00ed se \u017eivotn\u00edm prost\u0159ed\u00edm, dosp\u00edv\u00e1 k z\u00e1v\u011bru, kter\u00fd bude pro n\u011bkter\u00e9 jist\u011b znepokojiv\u00fd: pozorovan\u00e9 zm\u011bny jsou jednodu\u0161e v\u00fdsledkem p\u0159irozen\u00fdch v\u00fdkyv\u016f klimatu.<\/span><\/p>\n<p><span>Zvl\u00e1\u0161t\u011b pikantn\u00ed:\u00a0<\/span><strong><span>Jak\u00fdkoli lidsk\u00fd vliv na tento v\u00fdvoj je klasifikov\u00e1n jako \u201enezjistiteln\u00fd\u201c.<\/span><\/strong><span>\u00a0To m\u016f\u017ee b\u00fdt pro n\u011bkter\u00e9 klimatick\u00e9 apokalyptisty t\u011b\u017ek\u00e9. St\u00e1le si pamatuji titulky v kinech v lo\u0148sk\u00e9m roce, kdy v\u011bdeck\u00fd redaktor Financial Times Clive Cookson vykouzlil \u201ekatastrofickou kask\u00e1du extr\u00e9mn\u00edch ekologick\u00fdch ud\u00e1lost\u00ed\u201c.<\/span><\/p>\n<p><span>Data vypr\u00e1v\u011bj\u00ed mnohem st\u0159\u00edzliv\u011bj\u0161\u00ed p\u0159\u00edb\u011bh: led expandoval \u201epomalu a vytrvale\u201c a\u017e do roku 2014, n\u00e1sledovala kr\u00e1tk\u00e1 f\u00e1ze smr\u0161\u0165ov\u00e1n\u00ed a\u017e do roku 2019. Pot\u00e9 za\u010dal r\u016fst znovu \u2013 s mal\u00fdm poklesem kolem roku 2022.\u00a0<\/span><strong><span>Dokonce i meteorologick\u00e1 slu\u017eba EU Copernicus musel p\u0159iznat, \u017ee rozsah ledu \u201evykazuje velk\u00e9 ro\u010dn\u00ed v\u00fdkyvy, ale \u017e\u00e1dn\u00fd jasn\u00fd dlouhodob\u00fd trend od roku 1979\u201c.<\/span><\/strong><\/p>\n<p><span>Zvl\u00e1\u0161t\u011b z\u00e1bavn\u00e9 to za\u010dne b\u00fdt, kdy\u017e vezmete v \u00favahu v\u00fdroky Dr. Walter Meier z National Snow and Ice Data Center se na to d\u00edv\u00e1 bl\u00ed\u017ee. V roce 2023 popsal zimn\u00ed ledov\u00fd \u00fastup jako \u201enaprosto neuv\u011b\u0159iteln\u00fd\u201c. Tent\u00fd\u017e Dr. O deset let d\u0159\u00edve se Meier pod\u00edlel na studii, kter\u00e1 prok\u00e1zala podobn\u00e9 v\u00fdkyvy v 60. letech. V t\u00e9 dob\u011b shled\u00e1val takov\u00e9 extr\u00e9my \u201ene neobvykl\u00e9\u201c. Skoro byste si mohli myslet, \u017ee pam\u011b\u0165 taje rychleji ne\u017e led.<\/span><\/p>\n<p><span>BBC, v\u017edy v pop\u0159ed\u00ed obav z klimatu,\u00a0<\/span><a href=\"https:\/\/www.bbc.co.uk\/news\/science-environment-66724246\"><span>vid\u011bla data z roku 2023 jako<\/span><\/a><span>\u00a0\u201eznepokojiv\u00e9 nov\u00e9 m\u011b\u0159\u00edtko\u201c pro region, kter\u00fd d\u0159\u00edve odol\u00e1val glob\u00e1ln\u00edmu oteplov\u00e1n\u00ed. Mimochodem, st\u00e1le plat\u00ed \u2013 Antarktida se za posledn\u00edch 70 let sotva oteplila.<\/span><\/p>\n<p><span>To, \u010deho jsme zde sv\u011bdky, je pomal\u00e9, ale jist\u00e9 borcen\u00ed \u010dist\u00e9 nulov\u00e9 fantazie. Jedna bublina strachu za druhou prask\u00e1. Pamatujete si ozonovou d\u00edru? I po celosv\u011btov\u00e9m z\u00e1kazu freon\u016f v roce 1995 pokra\u010duje v expanzi a smr\u0161\u0165ov\u00e1n\u00ed \u2013 dnes stejn\u011b velk\u00e9 jako p\u0159ed 30 lety.\u00a0<\/span><strong><span>Kdo by to byl \u0159ekl: P\u0159\u00edroda se \u0159\u00edd\u00ed sv\u00fdmi vlastn\u00edmi z\u00e1kony, ne na\u0161imi klimatick\u00fdmi modely.<\/span><\/strong><span> Zat\u00edmco aktivisti\u010dt\u00ed v\u011bde\u010dt\u00ed novin\u00e1\u0159i ji\u017e p\u0159edpov\u00eddaj\u00ed \u201enejteplej\u0161\u00ed rok v\u0161ech dob\u201c na rok 2024, piln\u011b ignoruj\u00ed skute\u010dnost, \u017ee na\u0161e teplotn\u00ed rekordy jsou star\u00e9 sotva 100 let. Pokud jde o teploty mo\u0159e, existuje je\u0161t\u011b m\u00e9n\u011b ne\u017e 20 let spolehliv\u00fdch glob\u00e1ln\u00edch \u00fadaj\u016f \u2013 se st\u00e1le p\u0159\u00edli\u0161 mal\u00fdm po\u010dtem m\u011b\u0159ic\u00edch bod\u016f. Nemluv\u011b o \u0159\u00edmsk\u00e9m a st\u0159edov\u011bk\u00e9m tepl\u00e9m obdob\u00ed.<\/span><\/p>\n<p><span>Realita je \u010dasto slo\u017eit\u011bj\u0161\u00ed ne\u017e jednoduch\u00e9 katastrofick\u00e9 sc\u00e9n\u00e1\u0159e.\u00a0<\/span><strong><span>Ale nebojte se: dokud tu budou klimati\u010dt\u00ed hysterici, nedojdou n\u00e1m v\u011bci k \u00fasm\u011bvu.<\/span><\/strong><span>\u00a0A antarktick\u00fd led? Prost\u011b st\u00e1le roste \u2013 zcela nezaujat\u00fd v\u0161emi na\u0161imi teoriemi.<\/span><\/p>\n<p><img decoding=\"async\" loading=\"lazy\" class=\"alignnone size-full wp-image-1185\" src=\"http:\/\/www.infokuryr.cz\/n\/wp-content\/uploads\/2021\/04\/kuryr-podpis.png\" alt=\"\" width=\"84\" height=\"24\" \/><\/p>\n<p>&nbsp;<\/p>\n","protected":false},"excerpt":{"rendered":"<p>Glob\u00e1ln\u00ed klima je vrto\u0161iv\u00e9 a ne\u0159\u00edd\u00ed se v\u0161emi obskurn\u00edmi klimatick\u00fdmi modely. To je tak\u00e9 z\u0159ejm\u00e9,&#8230;<\/p>\n","protected":false},"author":2,"featured_media":66364,"comment_status":"closed","ping_status":"closed","sticky":false,"template":"","format":"standard","meta":[],"categories":[7],"tags":[3434,1648,873,1102],"_links":{"self":[{"href":"https:\/\/www.infokuryr.cz\/n\/wp-json\/wp\/v2\/posts\/66363"}],"collection":[{"href":"https:\/\/www.infokuryr.cz\/n\/wp-json\/wp\/v2\/posts"}],"about":[{"href":"https:\/\/www.infokuryr.cz\/n\/wp-json\/wp\/v2\/types\/post"}],"author":[{"embeddable":true,"href":"https:\/\/www.infokuryr.cz\/n\/wp-json\/wp\/v2\/users\/2"}],"replies":[{"embeddable":true,"href":"https:\/\/www.infokuryr.cz\/n\/wp-json\/wp\/v2\/comments?post=66363"}],"version-history":[{"count":0,"href":"https:\/\/www.infokuryr.cz\/n\/wp-json\/wp\/v2\/posts\/66363\/revisions"}],"wp:featuredmedia":[{"embeddable":true,"href":"https:\/\/www.infokuryr.cz\/n\/wp-json\/wp\/v2\/media\/66364"}],"wp:attachment":[{"href":"https:\/\/www.infokuryr.cz\/n\/wp-json\/wp\/v2\/media?parent=66363"}],"wp:term":[{"taxonomy":"category","embeddable":true,"href":"https:\/\/www.infokuryr.cz\/n\/wp-json\/wp\/v2\/categories?post=66363"},{"taxonomy":"post_tag","embeddable":true,"href":"https:\/\/www.infokuryr.cz\/n\/wp-json\/wp\/v2\/tags?post=66363"}],"curies":[{"name":"wp","href":"https:\/\/api.w.org\/{rel}","templated":true}]}}