{"id":66361,"date":"2024-11-17T05:54:20","date_gmt":"2024-11-17T04:54:20","guid":{"rendered":"https:\/\/www.infokuryr.cz\/n\/?p=66361"},"modified":"2024-11-17T05:54:20","modified_gmt":"2024-11-17T04:54:20","slug":"pochod-maskovanych-neonacistu-v-hlavnim-meste-usa","status":"publish","type":"post","link":"https:\/\/www.infokuryr.cz\/n\/2024\/11\/17\/pochod-maskovanych-neonacistu-v-hlavnim-meste-usa\/","title":{"rendered":"Pochod maskovan\u00fdch neonacist\u016f v hlavn\u00edm m\u011bst\u011b USA"},"content":{"rendered":"<div id=\"fb-root\"><\/div>\n<p><span style=\"font-size: 18pt;\"><strong>Nezn\u00e1m\u00ed mu\u017ei nesli vlajky s velk\u00fdmi h\u00e1kov\u00fdmi k\u0159\u00ed\u017ei a k\u0159i\u010deli rasistick\u00e9 nad\u00e1vky<\/strong><\/span><\/p>\n<p><span>Skupina neonacist\u016f pochodovala v sobotu Columbusem, hlavn\u00edm m\u011bstem americk\u00e9ho st\u00e1tu Ohio, a skandovala rasistick\u00e1 a antisemitsk\u00e1 hesla.<\/span><\/p>\n<p><span>\u010cern\u011b od\u011bn\u00ed mu\u017ei v ly\u017ea\u0159sk\u00fdch mask\u00e1ch byli nato\u010deni, jak jdou po ulici ve \u010dtvrti Short North a nesou \u010dern\u00e9 vlajky s velk\u00fdmi \u010derven\u00fdmi h\u00e1kov\u00fdmi k\u0159\u00ed\u017ei. Ve videu zve\u0159ejn\u011bn\u00e9m na X jsou \u00fa\u010dastn\u00edci pochodu sly\u0161et, jak k\u0159i\u010d\u00ed\u00a0<\/span><em><span>\u201eSklo\u0148 se, n****r\u201c a \u201eDosta\u0148 sakra z m\u00e9 zem\u011b\u201c.<\/span><\/em><\/p>\n<p><span>Nen\u00ed jasn\u00e9, kdo jsou tito mu\u017ei a do jak\u00e9 organizace pat\u0159\u00ed. N\u011bkte\u0159\u00ed kolemjdouc\u00ed obt\u011b\u017eovali \u00fa\u010dastn\u00edky pochodu a k\u0159i\u010deli na n\u011b ur\u00e1\u017eky. Nebyly v\u0161ak hl\u00e1\u0161eny \u017e\u00e1dn\u00e9 n\u00e1siln\u00e9 incidenty.<\/span><\/p>\n<p><span>Ohio politici a \u017eidovsk\u00e9 skupiny odsoudily pr\u016fvod.\u00a0<\/span><em><span>\u201eV tomto st\u00e1t\u011b nen\u00ed m\u00edsto pro nen\u00e1vist, bigotnost, antisemitismus nebo n\u00e1sil\u00ed a mus\u00edme to odsuzovat, kdekoli to vid\u00edme,\u201c<\/span><\/em><span>\u00a0\u0159ekl guvern\u00e9r Mike DeWine.<\/span><\/p>\n<div class=\"rtcode\">\n<div class=\"twitter-tweet twitter-tweet-rendered\"><iframe id=\"twitter-widget-0\" class=\"\" title=\"P\u0159\u00edsp\u011bvek X\" src=\"https:\/\/platform.twitter.com\/embed\/Tweet.html?creatorScreenName=RT_com&amp;dnt=false&amp;embedId=twitter-widget-0&amp;features=eyJ0ZndfdGltZWxpbmVfbGlzdCI6eyJidWNrZXQiOltdLCJ2ZXJzaW9uIjpudWxsfSwidGZ3X2ZvbGxvd2VyX2NvdW50X3N1bnNldCI6eyJidWNrZXQiOnRydWUsInZlcnNpb24iOm51bGx9LCJ0ZndfdHdlZXRfZWRpdF9iYWNrZW5kIjp7ImJ1Y2tldCI6Im9uIiwidmVyc2lvbiI6bnVsbH0sInRmd19yZWZzcmNfc2Vzc2lvbiI6eyJidWNrZXQiOiJvbiIsInZlcnNpb24iOm51bGx9LCJ0ZndfZm9zbnJfc29mdF9pbnRlcnZlbnRpb25zX2VuYWJsZWQiOnsiYnVja2V0Ijoib24iLCJ2ZXJzaW9uIjpudWxsfSwidGZ3X21peGVkX21lZGlhXzE1ODk3Ijp7ImJ1Y2tldCI6InRyZWF0bWVudCIsInZlcnNpb24iOm51bGx9LCJ0ZndfZXhwZXJpbWVudHNfY29va2llX2V4cGlyYXRpb24iOnsiYnVja2V0IjoxMjA5NjAwLCJ2ZXJzaW9uIjpudWxsfSwidGZ3X3Nob3dfYmlyZHdhdGNoX3Bpdm90c19lbmFibGVkIjp7ImJ1Y2tldCI6Im9uIiwidmVyc2lvbiI6bnVsbH0sInRmd19kdXBsaWNhdGVfc2NyaWJlc190b19zZXR0aW5ncyI6eyJidWNrZXQiOiJvbiIsInZlcnNpb24iOm51bGx9LCJ0ZndfdXNlX3Byb2ZpbGVfaW1hZ2Vfc2hhcGVfZW5hYmxlZCI6eyJidWNrZXQiOiJvbiIsInZlcnNpb24iOm51bGx9LCJ0ZndfdmlkZW9faGxzX2R5bmFtaWNfbWFuaWZlc3RzXzE1MDgyIjp7ImJ1Y2tldCI6InRydWVfYml0cmF0ZSIsInZlcnNpb24iOm51bGx9LCJ0ZndfbGVnYWN5X3RpbWVsaW5lX3N1bnNldCI6eyJidWNrZXQiOnRydWUsInZlcnNpb24iOm51bGx9LCJ0ZndfdHdlZXRfZWRpdF9mcm9udGVuZCI6eyJidWNrZXQiOiJvbiIsInZlcnNpb24iOm51bGx9fQ%3D%3D&amp;frame=false&amp;hideCard=false&amp;hideThread=false&amp;id=1857918224328778133&amp;lang=cs&amp;maxWidth=560px&amp;origin=https%3A%2F%2Fswentr.site%2Fnews%2F607759-swastika-march-columbus-ohio%2F&amp;sessionId=6112082349a1d5ca9f6a99fdfb2e1d050b36356c&amp;siteScreenName=RT_com&amp;theme=light&amp;widgetsVersion=2615f7e52b7e0%3A1702314776716&amp;width=550px\" frameborder=\"0\" scrolling=\"no\" allowfullscreen=\"allowfullscreen\" data-tweet-id=\"1857918224328778133\" data-mce-fragment=\"1\"><\/iframe><\/div>\n<\/div>\n<div class=\"rtcode\">\n<div class=\"twitter-tweet twitter-tweet-rendered\"><iframe id=\"twitter-widget-1\" class=\"\" title=\"P\u0159\u00edsp\u011bvek X\" src=\"https:\/\/platform.twitter.com\/embed\/Tweet.html?creatorScreenName=RT_com&amp;dnt=false&amp;embedId=twitter-widget-1&amp;features=eyJ0ZndfdGltZWxpbmVfbGlzdCI6eyJidWNrZXQiOltdLCJ2ZXJzaW9uIjpudWxsfSwidGZ3X2ZvbGxvd2VyX2NvdW50X3N1bnNldCI6eyJidWNrZXQiOnRydWUsInZlcnNpb24iOm51bGx9LCJ0ZndfdHdlZXRfZWRpdF9iYWNrZW5kIjp7ImJ1Y2tldCI6Im9uIiwidmVyc2lvbiI6bnVsbH0sInRmd19yZWZzcmNfc2Vzc2lvbiI6eyJidWNrZXQiOiJvbiIsInZlcnNpb24iOm51bGx9LCJ0ZndfZm9zbnJfc29mdF9pbnRlcnZlbnRpb25zX2VuYWJsZWQiOnsiYnVja2V0Ijoib24iLCJ2ZXJzaW9uIjpudWxsfSwidGZ3X21peGVkX21lZGlhXzE1ODk3Ijp7ImJ1Y2tldCI6InRyZWF0bWVudCIsInZlcnNpb24iOm51bGx9LCJ0ZndfZXhwZXJpbWVudHNfY29va2llX2V4cGlyYXRpb24iOnsiYnVja2V0IjoxMjA5NjAwLCJ2ZXJzaW9uIjpudWxsfSwidGZ3X3Nob3dfYmlyZHdhdGNoX3Bpdm90c19lbmFibGVkIjp7ImJ1Y2tldCI6Im9uIiwidmVyc2lvbiI6bnVsbH0sInRmd19kdXBsaWNhdGVfc2NyaWJlc190b19zZXR0aW5ncyI6eyJidWNrZXQiOiJvbiIsInZlcnNpb24iOm51bGx9LCJ0ZndfdXNlX3Byb2ZpbGVfaW1hZ2Vfc2hhcGVfZW5hYmxlZCI6eyJidWNrZXQiOiJvbiIsInZlcnNpb24iOm51bGx9LCJ0ZndfdmlkZW9faGxzX2R5bmFtaWNfbWFuaWZlc3RzXzE1MDgyIjp7ImJ1Y2tldCI6InRydWVfYml0cmF0ZSIsInZlcnNpb24iOm51bGx9LCJ0ZndfbGVnYWN5X3RpbWVsaW5lX3N1bnNldCI6eyJidWNrZXQiOnRydWUsInZlcnNpb24iOm51bGx9LCJ0ZndfdHdlZXRfZWRpdF9mcm9udGVuZCI6eyJidWNrZXQiOiJvbiIsInZlcnNpb24iOm51bGx9fQ%3D%3D&amp;frame=false&amp;hideCard=false&amp;hideThread=false&amp;id=1857869513514958898&amp;lang=cs&amp;maxWidth=560px&amp;origin=https%3A%2F%2Fswentr.site%2Fnews%2F607759-swastika-march-columbus-ohio%2F&amp;sessionId=6112082349a1d5ca9f6a99fdfb2e1d050b36356c&amp;siteScreenName=RT_com&amp;theme=light&amp;widgetsVersion=2615f7e52b7e0%3A1702314776716&amp;width=550px\" frameborder=\"0\" scrolling=\"no\" allowfullscreen=\"allowfullscreen\" data-tweet-id=\"1857869513514958898\" data-mce-fragment=\"1\"><\/iframe><\/div>\n<\/div>\n<p><em><span>&#8222;Nedovol\u00edme, aby byl n\u011bkter\u00fd z na\u0161ich soused\u016f zastra\u0161ov\u00e1n, vyhro\u017eov\u00e1n nebo ubli\u017eov\u00e1n kv\u016fli tomu, kdo jsou, jak uct\u00edvaj\u00ed nebo koho miluj\u00ed,&#8220;<\/span><\/em><span>\u00a0uvedlo m\u011bsto Columbus v prohl\u00e1\u0161en\u00ed.<\/span><\/p>\n<p><span>St\u00e1tn\u00ed z\u00e1stupce m\u011bsta Columbus Zach Klein odsoudil \u00fa\u010dastn\u00edky pochodu na X a \u0159ekl jim, aby\u00a0<\/span><em><span>\u201e\u0161li dom\u016f a u\u017e se nikdy nevr\u00e1tili\u201c.<\/span><\/em><\/p>\n<p><em><span>Lee Shapiro, region\u00e1ln\u00ed \u0159editel Americk\u00e9ho \u017eidovsk\u00e9ho v\u00fdboru, popsal pochod jako \u201edal\u0161\u00ed smutn\u00fd p\u0159\u00edklad bigotnosti, kter\u00e9 jsme byli sv\u011bdky po cel\u00e9 zemi\u201c.<\/span><\/em><\/p>\n<p><span>Policie zah\u00e1jila vy\u0161et\u0159ov\u00e1n\u00ed. Nejsou \u017e\u00e1dn\u00e9 informace, zda do\u0161lo k n\u011bjak\u00e9mu zat\u010den\u00ed.<\/span><\/p>\n<p><span>FBI hl\u00e1s\u00ed v posledn\u00edch letech n\u00e1r\u016fst zlo\u010din\u016f z nen\u00e1visti v USA. Po vypuknut\u00ed v\u00e1lky v Gaze v \u0159\u00edjnu 2023 do\u0161lo k dal\u0161\u00edmu n\u00e1r\u016fstu antisemitsk\u00fdch incident\u016f.<\/span><\/p>\n<p><img decoding=\"async\" loading=\"lazy\" class=\"alignnone size-full wp-image-1185\" src=\"http:\/\/www.infokuryr.cz\/n\/wp-content\/uploads\/2021\/04\/kuryr-podpis.png\" alt=\"\" width=\"84\" height=\"24\" \/><\/p>\n<p>&nbsp;<\/p>\n","protected":false},"excerpt":{"rendered":"<p>Nezn\u00e1m\u00ed mu\u017ei nesli vlajky s velk\u00fdmi h\u00e1kov\u00fdmi k\u0159\u00ed\u017ei a k\u0159i\u010deli rasistick\u00e9 nad\u00e1vky Skupina neonacist\u016f pochodovala&#8230;<\/p>\n","protected":false},"author":2,"featured_media":66362,"comment_status":"closed","ping_status":"closed","sticky":false,"template":"","format":"standard","meta":[],"categories":[7],"tags":[664,1542,37],"_links":{"self":[{"href":"https:\/\/www.infokuryr.cz\/n\/wp-json\/wp\/v2\/posts\/66361"}],"collection":[{"href":"https:\/\/www.infokuryr.cz\/n\/wp-json\/wp\/v2\/posts"}],"about":[{"href":"https:\/\/www.infokuryr.cz\/n\/wp-json\/wp\/v2\/types\/post"}],"author":[{"embeddable":true,"href":"https:\/\/www.infokuryr.cz\/n\/wp-json\/wp\/v2\/users\/2"}],"replies":[{"embeddable":true,"href":"https:\/\/www.infokuryr.cz\/n\/wp-json\/wp\/v2\/comments?post=66361"}],"version-history":[{"count":0,"href":"https:\/\/www.infokuryr.cz\/n\/wp-json\/wp\/v2\/posts\/66361\/revisions"}],"wp:featuredmedia":[{"embeddable":true,"href":"https:\/\/www.infokuryr.cz\/n\/wp-json\/wp\/v2\/media\/66362"}],"wp:attachment":[{"href":"https:\/\/www.infokuryr.cz\/n\/wp-json\/wp\/v2\/media?parent=66361"}],"wp:term":[{"taxonomy":"category","embeddable":true,"href":"https:\/\/www.infokuryr.cz\/n\/wp-json\/wp\/v2\/categories?post=66361"},{"taxonomy":"post_tag","embeddable":true,"href":"https:\/\/www.infokuryr.cz\/n\/wp-json\/wp\/v2\/tags?post=66361"}],"curies":[{"name":"wp","href":"https:\/\/api.w.org\/{rel}","templated":true}]}}