{"id":66355,"date":"2024-11-17T00:45:37","date_gmt":"2024-11-16T23:45:37","guid":{"rendered":"https:\/\/www.infokuryr.cz\/n\/?p=66355"},"modified":"2024-11-17T05:41:54","modified_gmt":"2024-11-17T04:41:54","slug":"cesi-35-let-po-sametu-2-miliony-nemaji-zubare-pediatra-obvodaka-od-vyplaty-do-vyplaty-zije-49-domacnosti","status":"publish","type":"post","link":"https:\/\/www.infokuryr.cz\/n\/2024\/11\/17\/cesi-35-let-po-sametu-2-miliony-nemaji-zubare-pediatra-obvodaka-od-vyplaty-do-vyplaty-zije-49-domacnosti\/","title":{"rendered":"\u010ce\u0161i 35 let po \u201esametu\u201c. 2 miliony nemaj\u00ed zuba\u0159e, pediatra, obvo\u010f\u00e1ka. Od v\u00fdplaty do v\u00fdplaty \u017eije 49% dom\u00e1cnost\u00ed"},"content":{"rendered":"<div id=\"fb-root\"><\/div>\n<h2 class=\"entry-title\">Najdou se i \u201epozitiva\u201c: maj\u00ed n\u011bkolik pride festival\u016f, multikulturn\u00ed \u0161koly a te\u010f jim ciz\u00ed mecen\u00e1\u0161 postav\u00ed novou synagogu<\/h2>\n<p><strong>Jeden milion \u010cech\u016f nem\u00e1 sv\u00e9ho obvodn\u00edho l\u00e9ka\u0159e (to je ka\u017ed\u00fd des\u00e1t\u00fd), dva miliony nemaj\u00ed zuba\u0159e, pediatra pro sv\u00e9 d\u011bti nem\u00e1 nejm\u00e9n\u011b 500 000 \u010cech\u016f. Co\u017e m\u00e1 nepochybn\u011b d\u016fsledky pro zdrav\u00ed populace.<\/strong>\u00a0D\u00edky korona o\u010dkov\u00e1n\u00ed do\u0161lo k prudk\u00e9mu poklesu nov\u011b narozen\u00fdch d\u011bt\u00ed.<\/p>\n<p>Skoro p<strong>olovina pracuj\u00edc\u00edch dom\u00e1cnost\u00ed \u017eije od v\u00fdplaty k v\u00fdplat\u011b a nedok\u00e1\u017ee nic u\u0161et\u0159it po pokryt\u00ed z\u00e1kladn\u00edch pot\u0159eb.<\/strong> Koupit si byt\/d\u016fm pro mladou rodinu nen\u00ed finan\u010dn\u011b mo\u017en\u00e9.<\/p>\n<p><strong>To je stav \u010ceska 35 let po sametov\u00e9m p\u0159evratu. \u010cech\u016fm byla slibov\u00e1na za odevzd\u00e1n\u00ed ve\u0161ker\u00e9ho n\u00e1rodn\u00edho bohatstv\u00ed a hospod\u00e1\u0159stv\u00ed a n\u00e1sledn\u011b politick\u00fdch svobod, ekonomick\u00e1 \u00farove\u0148 obyvatel z\u00e1padn\u00edch zem\u00ed.\u00a0<\/strong>Jen\u017ee to nikdy nebylo my\u0161leno v\u00e1\u017en\u011b. P\u0159esto se n\u011b v\u0161e v 90. letech zahrani\u010dn\u00edm p\u00e1n\u016fm da\u0159ilo a \u010ce\u0161i sami si ekonomicky dost pomohli. Dnes jsou ve zcela jin\u00e9 situaci.\u00a0<strong>Politick\u00e1 t\u0159\u00edda je na \u00farovni koloni\u00e1ln\u00edch \u00fa\u0159edn\u00edk\u016f a v\u011bt\u0161ina bohatstv\u00ed zem\u011b pat\u0159\u00ed cizinc\u016fm. Do zem\u011b jsou dov\u00e1\u017eeny stovky tis\u00edc imigrant\u016f, likviduje se \u0161kolstv\u00ed a zdravotnictv\u00ed.<\/strong>\u00a0C\u00edlem je likvidace \u010desk\u00e9 st\u00e1tnosti a \u010desk\u00e9ho n\u00e1roda.<\/p>\n<p><strong>Najdou se i mnoh\u00e1 pozitiva. V zemi prob\u00edh\u00e1 ka\u017edoro\u010dn\u011b n\u011bkolik gay pride festival\u016f (Praha, Ostrava, Brno, Plze\u0148), na \u0161kol\u00e1ch masivn\u011b p\u0159ibylo d\u011bt\u00ed cizinc\u016f a d\u011bti u\u017e se nemus\u00ed skoro nic u\u010dit a t\u0159eba v Mari\u00e1nsk\u00fdch l\u00e1zn\u00edch postav\u00ed \u017eidovsk\u00fd majitel Casina a s\u00e1zkov\u00e9 kancel\u00e1\u0159e novou synagogu. To se budou m\u00edstn\u00ed tedy m\u00edt! Od gamblera dostanou za odm\u011bnu \u017eidovsk\u00fd svatost\u00e1nek!<\/strong><\/p>\n<p><a href=\"https:\/\/ceskavec.com\/2024\/11\/cesi-35-let-po-sametu-stovky-tisic-nemaji-zubare-pediatra-obvodaka-od-vyplaty-do-vyplaty-zije-49-najdou-se-i-pozitiva-maji-nekolik-pride-festivalu-multikulturni-skoly-a-obcas-jim-ve-mes\"><em>Rebeka Blumenthal<\/em><\/a><br \/>\n<em>Chicago, USA<\/em><\/p>\n<p>&nbsp;<\/p>\n","protected":false},"excerpt":{"rendered":"<p>Najdou se i \u201epozitiva\u201c: maj\u00ed n\u011bkolik pride festival\u016f, multikulturn\u00ed \u0161koly a te\u010f jim ciz\u00ed mecen\u00e1\u0161&#8230;<\/p>\n","protected":false},"author":2,"featured_media":9574,"comment_status":"closed","ping_status":"closed","sticky":false,"template":"","format":"standard","meta":[],"categories":[6],"tags":[670,1503,8219],"_links":{"self":[{"href":"https:\/\/www.infokuryr.cz\/n\/wp-json\/wp\/v2\/posts\/66355"}],"collection":[{"href":"https:\/\/www.infokuryr.cz\/n\/wp-json\/wp\/v2\/posts"}],"about":[{"href":"https:\/\/www.infokuryr.cz\/n\/wp-json\/wp\/v2\/types\/post"}],"author":[{"embeddable":true,"href":"https:\/\/www.infokuryr.cz\/n\/wp-json\/wp\/v2\/users\/2"}],"replies":[{"embeddable":true,"href":"https:\/\/www.infokuryr.cz\/n\/wp-json\/wp\/v2\/comments?post=66355"}],"version-history":[{"count":0,"href":"https:\/\/www.infokuryr.cz\/n\/wp-json\/wp\/v2\/posts\/66355\/revisions"}],"wp:featuredmedia":[{"embeddable":true,"href":"https:\/\/www.infokuryr.cz\/n\/wp-json\/wp\/v2\/media\/9574"}],"wp:attachment":[{"href":"https:\/\/www.infokuryr.cz\/n\/wp-json\/wp\/v2\/media?parent=66355"}],"wp:term":[{"taxonomy":"category","embeddable":true,"href":"https:\/\/www.infokuryr.cz\/n\/wp-json\/wp\/v2\/categories?post=66355"},{"taxonomy":"post_tag","embeddable":true,"href":"https:\/\/www.infokuryr.cz\/n\/wp-json\/wp\/v2\/tags?post=66355"}],"curies":[{"name":"wp","href":"https:\/\/api.w.org\/{rel}","templated":true}]}}