{"id":66328,"date":"2024-11-17T00:38:09","date_gmt":"2024-11-16T23:38:09","guid":{"rendered":"https:\/\/www.infokuryr.cz\/n\/?p=66328"},"modified":"2024-11-16T16:45:57","modified_gmt":"2024-11-16T15:45:57","slug":"iracky-odboj-vypustil-pet-dronu-na-vojenske-cile-v-izraeli","status":"publish","type":"post","link":"https:\/\/www.infokuryr.cz\/n\/2024\/11\/17\/iracky-odboj-vypustil-pet-dronu-na-vojenske-cile-v-izraeli\/","title":{"rendered":"Ir\u00e1ck\u00fd odboj vypustil p\u011bt dron\u016f na vojensk\u00e9 c\u00edle v Izraeli"},"content":{"rendered":"<div id=\"fb-root\"><\/div>\n<p><strong><span>Isl\u00e1msk\u00fd odpor v Ir\u00e1ku (IRI), zast\u0159e\u0161uj\u00edc\u00ed skupina ozbrojen\u00fdch frakc\u00ed podporovan\u00fdch \u00cdr\u00e1nem, 16. listopadu ozn\u00e1mila, \u017ee zah\u00e1jila dva bezpilotn\u00ed \u00fatoky proti \u201e\u017eivotn\u011b d\u016fle\u017eit\u00fdm c\u00edl\u016fm\u201c v nejji\u017en\u011bj\u0161\u00edm izraelsk\u00e9m m\u011bst\u011b Ejlat.<\/span><\/strong><\/p>\n<p><span>Skupina ozn\u00e1mila \u00fatoky samostatn\u011b a ve t\u0159ech dal\u0161\u00edch prohl\u00e1\u0161en\u00edch uvedla, \u017ee za\u00fato\u010dila tak\u00e9 na dva \u201evojensk\u00e9 c\u00edle\u201c v ji\u017en\u00edm Izraeli a dal\u0161\u00ed na severu zem\u011b.<\/span><\/p>\n<p><span>T\u011bchto p\u011bt \u00fatok\u016f bylo provedeno \u201ev reakci na masakry sp\u00e1chan\u00e9 uzurpuj\u00edc\u00ed entitou [Izrael] proti civilist\u016fm, v\u010detn\u011b d\u011bt\u00ed, \u017een a star\u00fdch lid\u00ed\u201c v p\u00e1smu Gazy a Libanonu, uvedla skupina ve sv\u00fdch prohl\u00e1\u0161en\u00edch a sl\u00edbila, \u017ee \u201eoperace proti nep\u0159\u00e1telsk\u00fdm pevnostem bude pokra\u010dovat rostouc\u00edm tempem.\u201c<\/span><\/p>\n<p><span>Videoz\u00e1znamy zve\u0159ejn\u011bn\u00e9 skupinou uk\u00e1zaly vypu\u0161t\u011bn\u00ed n\u011b\u010deho, co se zd\u00e1 b\u00fdt nejm\u00e9n\u011b p\u011bti sebevra\u017eedn\u00fdmi drony Shahed-101 vyroben\u00e9 v \u00cdr\u00e1nu.<\/span><\/p>\n<p><span>Shahed-101 m\u00e1 m\u00edt dolet 900 kilometr\u016f a cestovn\u00ed rychlost 120 kilometr\u016f za hodinu s hlavic\u00ed o hmotnosti osm kilogram\u016f.<\/span><\/p>\n<p><span>Jen p\u00e1r hodin p\u0159edt\u00edm, ne\u017e IRI ozn\u00e1mila \u00fatoky, se v Eilatu rozezn\u011bly varovn\u00e9 sir\u00e9ny. Izraelsk\u00e9 obrann\u00e9 s\u00edly uvedly, \u017ee sir\u00e9ny byly spu\u0161t\u011bny dronem vypu\u0161t\u011bn\u00fdm \u201ez v\u00fdchodu\u201c, co\u017e je term\u00edn, kter\u00fd se obvykle pou\u017e\u00edv\u00e1 pro Ir\u00e1k. Dron se podle arm\u00e1dy z\u0159\u00edtil p\u0159ed p\u0159eletem na izraelsk\u00e9 \u00fazem\u00ed. Nebyly hl\u00e1\u0161eny \u017e\u00e1dn\u00e9 ztr\u00e1ty.<\/span><\/p>\n<p><iframe loading=\"lazy\" src=\"https:\/\/s5.cdnstatic.space\/wp-content\/uploads\/2024\/11\/IMG_6111.mp4\" width=\"600\" height=\"338\" data-mce-fragment=\"1\"><\/iframe><\/p>\n<p><span>IRI za\u010dala podnikat \u00fatoky proti Izraeli i proti sil\u00e1m Spojen\u00fdch st\u00e1t\u016f v Ir\u00e1ku a sousedn\u00ed S\u00fdrii loni v \u0159\u00edjnu v reakci na tot\u00e1ln\u00ed izraelskou v\u00e1lku v Gaze. Skupina eskalovala sv\u00e9 \u00fatoky proti Izraeli v z\u00e1\u0159\u00ed v reakci na pokra\u010duj\u00edc\u00ed izraelskou leteckou kampa\u0148 a pozemn\u00ed operace proti Hizball\u00e1hu v Libanonu.<\/span><\/p>\n<p><span>Izrael na \u00fatoky IRI zat\u00edm p\u0159\u00edmo nereagoval. Nicm\u00e9n\u011b ned\u00e1vn\u00e9 zpr\u00e1vy nazna\u010duj\u00ed, \u017ee IDF mo\u017en\u00e1 pl\u00e1nuj\u00ed \u00fatok na Ir\u00e1k.<\/span><\/p>\n<p><img decoding=\"async\" loading=\"lazy\" class=\"alignnone size-full wp-image-1185\" src=\"http:\/\/www.infokuryr.cz\/n\/wp-content\/uploads\/2021\/04\/kuryr-podpis.png\" alt=\"\" width=\"84\" height=\"24\" \/><\/p>\n<p>&nbsp;<\/p>\n","protected":false},"excerpt":{"rendered":"<p>Isl\u00e1msk\u00fd odpor v Ir\u00e1ku (IRI), zast\u0159e\u0161uj\u00edc\u00ed skupina ozbrojen\u00fdch frakc\u00ed podporovan\u00fdch \u00cdr\u00e1nem, 16. listopadu ozn\u00e1mila, \u017ee&#8230;<\/p>\n","protected":false},"author":2,"featured_media":63923,"comment_status":"closed","ping_status":"closed","sticky":false,"template":"","format":"standard","meta":[],"categories":[7],"tags":[2856,267,107],"_links":{"self":[{"href":"https:\/\/www.infokuryr.cz\/n\/wp-json\/wp\/v2\/posts\/66328"}],"collection":[{"href":"https:\/\/www.infokuryr.cz\/n\/wp-json\/wp\/v2\/posts"}],"about":[{"href":"https:\/\/www.infokuryr.cz\/n\/wp-json\/wp\/v2\/types\/post"}],"author":[{"embeddable":true,"href":"https:\/\/www.infokuryr.cz\/n\/wp-json\/wp\/v2\/users\/2"}],"replies":[{"embeddable":true,"href":"https:\/\/www.infokuryr.cz\/n\/wp-json\/wp\/v2\/comments?post=66328"}],"version-history":[{"count":0,"href":"https:\/\/www.infokuryr.cz\/n\/wp-json\/wp\/v2\/posts\/66328\/revisions"}],"wp:featuredmedia":[{"embeddable":true,"href":"https:\/\/www.infokuryr.cz\/n\/wp-json\/wp\/v2\/media\/63923"}],"wp:attachment":[{"href":"https:\/\/www.infokuryr.cz\/n\/wp-json\/wp\/v2\/media?parent=66328"}],"wp:term":[{"taxonomy":"category","embeddable":true,"href":"https:\/\/www.infokuryr.cz\/n\/wp-json\/wp\/v2\/categories?post=66328"},{"taxonomy":"post_tag","embeddable":true,"href":"https:\/\/www.infokuryr.cz\/n\/wp-json\/wp\/v2\/tags?post=66328"}],"curies":[{"name":"wp","href":"https:\/\/api.w.org\/{rel}","templated":true}]}}