{"id":66314,"date":"2024-11-16T09:37:03","date_gmt":"2024-11-16T08:37:03","guid":{"rendered":"https:\/\/www.infokuryr.cz\/n\/?p=66314"},"modified":"2024-11-16T09:37:03","modified_gmt":"2024-11-16T08:37:03","slug":"jindrich-kulhavy-velmi-rychle-zamysleni-a-varovani","status":"publish","type":"post","link":"https:\/\/www.infokuryr.cz\/n\/2024\/11\/16\/jindrich-kulhavy-velmi-rychle-zamysleni-a-varovani\/","title":{"rendered":"Jind\u0159ich Kulhav\u00fd: Velmi rychl\u00e9 zamy\u0161len\u00ed a varov\u00e1n\u00ed"},"content":{"rendered":"<div id=\"fb-root\"><\/div>\n<p><strong><span class=\"anotation\">Petr Fiala je lh\u00e1\u0159 a manipulant. O tom nen\u00ed sporu. A kdo o tom pochybuje, je velmi naivn\u00ed. Premi\u00e9r n\u00e1s o tom p\u0159esv\u011bd\u010duje ka\u017ed\u00fd den, v\u011bt\u0161ina jeho slov je le\u017e a sebev\u011bdom\u00ed narostl\u00e9 do nebesk\u00fdch v\u00fd\u0161in to je\u0161t\u011b zv\u00fdraz\u0148uje.<\/span><\/strong><\/p>\n<div id=\"pagetext\">\n<p><span>\u00a0 V rozhovoru na dotaz moder\u00e1tora ptaj\u00edc\u00edho se na zp\u016fsob, jak\u00fdm chce z cca 10% p\u0159edvolebn\u00edch preferenc\u00ed ODS vykouzlit 30% \u00fasp\u011bch v bl\u00ed\u017e\u00edc\u00edch se parlamentn\u00edch volb\u00e1ch, se nejprve vysm\u00e1l ve\u0159ejn\u00fdm pr\u016fzkum\u016fm, kter\u00fdmi se jindy \u010dasto za\u0161ti\u0165uje, u\u010dinil blbci z jejich organiz\u00e1tor\u016f. Pot\u00e9 zapochyboval o n\u00edzk\u00e9 popularit\u011b, asi se projevilo jeho odtr\u017een\u00ed od reality. Nakonec odm\u00edtl prozradit trik p\u0159edur\u010den\u00fd k n\u00e1hl\u00e9mu n\u00e1r\u016fstu obliby vedouc\u00edmu ke k\u00fd\u017een\u00e9mu c\u00edli vyhr\u00e1t v dal\u0161\u00edm kl\u00e1n\u00ed o Sn\u011bmovnu a Strakovku.<\/span><\/p>\n<p><span>\u00a0 Arogance Petra Fialy u\u017e je neskute\u010dn\u00e1. Nen\u00ed to jen neopr\u00e1vn\u011bn\u00e9 sebev\u011bdom\u00ed, kter\u00fdm ostatn\u011b podobn\u011b h\u00fd\u0159\u00ed Pekarov\u00e1 Adamov\u00e1 z partnersk\u00e9 Top09, to u\u017e je n\u011bco v\u00edc. Jako by Fiala m\u011bl eso v ruk\u00e1vu. A cel\u00e1 opozice by m\u011bla zbyst\u0159it. Ta sebejistota destruktor\u016f \u010desk\u00e9ho st\u00e1tu je stra\u0161ideln\u00e1. Pt\u00e1te-li se, co by to mohlo b\u00fdt, pak t\u00fdm jsou koresponden\u010dn\u00ed volby a podvody s nimi spojen\u00e9, z\u00e1rove\u0148 d\u00e1n\u00ed volebn\u00edho pr\u00e1va lidem, kte\u0159\u00ed zde ne\u017eili, ne\u017eij\u00ed nebo \u017e\u00edt nebudou. V d\u016fsledku by u n\u00e1s mohlo hlasovat a\u017e 2 miliony re\u00e1ln\u00fdch cizinc\u016f a p\u0159ehlasovat je by znamenalo zmobilizovat v\u0161echny dostupn\u00e9 voli\u010de u n\u00e1s a postavit je proti sou\u010dasn\u00e9 vl\u00e1dn\u00ed koalici. Co\u017e je p\u0159i lenosti \u010desk\u00e9ho n\u00e1roda a jeho neochot\u011b rozhodovat si o sob\u011b nere\u00e1ln\u00ed.<\/span><\/p>\n<p><span>\u00a0 Fialova volebn\u00ed kampa\u0148 tak bude sm\u011b\u0159ovat p\u0159edev\u0161\u00edm za hranice. Sude\u0165\u00e1k\u016fm dost mo\u017en\u00e1 sl\u00edb\u00ed n\u00e1vrat do pohrani\u010d\u00ed \u010di n\u00e1hrady za zabaven\u00fd majetek, slibovan\u00fdm zru\u0161en\u00ed Bene\u0161ov\u00fdch dekret\u016f d\u00e1 nad\u011bj rodin\u00e1m kolaborant\u016f s nacistick\u00fdm re\u017eimem, emigrant\u016fm nab\u00eddne d\u016fchody. Mo\u017en\u00e1 se pokus\u00ed zapojit do voleb Ukrajince upl\u00e1cen\u00e9 na\u0161\u00edm soci\u00e1ln\u00edm syst\u00e9mem. D\u00e1le bude apelovat na LGBT komunitu s t\u00edm, \u017ee to man\u017eelstv\u00ed pro v\u0161echny p\u0159eci jen prosad\u00ed a t\u0159eba i jim postav\u00ed mno\u017e\u00edrny na d\u011bti umo\u017e\u0148uj\u00edc\u00ed ve velk\u00e9m n\u00e1hradn\u00ed mate\u0159stv\u00ed, p\u0159id\u00e1 i adopce do rodin poskl\u00e1dan\u00fdch z p\u00e1r\u016f stejn\u00e9ho pohlav\u00ed. K tomu p\u0159idejte 10% ignorant\u016f nevn\u00edmaj\u00edc\u00edch jeho lemplovstv\u00ed ve funkci a dost mo\u017en\u00e1 si na t\u011bch 30% s\u00e1hne.<\/span><\/p>\n<p><span>\u00a0 Pokud se v\u00e1m to nezd\u00e1, on z toho vych\u00e1z\u00ed a chyt\u00e1 se ka\u017ed\u00e9 mo\u017enosti, jak plnit nad\u00e1le pl\u00e1n rozkladu \u010cesk\u00e9 republiky. Vl\u00e1dnouc\u00ed \u0161p\u00edna se ne\u0161t\u00edt\u00ed ni\u010deho. Fiala nakonec snad mo\u017en\u00e1 poprv\u00e9 nekec\u00e1, jen zp\u016fsob, kter\u00e9ho chce vyu\u017e\u00edt, je prost\u011b \u0161\u00edlen\u00fd. V\u011bt\u0161\u00ed lump tu dosud u vl\u00e1dy nebyl, a to u\u017e jsme tady m\u011bli Topol\u00e1nka i Babi\u0161e. To je co \u0159\u00edct.<\/span><\/p>\n<p><a href=\"https:\/\/www.inadhled.live\/uvaha-dne\/velmi-rychle-zamysleni-a-varovani\/\">Jind\u0159ich Kulhav\u00fd<\/a><\/p>\n<p><img decoding=\"async\" loading=\"lazy\" class=\"alignnone size-full wp-image-48136\" src=\"http:\/\/www.infokuryr.cz\/n\/wp-content\/uploads\/2024\/02\/kulhavy-jindrich.jpg\" alt=\"\" width=\"219\" height=\"221\" srcset=\"https:\/\/www.infokuryr.cz\/n\/wp-content\/uploads\/2024\/02\/kulhavy-jindrich.jpg 219w, https:\/\/www.infokuryr.cz\/n\/wp-content\/uploads\/2024\/02\/kulhavy-jindrich-150x150.jpg 150w\" sizes=\"(max-width: 219px) 100vw, 219px\" \/><\/p>\n<p>&nbsp;<\/p>\n<\/div>\n","protected":false},"excerpt":{"rendered":"<p>Petr Fiala je lh\u00e1\u0159 a manipulant. O tom nen\u00ed sporu. A kdo o tom pochybuje,&#8230;<\/p>\n","protected":false},"author":2,"featured_media":66315,"comment_status":"closed","ping_status":"closed","sticky":false,"template":"","format":"standard","meta":[],"categories":[6],"tags":[1503,868,535,122],"_links":{"self":[{"href":"https:\/\/www.infokuryr.cz\/n\/wp-json\/wp\/v2\/posts\/66314"}],"collection":[{"href":"https:\/\/www.infokuryr.cz\/n\/wp-json\/wp\/v2\/posts"}],"about":[{"href":"https:\/\/www.infokuryr.cz\/n\/wp-json\/wp\/v2\/types\/post"}],"author":[{"embeddable":true,"href":"https:\/\/www.infokuryr.cz\/n\/wp-json\/wp\/v2\/users\/2"}],"replies":[{"embeddable":true,"href":"https:\/\/www.infokuryr.cz\/n\/wp-json\/wp\/v2\/comments?post=66314"}],"version-history":[{"count":0,"href":"https:\/\/www.infokuryr.cz\/n\/wp-json\/wp\/v2\/posts\/66314\/revisions"}],"wp:featuredmedia":[{"embeddable":true,"href":"https:\/\/www.infokuryr.cz\/n\/wp-json\/wp\/v2\/media\/66315"}],"wp:attachment":[{"href":"https:\/\/www.infokuryr.cz\/n\/wp-json\/wp\/v2\/media?parent=66314"}],"wp:term":[{"taxonomy":"category","embeddable":true,"href":"https:\/\/www.infokuryr.cz\/n\/wp-json\/wp\/v2\/categories?post=66314"},{"taxonomy":"post_tag","embeddable":true,"href":"https:\/\/www.infokuryr.cz\/n\/wp-json\/wp\/v2\/tags?post=66314"}],"curies":[{"name":"wp","href":"https:\/\/api.w.org\/{rel}","templated":true}]}}