{"id":66292,"date":"2024-11-16T00:44:26","date_gmt":"2024-11-15T23:44:26","guid":{"rendered":"https:\/\/www.infokuryr.cz\/n\/?p=66292"},"modified":"2024-11-15T15:15:20","modified_gmt":"2024-11-15T14:15:20","slug":"orban-srbsko-je-nejdulezitejsi-zemi-pokud-jde-o-bezpecnost-madarska","status":"publish","type":"post","link":"https:\/\/www.infokuryr.cz\/n\/2024\/11\/16\/orban-srbsko-je-nejdulezitejsi-zemi-pokud-jde-o-bezpecnost-madarska\/","title":{"rendered":"Orb\u00e1n: Srbsko je nejd\u016fle\u017eit\u011bj\u0161\u00ed zem\u00ed, pokud jde o bezpe\u010dnost Ma\u010farska"},"content":{"rendered":"<div id=\"fb-root\"><\/div>\n<h2 class=\"s-tagline fw-tagline\"><span>&#8222;Srbsko bude v\u017edy spojencem Ma\u010farska, stejn\u011b jako v\u00edme, \u017ee Ma\u010farsko bude v\u017edy spojencem Srbska&#8220;<\/span><\/h2>\n<div class=\"e-ct-outer\">\n<div class=\"entry-content rbct clearfix is-highlight-shares\">\n<p><span>Z hlediska ma\u010farsk\u00e9 bezpe\u010dnosti hraje Srbsko v\u00fdjime\u010dnou roli, a proto se l\u00edd\u0159i obou zem\u00ed rozhodli pro nov\u00e9 strategick\u00e9 investice do energetick\u00e9 p\u0159epravy a elektrick\u00e9 infrastruktury,\u00a0<\/span><a href=\"https:\/\/magyarnemzet.hu\/kulfold\/2024\/11\/orban-viktor-szerbia-a-legfontosabb-orszag-a-magyar-biztonsag-szempontjabol?_x_tr_hist=true\"><span>ozn\u00e1mil ve \u010dtvrtek<\/span><\/a><span>\u00a0ma\u010farsk\u00fd premi\u00e9r Viktor Orb\u00e1n po sch\u016fzce parlamentu. Rada pro strategickou spolupr\u00e1ci Ma\u010farska a Srbska.<\/span><\/p>\n<p><span>Na spole\u010dn\u00e9 tiskov\u00e9 konferenci se srbsk\u00fdm prezidentem Aleksandarem Vu\u010di\u0107em Orb\u00e1n \u0159ekl, \u017ee Srbsko a Ma\u010farsko budou spolupracovat na projektech souvisej\u00edc\u00edch s p\u0159epravou ropy, p\u0159epravou plynu, v\u00fdstavbou elektriza\u010dn\u00edch potrub\u00ed, jako\u017e i obchodem a skladov\u00e1n\u00edm zemn\u00edho plynu. Zmodernizuj\u00ed tak\u00e9 hrani\u010dn\u00ed p\u0159echod R\u00f6szke-Horgos.<\/span><\/p>\n<p><span>Orb\u00e1n pouk\u00e1zal na to, \u017ee Srbsko se stalo kritick\u00fdm a bezpe\u010dn\u00fdm energetick\u00fdm tranzitn\u00edm koridorem pro Ma\u010farsko, p\u0159i\u010dem\u017e dod\u00e1vky energie zem\u011b st\u00e1le v\u00edce jdou p\u0159es Srbsko kv\u016fli v\u00e1lce na Ukrajin\u011b.<\/span><\/p>\n<p><span>Mezi dal\u0161\u00ed ozn\u00e1men\u00ed pat\u0159ilo, \u017ee spole\u010dn\u00e1 v\u00fdm\u011bna elekt\u0159iny mezi ob\u011bma zem\u011bmi bude fungovat od konce roku; \u017eelezni\u010dn\u00ed tra\u0165 Budape\u0161\u0165 \u2013 B\u011blehrad bude dokon\u010dena do roku 2026; a d\u00e1lni\u010dn\u00ed hrani\u010dn\u00ed p\u0159echod R\u00f6szke-Horgos se stane \u201enejmodern\u011bj\u0161\u00edm, nejrychlej\u0161\u00edm a nejkultivovan\u011bj\u0161\u00edm hrani\u010dn\u00edm p\u0159echodem v Evrop\u011b\u201c.\u00a0<\/span><\/p>\n<p><span>Ob\u011b zem\u011b se nyn\u00ed mohou pochlubit asi 180 podepsan\u00fdmi spole\u010dn\u00fdmi dohodami, \u0159ekl Vu\u010di\u0107, s pl\u00e1ny na dal\u0161\u00ed rozvoj energetick\u00e9 spolupr\u00e1ce, pl\u00e1novan\u00e9 roz\u0161\u00ed\u0159en\u00ed hrani\u010dn\u00edho p\u0159echodu Horgos-R\u00f6szke a pos\u00edlen\u00ed vojensk\u00e9 spolupr\u00e1ce.\u00a0<\/span><\/p>\n<p><span>Srbsk\u00fd prezident tak\u00e9 pod\u011bkoval Ma\u010farsku za jeho podporu integraci Srbska do EU a zd\u016fraznil, \u017ee je d\u016fle\u017eit\u00e9, aby se ob\u011bma zem\u00edm poda\u0159ilo udr\u017eet se mimo rusko-ukrajinskou v\u00e1lku, kdy\u017e \u0159ekl: \u201ePokud nebude m\u00edr, neexistuje ekonomika, \u017e\u00e1dn\u00fd rozvoj, \u017e\u00e1dn\u00fd pokrok. v jak\u00e9koli soci\u00e1ln\u00ed oblasti.&#8220;<\/span><\/p>\n<p><span>Srbsk\u00e1 hlava st\u00e1tu uvedla, \u017ee ma\u010farsko-srbsk\u00e9 vztahy se v posledn\u00edch letech mnohem prohloubily z politick\u00e9ho a ekonomick\u00e9ho hlediska, ale tak\u00e9 z pohledu mezilidsk\u00fdch vztah\u016f. \u201eSrbsko bude v\u017edy spojencem Ma\u010farska, stejn\u011b jako v\u00edme, \u017ee Ma\u010farsko bude v\u017edy spojencem Srbska,\u201c \u0159ekl.\u00a0<\/span><\/p>\n<p><img decoding=\"async\" loading=\"lazy\" class=\"alignnone size-full wp-image-1185\" src=\"http:\/\/www.infokuryr.cz\/n\/wp-content\/uploads\/2021\/04\/kuryr-podpis.png\" alt=\"\" width=\"84\" height=\"24\" \/><\/p>\n<p>&nbsp;<\/p>\n<\/div>\n<\/div>\n","protected":false},"excerpt":{"rendered":"<p>&#8222;Srbsko bude v\u017edy spojencem Ma\u010farska, stejn\u011b jako v\u00edme, \u017ee Ma\u010farsko bude v\u017edy spojencem Srbska&#8220; Z&#8230;<\/p>\n","protected":false},"author":2,"featured_media":66293,"comment_status":"closed","ping_status":"closed","sticky":false,"template":"","format":"standard","meta":[],"categories":[7],"tags":[78,439,139],"_links":{"self":[{"href":"https:\/\/www.infokuryr.cz\/n\/wp-json\/wp\/v2\/posts\/66292"}],"collection":[{"href":"https:\/\/www.infokuryr.cz\/n\/wp-json\/wp\/v2\/posts"}],"about":[{"href":"https:\/\/www.infokuryr.cz\/n\/wp-json\/wp\/v2\/types\/post"}],"author":[{"embeddable":true,"href":"https:\/\/www.infokuryr.cz\/n\/wp-json\/wp\/v2\/users\/2"}],"replies":[{"embeddable":true,"href":"https:\/\/www.infokuryr.cz\/n\/wp-json\/wp\/v2\/comments?post=66292"}],"version-history":[{"count":0,"href":"https:\/\/www.infokuryr.cz\/n\/wp-json\/wp\/v2\/posts\/66292\/revisions"}],"wp:featuredmedia":[{"embeddable":true,"href":"https:\/\/www.infokuryr.cz\/n\/wp-json\/wp\/v2\/media\/66293"}],"wp:attachment":[{"href":"https:\/\/www.infokuryr.cz\/n\/wp-json\/wp\/v2\/media?parent=66292"}],"wp:term":[{"taxonomy":"category","embeddable":true,"href":"https:\/\/www.infokuryr.cz\/n\/wp-json\/wp\/v2\/categories?post=66292"},{"taxonomy":"post_tag","embeddable":true,"href":"https:\/\/www.infokuryr.cz\/n\/wp-json\/wp\/v2\/tags?post=66292"}],"curies":[{"name":"wp","href":"https:\/\/api.w.org\/{rel}","templated":true}]}}