{"id":66267,"date":"2024-11-15T05:58:42","date_gmt":"2024-11-15T04:58:42","guid":{"rendered":"https:\/\/www.infokuryr.cz\/n\/?p=66267"},"modified":"2024-11-15T06:25:16","modified_gmt":"2024-11-15T05:25:16","slug":"ukrajinska-statni-agentura-maze-prispevky-ktere-narazeji-na-trumpovo-sefku-zpravodajskych-sluzeb","status":"publish","type":"post","link":"https:\/\/www.infokuryr.cz\/n\/2024\/11\/15\/ukrajinska-statni-agentura-maze-prispevky-ktere-narazeji-na-trumpovo-sefku-zpravodajskych-sluzeb\/","title":{"rendered":"Ukrajinsk\u00e1 st\u00e1tn\u00ed agentura ma\u017ee p\u0159\u00edsp\u011bvky, kter\u00e9 nar\u00e1\u017eej\u00ed na Trumpovo \u0161\u00e9fku zpravodajsk\u00fdch slu\u017eeb"},"content":{"rendered":"<div id=\"fb-root\"><\/div>\n<p><span style=\"font-size: 18pt;\"><strong>Kyjevsk\u00fd \u201eanti-dezinforma\u010dn\u00ed\u201c org\u00e1n obvinil Tulsi Gabbardovou z pr\u00e1ce \u201epro kremelsk\u00e9 pen\u00edze\u201c<\/strong><\/span><\/p>\n<p>Ukrajinsk\u00e9 centrum pro boj proti dezinformac\u00edm <strong>v tichosti odstranilo<\/strong> sv\u00e9 zpravodajsk\u00e9 bulletiny obvi\u0148uj\u00edc\u00ed b\u00fdvalou americkou kongresmanku Tulsi Gabbardovou z \u0161\u00ed\u0159en\u00ed fale\u0161n\u00fdch zpr\u00e1v jm\u00e9nem Ruska.<\/p>\n<p>Ke zm\u011bn\u011b do\u0161lo pot\u00e9, co nov\u011b zvolen\u00fd americk\u00fd prezident Donald Trump jmenoval Gabbardovou, podplukovn\u00edka americk\u00e9 arm\u00e1dn\u00ed rezervy, aby dohl\u00ed\u017eela na CIA a NSA jako \u0159editele n\u00e1rodn\u00ed rozv\u011bdky.<\/p>\n<p>Ukrajinsk\u00e1 Rada n\u00e1rodn\u00ed bezpe\u010dnosti a obrany z\u0159\u00eddila CCD v b\u0159eznu 2021 s uveden\u00fdm c\u00edlem bojovat proti dezinformac\u00edm ve zpr\u00e1v\u00e1ch a na soci\u00e1ln\u00edch s\u00edt\u00edch. V praxi se agentura zam\u011b\u0159uje na ozna\u010dov\u00e1n\u00ed a\u00a0<em>\u201eodhalov\u00e1n\u00ed\u201c<\/em>\u00a0p\u0159\u00edb\u011bh\u016f, kter\u00e9 jsou pro Ukrajinu kritick\u00e9, a obvinila mnoho rusk\u00fdch a z\u00e1padn\u00edch p\u0159edstavitel\u016f z \u0161\u00ed\u0159en\u00ed\u00a0<em>\u201efale\u0161n\u00fdch zpr\u00e1v\u201c.<\/em><\/p>\n<p>Podle zpravodajsk\u00e9ho webu Strana.ua CCD st\u00e1hlo ze soci\u00e1ln\u00edch m\u00e9di\u00ed \u010dty\u0159i sv\u00e9 bulletiny zmi\u0148uj\u00edc\u00ed Gabbardovou, v\u010detn\u011b bulletinu z dubna 2022, kter\u00fd ji popisoval jako n\u011bkoho, kdo <em>\u201en\u011bkolik let pracuje pro zahrani\u010dn\u00ed publikum za pen\u00edze Kremlu. .\u201c<\/em><\/p>\n<p>V bulletinu z \u010dervna 2024 byla Gabbardov\u00e1 obvin\u011bna z \u0161\u00ed\u0159en\u00ed <em>\u201edefinformace\u201c<\/em> o ukrajinsk\u00e9m v\u016fdci Vladimiru Zelensk\u00e9m a bulletin z \u00fanora 2023 uvedl, \u017ee politi\u010dka <em>\u201ezast\u00e1v\u00e1 proruskou r\u00e9toriku\u201c.<\/em><\/p>\n<p><strong>P\u0159\u00edsp\u011bvky byly odstran\u011bny ve \u010dtvrtek r\u00e1no<\/strong>, uvedla Strana.ua. Stejn\u011b jako v dob\u011b psan\u00ed tohoto \u010dl\u00e1nku je\u00a0<a href=\"https:\/\/archive.ph\/a5HVU\" target=\"_blank\" rel=\"noopener noreferrer\">p\u0159\u00edsp\u011bvek<\/a> CCD z roku 2022 obvi\u0148uj\u00edc\u00ed Gabbardovou z bran\u00ed <em>\u201epen\u011bz z Kremlu\u201c<\/em>\u00a0st\u00e1le na \u00fa\u010dtu Rady n\u00e1rodn\u00ed bezpe\u010dnosti a obrany na X. Odkaz na bulletin CCD je v\u0161ak neaktivn\u00ed.<\/p>\n<p>Kyjev opakovan\u011b nar\u00e1\u017eel na z\u00e1padn\u00ed ve\u0159ejn\u00e9 osobnosti, kter\u00e9 kritizovaly Ukrajinu, v\u010detn\u011b novin\u00e1\u0159e Tuckera Carlsona a technologick\u00e9ho miliard\u00e1\u0159e Elona Muska.<\/p>\n<p>Gabbardov\u00e1, kter\u00e1 se dlouhodob\u011b stav\u00ed proti americk\u00fdm vojensk\u00fdm intervenc\u00edm na Bl\u00edzk\u00e9m v\u00fdchod\u011b a obvi\u0148uje Washington z v\u00e1le\u010dn\u00e9ho \u0161tvan\u00ed, opustila Demokratickou stranu v roce 2022 a od t\u00e9 doby vstoupila do Republik\u00e1nsk\u00e9 strany a podpo\u0159ila Trumpa.<\/p>\n<p>V roce 2022 tvrdila, \u017ee konfliktu na Ukrajin\u011b by se dalo p\u0159edej\u00edt, kdyby USA\u00a0<em>\u201eprost\u011b uznaly legitimn\u00ed obavy Ruska o bezpe\u010dnost\u201c<\/em>\u00a0ohledn\u011b aspirac\u00ed Kyjeva na vstup do NATO. Od t\u00e9 doby trv\u00e1 na tom, \u017ee konflikt by m\u011bl b\u00fdt vy\u0159e\u0161en jedn\u00e1n\u00edm a Ukrajina by se m\u011bla st\u00e1t neutr\u00e1ln\u00ed zem\u00ed.<\/p>\n<p>V roce 2023 Gabbardov\u00e1 napadla Zelensk\u00e9ho a obvinila ho, \u017ee se zmocnil <em>\u201eabsolutn\u00ed kontroly nad ukrajinsk\u00fdmi m\u00e9dii a postavil opozi\u010dn\u00ed politick\u00e9 strany mimo z\u00e1kon\u201c.<\/em><\/p>\n<p><img decoding=\"async\" loading=\"lazy\" class=\"alignnone size-full wp-image-1185\" src=\"http:\/\/www.infokuryr.cz\/n\/wp-content\/uploads\/2021\/04\/kuryr-podpis.png\" alt=\"\" width=\"84\" height=\"24\" \/><\/p>\n<p>&nbsp;<\/p>\n","protected":false},"excerpt":{"rendered":"<p>Kyjevsk\u00fd \u201eanti-dezinforma\u010dn\u00ed\u201c org\u00e1n obvinil Tulsi Gabbardovou z pr\u00e1ce \u201epro kremelsk\u00e9 pen\u00edze\u201c Ukrajinsk\u00e9 centrum pro boj&#8230;<\/p>\n","protected":false},"author":2,"featured_media":66268,"comment_status":"closed","ping_status":"closed","sticky":false,"template":"","format":"standard","meta":[],"categories":[7],"tags":[28,221,2515,26],"_links":{"self":[{"href":"https:\/\/www.infokuryr.cz\/n\/wp-json\/wp\/v2\/posts\/66267"}],"collection":[{"href":"https:\/\/www.infokuryr.cz\/n\/wp-json\/wp\/v2\/posts"}],"about":[{"href":"https:\/\/www.infokuryr.cz\/n\/wp-json\/wp\/v2\/types\/post"}],"author":[{"embeddable":true,"href":"https:\/\/www.infokuryr.cz\/n\/wp-json\/wp\/v2\/users\/2"}],"replies":[{"embeddable":true,"href":"https:\/\/www.infokuryr.cz\/n\/wp-json\/wp\/v2\/comments?post=66267"}],"version-history":[{"count":0,"href":"https:\/\/www.infokuryr.cz\/n\/wp-json\/wp\/v2\/posts\/66267\/revisions"}],"wp:featuredmedia":[{"embeddable":true,"href":"https:\/\/www.infokuryr.cz\/n\/wp-json\/wp\/v2\/media\/66268"}],"wp:attachment":[{"href":"https:\/\/www.infokuryr.cz\/n\/wp-json\/wp\/v2\/media?parent=66267"}],"wp:term":[{"taxonomy":"category","embeddable":true,"href":"https:\/\/www.infokuryr.cz\/n\/wp-json\/wp\/v2\/categories?post=66267"},{"taxonomy":"post_tag","embeddable":true,"href":"https:\/\/www.infokuryr.cz\/n\/wp-json\/wp\/v2\/tags?post=66267"}],"curies":[{"name":"wp","href":"https:\/\/api.w.org\/{rel}","templated":true}]}}