{"id":66260,"date":"2024-11-15T05:38:31","date_gmt":"2024-11-15T04:38:31","guid":{"rendered":"https:\/\/www.infokuryr.cz\/n\/?p=66260"},"modified":"2024-11-15T05:38:31","modified_gmt":"2024-11-15T04:38:31","slug":"milei-a-trump-oznamuji-argentinsko-americky-pakt","status":"publish","type":"post","link":"https:\/\/www.infokuryr.cz\/n\/2024\/11\/15\/milei-a-trump-oznamuji-argentinsko-americky-pakt\/","title":{"rendered":"Milei a Trump oznamuj\u00ed argentinsko-americk\u00fd pakt"},"content":{"rendered":"<div id=\"fb-root\"><\/div>\n<p><span style=\"font-size: 18pt;\"><strong>Bezprecedentn\u00ed obchodn\u00ed a vojensk\u00e1 dohoda by Mercosur obe\u0161la, uv\u00e1d\u011bj\u00ed zpr\u00e1vy<\/strong><\/span><\/p>\n<p><span>Argentinsk\u00fd prezident Javier Milei hodl\u00e1 podle m\u00e9di\u00ed v Buenos Aires ozn\u00e1mit nov\u00fd pakt s USA p\u0159i n\u00e1v\u0161t\u011bv\u011b zvolen\u00e9ho prezidenta Donalda Trumpa v jeho rezidenci na Florid\u011b.<\/span><\/p>\n<p><span>Libertari\u00e1nsk\u00fd politik provedl za necel\u00fd rok od doby, kdy je prezidentem, z\u00e1sadn\u00ed \u0161krty v argentinsk\u00e9m vl\u00e1dn\u00edm apar\u00e1tu. Do Mar-a-Lago dorazil ve \u010dtvrtek na akci investor\u016f, kter\u00e1 m\u00e1 trvat do soboty.<\/span><\/p>\n<p><span>Podle zpr\u00e1v argentinsk\u00fdch m\u00e9di\u00ed\u00a0se o\u010dek\u00e1v\u00e1, \u017ee Milei ve sv\u00e9m projevu na summitu investor\u016f na Konferenci konzervativn\u00edch politick\u00fdch akc\u00ed (CPAC) vyz\u00fdv\u00e1 k vytvo\u0159en\u00ed\u00a0<\/span><em><span>\u201eligy konzervativn\u00edch n\u00e1rod\u016f\u201c<\/span><\/em><span>\u00a0. \u00dadajn\u011b chce uzav\u0159\u00edt pakt s USA, kter\u00fd by se zav\u00e1zal ke\u00a0<\/span><em><span>\u201esvobod\u011b obchodu a vojensk\u00e9 spolupr\u00e1ci\u201c.<\/span><\/em><\/p>\n<p><span>Milei douf\u00e1, \u017ee Trumpovo v\u00edt\u011bzstv\u00ed v prezidentsk\u00fdch volb\u00e1ch v USA minul\u00fd t\u00fdden usnadn\u00ed Argentin\u011b jedn\u00e1n\u00ed s Mezin\u00e1rodn\u00edm m\u011bnov\u00fdm fondem (MMF) o dluhu v hodnot\u011b 44 miliard dolar\u016f. Ministr hospod\u00e1\u0159stv\u00ed Luis Caputo \u0159ekl, \u017ee by cht\u011bl vyplacen\u00ed 10 milion\u016f dolar\u016f na pos\u00edlen\u00ed rezerv centr\u00e1ln\u00ed banky a odstran\u011bn\u00ed kapit\u00e1lov\u00fdch kontrol.<\/span><\/p>\n<p><span>Argentina m\u00e1 z\u00e1jem o nav\u00e1z\u00e1n\u00ed u\u017e\u0161\u00edch vazeb mezi americkou \u00dast\u0159edn\u00ed zpravodajskou slu\u017ebou (CIA) a jej\u00edm St\u00e1tn\u00edm zpravodajsk\u00fdm sekretari\u00e1tem (SIDE).<\/span><\/p>\n<p><span>Za\u010d\u00e1tkem tohoto t\u00fddne Milei pochv\u00e1lil Trumpa za\u00a0<\/span><em><span>\u201ekop\u00edrov\u00e1n\u00ed na\u0161eho modelu\u201c<\/span><\/em><span>\u00a0za osek\u00e1v\u00e1n\u00ed vl\u00e1dn\u00ed byrokracie a odhalil, \u017ee jeho ministr pro deregulaci a st\u00e1tn\u00ed transformaci Federico Sturzenegger byl v kontaktu s technologick\u00fdm miliard\u00e1\u0159em Elonem Muskem,\u00a0<\/span><em><span>\u201eaby vid\u011bl, jak deregulovat americkou ekonomiku\u201c.<\/span><\/em><\/p>\n<p><span>Trump ned\u00e1vno jmenoval Muska do Department of Government Efficiency (DOGE), mimovl\u00e1dn\u00ed agentury pov\u011b\u0159en\u00e9 \u0161krty a reformami ve Washingtonu, s mand\u00e1tem do 4. \u010dervence 2026. Milei a Musk se \u00fadajn\u011b maj\u00ed setkat na Florid\u011b.<\/span><\/p>\n<p><span>Obchodn\u00ed pakt Milei s USA by byl pro Mercosur, organizaci ji\u017en\u00edho spole\u010dn\u00e9ho trhu, kter\u00e1 zahrnuje Argentinu, Bol\u00edvii, Braz\u00edlii, Paraguay a Uruguay, velkou ranou. Blok se v sou\u010dasn\u00e9 dob\u011b pokou\u0161\u00ed vyjednat obchodn\u00ed dohodu s EU.<\/span><\/p>\n<p><span>Po sv\u00e9 cest\u011b do Mar-a-Lago m\u00e1 Milei v sobotu v Buenos Aires hostit francouzsk\u00e9ho prezidenta Emmanuela Macrona, v pond\u011bl\u00ed se z\u00fa\u010dastn\u00ed summitu l\u00eddr\u016f G20 v Braz\u00edlii a p\u0159\u00ed\u0161t\u00ed st\u0159edu odlet\u00ed zp\u011bt do Argentiny, kde bude hostit italsk\u00e9ho premi\u00e9ra Giorgia Meloniho.<\/span><\/p>\n<p><span>Ve \u010dtvrtek po rozhovoru s Trumpem Milei odvolal svou delegaci z klimatick\u00e9 konference OSN (COP29) v \u00c1zerb\u00e1jd\u017e\u00e1nu.<\/span><\/p>\n<p><img decoding=\"async\" loading=\"lazy\" class=\"alignnone size-full wp-image-1185\" src=\"http:\/\/www.infokuryr.cz\/n\/wp-content\/uploads\/2021\/04\/kuryr-podpis.png\" alt=\"\" width=\"84\" height=\"24\" \/><\/p>\n<p>&nbsp;<\/p>\n","protected":false},"excerpt":{"rendered":"<p>Bezprecedentn\u00ed obchodn\u00ed a vojensk\u00e1 dohoda by Mercosur obe\u0161la, uv\u00e1d\u011bj\u00ed zpr\u00e1vy Argentinsk\u00fd prezident Javier Milei hodl\u00e1&#8230;<\/p>\n","protected":false},"author":2,"featured_media":42256,"comment_status":"closed","ping_status":"closed","sticky":false,"template":"","format":"standard","meta":[],"categories":[7],"tags":[756,7949,452,37],"_links":{"self":[{"href":"https:\/\/www.infokuryr.cz\/n\/wp-json\/wp\/v2\/posts\/66260"}],"collection":[{"href":"https:\/\/www.infokuryr.cz\/n\/wp-json\/wp\/v2\/posts"}],"about":[{"href":"https:\/\/www.infokuryr.cz\/n\/wp-json\/wp\/v2\/types\/post"}],"author":[{"embeddable":true,"href":"https:\/\/www.infokuryr.cz\/n\/wp-json\/wp\/v2\/users\/2"}],"replies":[{"embeddable":true,"href":"https:\/\/www.infokuryr.cz\/n\/wp-json\/wp\/v2\/comments?post=66260"}],"version-history":[{"count":0,"href":"https:\/\/www.infokuryr.cz\/n\/wp-json\/wp\/v2\/posts\/66260\/revisions"}],"wp:featuredmedia":[{"embeddable":true,"href":"https:\/\/www.infokuryr.cz\/n\/wp-json\/wp\/v2\/media\/42256"}],"wp:attachment":[{"href":"https:\/\/www.infokuryr.cz\/n\/wp-json\/wp\/v2\/media?parent=66260"}],"wp:term":[{"taxonomy":"category","embeddable":true,"href":"https:\/\/www.infokuryr.cz\/n\/wp-json\/wp\/v2\/categories?post=66260"},{"taxonomy":"post_tag","embeddable":true,"href":"https:\/\/www.infokuryr.cz\/n\/wp-json\/wp\/v2\/tags?post=66260"}],"curies":[{"name":"wp","href":"https:\/\/api.w.org\/{rel}","templated":true}]}}