{"id":6626,"date":"2021-12-04T04:02:05","date_gmt":"2021-12-04T03:02:05","guid":{"rendered":"http:\/\/www.infokuryr.cz\/n\/?p=6626"},"modified":"2021-12-04T04:18:11","modified_gmt":"2021-12-04T03:18:11","slug":"zrada-vyslancu-cr-a-sr-vcera-proti-zlevneni-elektriny-a-plynu-spolecne-s-berlinem-za-zdrazovani","status":"publish","type":"post","link":"https:\/\/www.infokuryr.cz\/n\/2021\/12\/04\/zrada-vyslancu-cr-a-sr-vcera-proti-zlevneni-elektriny-a-plynu-spolecne-s-berlinem-za-zdrazovani\/","title":{"rendered":"Zrada vyslanc\u016f! \u010cR a SR  proti zlevn\u011bn\u00ed elekt\u0159iny a plynu! Spole\u010dn\u011b s Berl\u00ednem za zdra\u017eov\u00e1n\u00ed!"},"content":{"rendered":"<div id=\"fb-root\"><\/div>\n<p><strong>Dne 2.12.2021 p\u0159edlo\u017eilo \u0160pan\u011blsko n\u00e1vrh skupiny zem\u00ed EU, jak sn\u00ed\u017eit ceny elekt\u0159iny a plynu pro oby\u010dejn\u00e9 ob\u010dany! A\u010dkoli se Babi\u0161 v <a class=\"urlextern\" title=\"https:\/\/echo24.cz\/a\/SAHGJ\/babis-se-kasa-velkym-uspechem-v-eu-ceny-energii-se-nevyresily-namita-fiala\" href=\"https:\/\/echo24.cz\/a\/SAHGJ\/babis-se-kasa-velkym-uspechem-v-eu-ceny-energii-se-nevyresily-namita-fiala\" rel=\"nofollow\">\u0159\u00edjnu kasal<\/a>, \u017ee sn\u00ed\u017een\u00ed cen v Bruselu za\u0159\u00edd\u00ed, a 6.10.2021 spole\u010dn\u011b se \u0161pan\u011blsk\u00fdm premi\u00e9rem<\/strong>\u00a0(MAP 1004)\u00a0<strong>pl\u00e1n na zlevn\u011bn\u00ed elekt\u0159iny a plynu ozn\u00e1mil &#8211;\u00a0 jeho ministr Havl\u00ed\u010dek spole\u010dn\u011b se slovenskou vyslankyn\u00ed <\/strong>(Slovensko neposlalo do Bruselu ani ministra!)<strong>\u00a0na jedn\u00e1n\u00ed vychvaloval Bruselskou politiku energetick\u00fdch spekulac\u00ed a\u00a0<a class=\"urlextern\" title=\"https:\/\/twitter.com\/germanyintheeu\/status\/1466054976724246533?s=20\" href=\"https:\/\/twitter.com\/germanyintheeu\/status\/1466054976724246533?s=20\" rel=\"nofollow\">podporoval tzv. Berl\u00ednskou koalici<\/a>, kter\u00e1 zabr\u00e1nila jak\u00fdmkoli zm\u011bn\u00e1m, kter\u00e9 by vedly ke sni\u017eov\u00e1n\u00ed cen elekt\u0159iny a plynu.<\/strong><\/p>\n<p><a class=\"media\" title=\"teresa_to_miki.jpg\" href=\"http:\/\/michalapetr.cz\/lib\/exe\/detail.php?id=start&amp;media=teresa_to_miki.jpg\"><img decoding=\"async\" class=\"mediacenter\" src=\"http:\/\/michalapetr.cz\/lib\/exe\/fetch.php?w=400&amp;tok=dd5ccc&amp;media=teresa_to_miki.jpg\" alt=\"\" width=\"400\" \/><\/a><\/p>\n<p><em>(Foto Vpravo Ministryn\u011b Teresa Ribera, \u0160pan\u011blsko, a Barbara Pompili, Francie)<\/em><\/p>\n<p>Spole\u010dn\u00fd n\u00e1vrh po\u017eaduj\u00edc\u00ed opat\u0159en\u00ed vedouc\u00ed ke sn\u00ed\u017een\u00ed cen na jedn\u00e1n\u00ed p\u0159edlo\u017eila \u0161pan\u011blsk\u00e1 ministryn\u011b Teresa Ribera. Podstata n\u00e1vrhu se n\u00e1padn\u011b shodovala s opat\u0159en\u00edmi, kter\u00e9\u00a0<strong><a class=\"urlextern\" title=\"https:\/\/www.parlamentnilisty.cz\/arena\/monitor\/USA-a-Nemecko-vam-zdrazuji-elektrinu-Vitaskova-a-spol-ukazali-fakta-A-reseni-685259\" href=\"https:\/\/www.parlamentnilisty.cz\/arena\/monitor\/USA-a-Nemecko-vam-zdrazuji-elektrinu-Vitaskova-a-spol-ukazali-fakta-A-reseni-685259\" rel=\"nofollow\">navrhl v pond\u011bl\u00ed 1.12.21 panel nez\u00e1visl\u00fdch odborn\u00edk\u016f veden\u00fd Alenou Vit\u00e1skou<\/a><\/strong>. Oba n\u00e1vrhy na sn\u00ed\u017een\u00ed cen po\u017eadovaly, aby zem\u011b EU mohly vytv\u00e1\u0159et vlastn\u00ed ceny elekt\u0159iny, nez\u00e1visl\u00e9 na N\u011bmecku, tak aby odr\u00e1\u017eely jejich ni\u017e\u0161\u00ed v\u00fdrobn\u00ed n\u00e1klady. \u0160pan\u011blsk\u00fd n\u00e1vrh nav\u00edc po\u010d\u00edtal s p\u0159\u00edsnou regulac\u00ed energo-\u0161mejd\u016f, mo\u017enost\u00ed dod\u00e1vat energie ob\u010dan\u016fm v nouzi za v\u00fdrobn\u00ed ceny, z\u00e1kaz spekulac\u00ed s emisn\u00edmi povolenkami a p\u0159\u00edsnou regulaci cen energi\u00ed &#8211; tedy omezen\u00ed voln\u00e9ho trhu pro p\u0159ekupov\u00e1n\u00ed energi\u00ed.<\/p>\n<p>Proti n\u00e1vrhu se postavila Berl\u00ednsk\u00e1 koalice slo\u017een\u00e1 ze zem\u00ed, kter\u00e9 maj\u00ed bu\u010f drahou elekt\u0159inu, z\u00e1vis\u00ed na plynu a nebo jsou proti jadern\u00e9 energii! Tuto koalici nepochopiteln\u011b (Ti\u0161e!) podpo\u0159ilo \u010cesko i Slovensko!<\/p>\n<p>Ministr Havl\u00ed\u010dek v\u010dera \u0159ekl -, \u017ee o\u010dek\u00e1v\u00e1, \u017ee dojde k dal\u0161\u00edmu zdra\u017eov\u00e1n\u00ed energi\u00ed hned na po\u010d\u00e1tku p\u0159\u00ed\u0161t\u00edho roku. A \u017ee v \u010cesku je 1 milion ob\u011bt\u00ed energo-\u0161mejd\u016f. (\u0158\u00edkal jim alternativn\u00ed dodavatel\u00e9) Komick\u00e9 na vystoupen\u00ed Havl\u00ed\u010dka v Bruselu bylo, \u017ee ofici\u00e1ln\u00ed p\u0159ekladatelka do \u010de\u0161tiny ho nebyla schopna srozumiteln\u011b p\u0159ekl\u00e1dat! (Nediv\u00edm se.) Proto si poslechn\u011bte i p\u0159eklad do Sloven\u0161tiny. Zjist\u00edte, \u017ee Brusel u\u017e nen\u00ed schopen ani p\u0159ekl\u00e1dat, co minist\u0159i mektaj\u00ed na ofici\u00e1ln\u00edch jedn\u00e1n\u00edch! Babylon!<\/p>\n<p>Z\u00e1znam Havl\u00ed\u010dka je v \u010dase 14.49 a z\u00e1znam Slovensk\u00e9 \u00fa\u010dastnice jedn\u00e1n\u00ed je v \u010dase 14.42\u00a0<a class=\"urlextern\" title=\"https:\/\/video.consilium.europa.eu\/event\/en\/25246\" href=\"https:\/\/video.consilium.europa.eu\/event\/en\/25246\" rel=\"nofollow\">tohoto z\u00e1znamu jedn\u00e1n\u00ed.<\/a>\u00a0Nic zaj\u00edmav\u00e9ho ne\u0159eknou &#8211; pouze \u201evychvaluj\u00ed\u201c Brusel. Ani slovo o podpo\u0159e \u0160pan\u011blsk\u00e9ho n\u00e1vrhu od nich nezazn\u00ed.<\/p>\n<p>N\u00e1vrh na sn\u00ed\u017een\u00ed cen elekt\u0159iny a plynu p\u0159edlo\u017eily\u00a0<a class=\"urlextern\" title=\"https:\/\/www.ekathimerini.com\/economy\/1172945\/eu-countries-struggle-to-find-joint-response-to-energy-price-spike\/\" href=\"https:\/\/www.ekathimerini.com\/economy\/1172945\/eu-countries-struggle-to-find-joint-response-to-energy-price-spike\/\" rel=\"nofollow\">\u0160pan\u011blsko, Francie, It\u00e1lie, \u0158ecko a Rumunsko<\/a>.<\/p>\n<p>Velk\u00fdmi\u00a0<a class=\"urlextern\" title=\"https:\/\/www.gatesnotes.com\/Energy\/Reflections-from-COP26\" href=\"https:\/\/www.gatesnotes.com\/Energy\/Reflections-from-COP26\" rel=\"nofollow\">zast\u00e1nci drah\u00e9 energie<\/a>\u00a0pro Evropany jsou Gates a Soros. Oba vyv\u00edjej\u00ed tzv. Tokamak, a\u00a0<a class=\"urlextern\" title=\"https:\/\/www.seznamzpravy.cz\/clanek\/tech-absolutni-rekord-firma-stavici-umele-slunce-dostala-40-miliard-182359\" href=\"https:\/\/www.seznamzpravy.cz\/clanek\/tech-absolutni-rekord-firma-stavici-umele-slunce-dostala-40-miliard-182359\" rel=\"nofollow\">podle Seznam.cz jsou kousek od \u00fasp\u011bchu<\/a>. To je ov\u0161em zaj\u00edmav\u00e9, proto\u017ee, kdo poskytne \u0159e\u0161en\u00ed drah\u00fdch energi\u00ed vyd\u011bl\u00e1 biliony! Obzvl\u00e1\u0161t\u011b pokud p\u0159ed t\u00edm za\u0159\u00edd\u00ed, \u017ee popt\u00e1vka a ceny vzrostou! Mimochodem typick\u00e9 \u0159e\u0161en\u00ed a l\u00e1 Soros, jak jsme odvys\u00edlali v \u0159ad\u011b p\u0159edchoz\u00edch d\u00edl\u016f o jeho \u201ez\u00e1zra\u010dn\u00fdch\u201c spekulac\u00edch! Nicm\u00e9n\u011b toto je zat\u00edm pouze konspira\u010dn\u00ed \u00favaha.<\/p>\n<p><a class=\"media\" title=\"kokolkjiuk.jpg\" href=\"http:\/\/michalapetr.cz\/lib\/exe\/detail.php?id=start&amp;media=kokolkjiuk.jpg\"><img decoding=\"async\" class=\"mediacenter\" src=\"http:\/\/michalapetr.cz\/lib\/exe\/fetch.php?w=400&amp;tok=3419ce&amp;media=kokolkjiuk.jpg\" alt=\"\" width=\"400\" \/><\/a><\/p>\n<p>Zde je n\u00e1vrh \u0160pan\u011blska a spol. na zlevn\u011bn\u00ed energi\u00ed:\u00a0<strong><a class=\"media mediafile mf_pdf\" title=\"non-paper-energy-price-fr-es-it-ro-el.pdf (121\u00a0KB)\" href=\"http:\/\/michalapetr.cz\/lib\/exe\/fetch.php?media=non-paper-energy-price-fr-es-it-ro-el.pdf\">non-paper-energy-price-fr-es-it-ro-el.pdf<\/a><\/strong><\/p>\n<p><a href=\"http:\/\/michalapetr.cz\/doku.php\">ZDROJ<\/a><\/p>\n<p>&nbsp;<\/p>\n","protected":false},"excerpt":{"rendered":"<p>Dne 2.12.2021 p\u0159edlo\u017eilo \u0160pan\u011blsko n\u00e1vrh skupiny zem\u00ed EU, jak sn\u00ed\u017eit ceny elekt\u0159iny a plynu pro&#8230;<\/p>\n","protected":false},"author":2,"featured_media":6627,"comment_status":"closed","ping_status":"closed","sticky":false,"template":"","format":"standard","meta":[],"categories":[6],"tags":[1299,285,1008,849],"_links":{"self":[{"href":"https:\/\/www.infokuryr.cz\/n\/wp-json\/wp\/v2\/posts\/6626"}],"collection":[{"href":"https:\/\/www.infokuryr.cz\/n\/wp-json\/wp\/v2\/posts"}],"about":[{"href":"https:\/\/www.infokuryr.cz\/n\/wp-json\/wp\/v2\/types\/post"}],"author":[{"embeddable":true,"href":"https:\/\/www.infokuryr.cz\/n\/wp-json\/wp\/v2\/users\/2"}],"replies":[{"embeddable":true,"href":"https:\/\/www.infokuryr.cz\/n\/wp-json\/wp\/v2\/comments?post=6626"}],"version-history":[{"count":0,"href":"https:\/\/www.infokuryr.cz\/n\/wp-json\/wp\/v2\/posts\/6626\/revisions"}],"wp:featuredmedia":[{"embeddable":true,"href":"https:\/\/www.infokuryr.cz\/n\/wp-json\/wp\/v2\/media\/6627"}],"wp:attachment":[{"href":"https:\/\/www.infokuryr.cz\/n\/wp-json\/wp\/v2\/media?parent=6626"}],"wp:term":[{"taxonomy":"category","embeddable":true,"href":"https:\/\/www.infokuryr.cz\/n\/wp-json\/wp\/v2\/categories?post=6626"},{"taxonomy":"post_tag","embeddable":true,"href":"https:\/\/www.infokuryr.cz\/n\/wp-json\/wp\/v2\/tags?post=6626"}],"curies":[{"name":"wp","href":"https:\/\/api.w.org\/{rel}","templated":true}]}}